{"id":666190,"date":"2026-09-05T10:44:22","date_gmt":"2026-09-05T10:44:22","guid":{"rendered":"https:\/\/www.europesays.com\/it\/666190\/"},"modified":"2026-09-05T10:44:22","modified_gmt":"2026-09-05T10:44:22","slug":"gianluca-zambrotta-intervista-vicario-lucumi-ok-davanti-preferisco-ramos","status":"publish","type":"post","link":"https:\/\/www.europesays.com\/it\/666190\/","title":{"rendered":"Gianluca Zambrotta, intervista: &#8220;Vicario-Lucumi ok. Davanti preferisco Ramos&#8221;"},"content":{"rendered":"<p>                                Il doppio ex di Juventus-Milan: &#8220;Finalmente un portiere italiano in bianconero. Il colombiano e Bremer sono al top. Gon\u00e7alo  pericoloso: ora  pi\u00f9 gol&#8221;<\/p>\n<p>            <a class=\"image is-50x50\" href=\"https:\/\/www.gazzetta.it\/redazione\/matteo-nava\/\" rel=\"nofollow noopener\" target=\"_blank\"><br \/>\n                <img decoding=\"async\" class=\"is-rounded\" src=\"https:\/\/www.europesays.com\/it\/wp-content\/uploads\/2025\/11\/matteo_nava_avatar.png\" alt=\"Matteo Nava\"\/><br \/>\n            <\/a><\/p>\n<p>Giornalista<\/p>\n<p>                    5 settembre &#8211; 09:03  &#8211; MILANO<\/p>\n<p class=\"paragraph\" spellcheck=\"true\">Signore e signori, Gianluca Zambrotta, l\u2019uomo di <a href=\"https:\/\/www.gazzetta.it\/Calcio\/Serie-A\/Juventus\/04-09-2026\/juve-milan-perche-alajbegovic-non-gioca-e-cisse-e-titolare.shtml?intcmp=hyperlink-articolo-gazit\" title=\"Juve-Milan, il mondo al contrario dei talentini: la sorpresa Cisse gioca, il predestinato Alajbegovic no\" target=\"_blank\" rel=\"nofollow noopener\">Juventus-Milan<\/a>: 297 partite con la Signora e 107 con il Diavolo, tre scudetti e un Mondiale in bacheca.\u00a0<\/p>\n<p class=\"paragraph\" spellcheck=\"true\"><b>Juventus-Milan arriva a soli cinque giorni dalla chiusura del calciomercato: \u00e8 un problema?\u00a0<\/b><\/p>\n<p class=\"paragraph\" spellcheck=\"true\">\u201cSicuramente non va a genio agli allenatori, per\u00f2 non vedo novit\u00e0 stravolgenti: gli ultimi arrivati possono entrare a gara in corso\u201d.\u00a0<\/p>\n<p class=\"paragraph\" spellcheck=\"true\"><b>L\u2019altro lato della medaglia \u00e8 la settimana intera per prepararsi.\u00a0<\/b><\/p>\n<p class=\"paragraph\" spellcheck=\"true\">\u201cS\u00ec, hanno avuto il tempo necessario ed \u00e8 fondamentale, perch\u00e9 per entrambe arriva la prima partita vera: non hanno ancora affrontato squadre di vertice\u201d.\u00a0<\/p>\n<p class=\"paragraph\" spellcheck=\"true\"><b>Sono a punteggio pieno: che spinta pu\u00f2 dare un tris contro una diretta concorrente?\u00a0<\/b><\/p>\n<p class=\"paragraph\" spellcheck=\"true\">\u201cVincere sposter\u00e0 tanto a livello di mentalit\u00e0, di motivazione, di entusiasmo. Si capir\u00e0 a che punto sono. La Juventus gioca in casa e quindi avr\u00e0 un piccolo vantaggio, ma il Milan l\u2019ho visto meglio. Per\u00f2 nel big match tutto cambia: motivazioni,  stadio pieno, una settimana in cui si parla solo di questa gara. Quando arrivano queste partite non conta la condizione, ma la mentalit\u00e0, e la motivazione arriva in automatico\u201d.\u00a0<\/p>\n<p class=\"paragraph\" spellcheck=\"true\"><b>Approva la scelta di Ruben Amorim?\u00a0<\/b><\/p>\n<p class=\"paragraph\" spellcheck=\"true\">\u201cMi \u00e8 piaciuto il cambio di mentalit\u00e0 che \u00e8 gi\u00e0 riuscito a dare, ha stravolto la squadra con un lavoro diverso rispetto ad Allegri: cerca la pressione pi\u00f9 alta, crea molto di pi\u00f9 e questi sono passi importanti. E nelle prime due partite i cambi hanno fatto la differenza, perch\u00e9 Rabiot e Saelemaekers hanno portato i gol: dare freschezza e saltare l\u2019uomo creando superiorit\u00e0 \u00e8 sempre importante\u201d.\u00a0<\/p>\n<p class=\"paragraph\" spellcheck=\"true\">\u201cHanno trovato un difensore forte e di personalit\u00e0 come Gila e, anche se ha sbagliato qualche gol, mi \u00e8 piaciuto il lavoro fatto da Gon\u00e7alo Ramos: bisogna anche trovarsi nella condizione di crearsi le occasioni da gol, poi si spera che ne concretizzi di pi\u00f9. Questo Milan mi piace, ha iniziato molto bene e ha alti margini di miglioramento: c\u2019\u00e8 fuori Pulisic, Rabiot non era ancora al top della condizione&#8230;\u201d.\u00a0<\/p>\n<p class=\"text\">Spalletti, la Champions \u00e8 d&#8217;obbligo. E l&#8217;Europa League \u00e8 alla portata.\u00a0Kolo Muani  e Woltemade, pochi gol nel 2026: avrei fatto  di tutto per Vlahovic<\/p>\n<p class=\"paragraph\" spellcheck=\"true\"><b>La Juventus invece \u00e8 in emergenza.\u00a0<\/b><\/p>\n<p class=\"paragraph\" spellcheck=\"true\">\u201cL\u2019infortunio pi\u00f9 pesante \u00e8 Yildiz, per\u00f2 ha ritrovato in Nico Gonzalez un giocatore importante che Spalletti deve sfruttare al massimo. Poi ha una bella coppia difensiva fisica, solida e di personalit\u00e0 con Lucumi e Bremer ed \u00e8 riuscita a trovare un portiere italiano come Vicario: un punto a favore. Rimango scettico sull\u2019attacco&#8230;\u201d.\u00a0<\/p>\n<p class=\"paragraph\" spellcheck=\"true\">\u201cKolo Muani in prestito aveva una percentuale molto alta di gol per partita, ma con Milik che non d\u00e0 certezze e Yildiz fuori&#8230; Kolo Muani e Woltemade nel 2026 hanno segnato cinque gol totali: non si parla di una squadra qualunque, ma della Juventus. Eppure per loro ho visto valutazioni complessive sopra i 100 milioni: mi fa pensare\u201d.\u00a0<\/p>\n<p class=\"paragraph\" spellcheck=\"true\"><b>Tra costi d\u2019acquisto e voglia di rivalsa, le pressioni sono tutte su Randal Kolo Muani e Ramos?\u00a0<\/b><\/p>\n<p class=\"paragraph\" spellcheck=\"true\">\u201cChi va alla Juventus, al Milan o all\u2019Inter la pressione ce l\u2019ha gi\u00e0 prima di arrivare, a prescindere dal ruolo. I dirigenti lo sanno: se comprano giocatori di poca personalit\u00e0 fanno un errore, soprattutto se li pagano 50, 60 o 70 milioni. Detto questo, il Milan ha due soli attaccanti puri \u2013 Ramos e Camarda \u2013 e secondo me doveva comprarne uno in pi\u00f9. Serviva a livello numerico per le tre competizioni, non tanto a livello di qualit\u00e0. La Juventus numericamente \u00e8 pi\u00f9 preparata, ma io avrei fatto di tutto per accontentare Vlahovic, l\u2019ho sempre visto come un vero numero nove: poi se lui aveva voglia di andare via da svincolato \u00e8 un altro discorso, non lo so\u201d.\u00a0<\/p>\n<p class=\"paragraph\" spellcheck=\"true\"><b>Che salto si aspetta da Spalletti?\u00a0<\/b><\/p>\n<p class=\"paragraph\" spellcheck=\"true\">\u201cCome per il Milan, \u00e8 obbligatorio qualificarsi in Champions, poi bisogna arrivare in fondo in Europa League: \u00e8 importante e pu\u00f2 essere alla portata. In campionato la vedo dura, l\u2019Inter \u00e8 molto pi\u00f9 attrezzata di tutte\u201d.\u00a0<\/p>\n<p class=\"paragraph\" spellcheck=\"true\"><b>E dietro? Di posti in Champions League ce ne sono solo altri tre&#8230;\u00a0<\/b><\/p>\n<p class=\"paragraph\" spellcheck=\"true\">\u201cNon \u00e8 facile (ride)&#8230; La Roma pu\u00f2 dare fastidio l\u00ec sopra: mi ha impressionato e ha un attacco importante, basta vedere quello che stanno facendo Malen e gli altri. Poi Spalletti \u00e8 nell\u2019anno giusto: sta lavorando sin dal raduno e pu\u00f2 fare qualcosa di importante\u201d.\u00a0<\/p>\n<p class=\"text\">Amorim  ha gi\u00e0 cambiato  la mentalit\u00e0 rossonera, crea di pi\u00f9  e pressa alto.\u00a0Bel colpo Gila, forte  e di carattere  Il Milan  pu\u00f2 crescere ancora tanto<\/p>\n<p class=\"paragraph\" spellcheck=\"true\"><b>Chi vede in copertina per Juventus-Milan?\u00a0<\/b><\/p>\n<p class=\"paragraph\" spellcheck=\"true\">\u201cMi piace molto Concei\u00e7ao: sta bene fisicamente, \u00e8 l\u2019arma d\u2019assalto per creare superiorit\u00e0 e potrebbe essere decisivo. Nel Milan sono curioso di Moreira, \u00e8 promettente, per\u00f2 in copertina vedo Rabiot che \u00e8 in forma ed \u00e8 anche l\u2019ex di turno\u201d.\u00a0<\/p>\n<p class=\"paragraph\" spellcheck=\"true\"><b>I tifosi possono sperare di non vedere un altro 0-0?\u00a0<\/b><\/p>\n<p><a class=\"is-partner-link\" href=\"https:\/\/ad.doubleclick.net\/ddm\/trackclk\/N1792338.340088CAIRORCSMEDIAS.P.\/B28038690.452531709;dc_trk_aid=646241311;dc_trk_cid=173665161;dc_lat=;dc_rdid=;tag_for_child_directed_treatment=;tfua=;gdpr=%24%7BGDPR%7D;gdpr_consent=%24%7BGDPR_CONSENT_755%7D;ltd=;dc_tdv=1\" rel=\"nofollow noopener\" target=\"_blank\">Guarda tutte le partite di Serie A Enilive in esclusiva nei locali Sky! Trova il locale pi\u00f9 vicino a te.<\/a><\/p>\n<p class=\"paragraph\" spellcheck=\"true\">\u201cSpero in una bella partita. Il Milan \u00e8  propositivo e creer\u00e0 tanto. La Juventus \u00e8 in crescita e gioca in casa: spero che non si aspettino, ma che giochino a viso aperto. Ovviamente giocare bene senza vincere non serve a niente per\u00f2, s\u00ec, evitiamo uno 0-0!\u201d.<\/p>\n<p class=\"is-copyright\">\u00a9 RIPRODUZIONE RISERVATA<\/p>\n","protected":false},"excerpt":{"rendered":"Il doppio ex di Juventus-Milan: &#8220;Finalmente un portiere italiano in bianconero. Il colombiano e Bremer sono al top.&hellip;\n","protected":false},"author":3,"featured_media":666191,"comment_status":"","ping_status":"","sticky":false,"template":"","format":"standard","meta":{"footnotes":"","_share_on_mastodon":"0"},"categories":[1452],"tags":[7554,2478,36,765,5471,3439,27704,721,6969,1969,631,2490,2415,2276,1740,629,5360,1976,39996,48,350,1537,90,1599,89,558,91575,572,573,1980,6110,31786,6091,367063,553,367064,30499,576,2463,1290,4283,3458,4958,34000,2855,367065,3522,10360,494,46511,24823,989,1739,21317,24806,3462,245,244,1857,54475,10022],"class_list":["post-666190","post","type-post","status-publish","format-standard","has-post-thumbnail","category-calcio","tag-alta","tag-arriva","tag-arrivare","tag-attacco","tag-bella","tag-bisogna","tag-bremer","tag-calcio","tag-ce","tag-champions","tag-cinque","tag-condizione","tag-copertina","tag-dare","tag-football","tag-gara","tag-gioca","tag-gol","tag-goncalo","tag-importante","tag-inter","tag-it","tag-italia","tag-italiano","tag-italy","tag-juventus","tag-juventus-milan","tag-kolo","tag-kolo-muani","tag-league","tag-livello","tag-lucumi","tag-mentalita","tag-mentalita-motivazione","tag-milan","tag-milan-piace","tag-motivazione","tag-muani","tag-parla","tag-partita","tag-partite","tag-personalita","tag-piace","tag-piaciuto","tag-portiere","tag-portiere-italiano","tag-possono","tag-pressione","tag-punto","tag-rabiot","tag-ramos","tag-settimana","tag-soccer","tag-soli","tag-spalletti","tag-spero","tag-sport","tag-sports","tag-squadra","tag-superiorita","tag-vedo"],"share_on_mastodon":{"url":"","error":"Validation failed: Text character limit of 500 exceeded"},"_links":{"self":[{"href":"https:\/\/www.europesays.com\/it\/wp-json\/wp\/v2\/posts\/666190","targetHints":{"allow":["GET"]}}],"collection":[{"href":"https:\/\/www.europesays.com\/it\/wp-json\/wp\/v2\/posts"}],"about":[{"href":"https:\/\/www.europesays.com\/it\/wp-json\/wp\/v2\/types\/post"}],"author":[{"embeddable":true,"href":"https:\/\/www.europesays.com\/it\/wp-json\/wp\/v2\/users\/3"}],"replies":[{"embeddable":true,"href":"https:\/\/www.europesays.com\/it\/wp-json\/wp\/v2\/comments?post=666190"}],"version-history":[{"count":0,"href":"https:\/\/www.europesays.com\/it\/wp-json\/wp\/v2\/posts\/666190\/revisions"}],"wp:featuredmedia":[{"embeddable":true,"href":"https:\/\/www.europesays.com\/it\/wp-json\/wp\/v2\/media\/666191"}],"wp:attachment":[{"href":"https:\/\/www.europesays.com\/it\/wp-json\/wp\/v2\/media?parent=666190"}],"wp:term":[{"taxonomy":"category","embeddable":true,"href":"https:\/\/www.europesays.com\/it\/wp-json\/wp\/v2\/categories?post=666190"},{"taxonomy":"post_tag","embeddable":true,"href":"https:\/\/www.europesays.com\/it\/wp-json\/wp\/v2\/tags?post=666190"}],"curies":[{"name":"wp","href":"https:\/\/api.w.org\/{rel}","templated":true}]}}