{"id":666202,"date":"2026-09-05T10:51:13","date_gmt":"2026-09-05T10:51:13","guid":{"rendered":"https:\/\/www.europesays.com\/it\/666202\/"},"modified":"2026-09-05T10:51:13","modified_gmt":"2026-09-05T10:51:13","slug":"roma-atalanta-le-probabili-formazioni-della-partita-di-serie-a","status":"publish","type":"post","link":"https:\/\/www.europesays.com\/it\/666202\/","title":{"rendered":"Roma-Atalanta, le probabili formazioni della partita di Serie A"},"content":{"rendered":"<p>Dybala \u00e8 recuperato dopo l&#8217;affaticamento ed \u00e8 tra i convocati: Gasperini decider\u00e0 nelle prossime ore se schierarlo dal 1&#8242;. In ogni caso sar\u00e0 staffetta con Soul\u00e9. In difesa recuperato Ndicka, sulla destra ancora Lulli. Nell&#8217;Atalanta Pasalic \u00e8 favorito su Samardzic, Raspadori avanti su Elmas. Prima convocazione per Kessie e Rowe: l&#8217;ex Bologna \u00e8 una tentazione per Sarri. Partita in diretta stasera alle 20.45 su\u00a0<a href=\"https:\/\/programmi.sky.it\/sport\/calcio\/serie-a\/dove-vedere-roma-atalanta\" rel=\"nofollow noopener\" target=\"_blank\">Sky<\/a> Sport Calcio, Sky Sport 251 e Sky Sport 4K e in streaming su <a href=\"https:\/\/www.nowtv.it\/sport\/calcio\/serie-a\" rel=\"nofollow noopener\" target=\"_blank\">NOW<\/a><\/p>\n<p><a data-intcmp=\"skysport_foglia articolo_interlink_text\" href=\"https:\/\/sport.sky.it\/calcio\/serie-a\/2026\/09\/04\/roma-atalanta-gasperini-conferenza-video\" target=\"_blank\" rel=\"nofollow noopener\">CONFERENZA GASPERINI<\/a><\/p>\n","protected":false},"excerpt":{"rendered":"Dybala \u00e8 recuperato dopo l&#8217;affaticamento ed \u00e8 tra i convocati: Gasperini decider\u00e0 nelle prossime ore se schierarlo dal&hellip;\n","protected":false},"author":3,"featured_media":666203,"comment_status":"","ping_status":"","sticky":false,"template":"","format":"standard","meta":{"footnotes":"","_share_on_mastodon":"0"},"categories":[176],"tags":[569,1537,90,89,250,987,251,245,244],"class_list":["post-666202","post","type-post","status-publish","format-standard","has-post-thumbnail","category-sport","tag-atalanta","tag-it","tag-italia","tag-italy","tag-probabili-formazioni","tag-roma","tag-serie-a","tag-sport","tag-sports"],"share_on_mastodon":{"url":"https:\/\/pubeurope.com\/@it\/117218055741363479","error":""},"_links":{"self":[{"href":"https:\/\/www.europesays.com\/it\/wp-json\/wp\/v2\/posts\/666202","targetHints":{"allow":["GET"]}}],"collection":[{"href":"https:\/\/www.europesays.com\/it\/wp-json\/wp\/v2\/posts"}],"about":[{"href":"https:\/\/www.europesays.com\/it\/wp-json\/wp\/v2\/types\/post"}],"author":[{"embeddable":true,"href":"https:\/\/www.europesays.com\/it\/wp-json\/wp\/v2\/users\/3"}],"replies":[{"embeddable":true,"href":"https:\/\/www.europesays.com\/it\/wp-json\/wp\/v2\/comments?post=666202"}],"version-history":[{"count":0,"href":"https:\/\/www.europesays.com\/it\/wp-json\/wp\/v2\/posts\/666202\/revisions"}],"wp:featuredmedia":[{"embeddable":true,"href":"https:\/\/www.europesays.com\/it\/wp-json\/wp\/v2\/media\/666203"}],"wp:attachment":[{"href":"https:\/\/www.europesays.com\/it\/wp-json\/wp\/v2\/media?parent=666202"}],"wp:term":[{"taxonomy":"category","embeddable":true,"href":"https:\/\/www.europesays.com\/it\/wp-json\/wp\/v2\/categories?post=666202"},{"taxonomy":"post_tag","embeddable":true,"href":"https:\/\/www.europesays.com\/it\/wp-json\/wp\/v2\/tags?post=666202"}],"curies":[{"name":"wp","href":"https:\/\/api.w.org\/{rel}","templated":true}]}}