{"id":666210,"date":"2026-09-05T10:55:18","date_gmt":"2026-09-05T10:55:18","guid":{"rendered":"https:\/\/www.europesays.com\/it\/666210\/"},"modified":"2026-09-05T10:55:18","modified_gmt":"2026-09-05T10:55:18","slug":"bollette-a-quattro-cifre-altro-salasso-in-arrivo","status":"publish","type":"post","link":"https:\/\/www.europesays.com\/it\/666210\/","title":{"rendered":"Bollette a quattro cifre: altro salasso in arrivo"},"content":{"rendered":"<p>CREMONA &#8211; Tra settembre e dicembre le famiglie cremonesi spenderanno il <strong>38,5% in pi\u00f9<\/strong> per le bollette di luce e gas. Un salasso che, calcolatrice alla mano, significher\u00e0 una bolletta complessiva media di <strong>1.094 euro<\/strong>. A dirlo \u00e8 l\u2019ultimo studio di <strong>Facile.it<\/strong>, che sottolinea come oltre al caro carburante presto i lombardi dovranno fare i conti con il caro energia. L\u2019incremento minore sar\u00e0 a <strong>Milano (+37,1%)<\/strong> e il maggiore a <strong>Como (+39,5%)<\/strong>. Il prorogarsi della situazione di conflitto potrebbe tradursi dunque in un autunno e un inverno <strong>\u2018bollenti\u2019<\/strong> dal punto di vista delle spese familiari.<\/p>\n<p>Oggi i forward sui prezzi dell\u2019energia elaborati da <strong>Eex (European Energy Exchange)<\/strong> ed analizzati da <strong>Facile.it<\/strong> prevedono per i prossimi quattro mesi un <strong>Pun<\/strong> (prezzo di riferimento all\u2019ingrosso dell\u2019energia elettrica) in aumento del <strong>65%<\/strong> rispetto allo scorso anno, mentre il <strong>Psv<\/strong> (indice di riferimento per il costo del gas) \u00e8 in crescita addirittura del <strong>113% rispetto al 2025<\/strong>. \u00abQuesto \u00e8 il momento giusto per valutare la propria offerta in vista dell\u2019autunno e dell\u2019inverno e confrontarla con le altre presenti sul mercato \u2013 sostengono quindi gli <strong>esperti di Facile.it<\/strong> -. Passare ad una <strong>tariffa fissa<\/strong>, ad esempio, potrebbe essere una soluzione per mettersi al riparo dai possibili futuri aumenti\u00bb.<\/p>\n<p><img decoding=\"async\" src=\"https:\/\/www.europesays.com\/it\/wp-content\/uploads\/2026\/09\/040926_002_bollette_cremona-1788541111994.webp\" alt=\"bollette\" width=\"882\" caption=\"false\"\/><\/p>\n<p>Se i valori saranno confermati, considerando tutte le componenti che gravano in bolletta, tra settembre e dicembre la provincia lombarda dove si spender\u00e0 di pi\u00f9 per le bollette sar\u00e0 appunto <strong>Como<\/strong> dove, tra luce e gas, si dovranno mettere a budget circa <strong>1.298 euro<\/strong>. Al secondo posto <strong>Sondrio<\/strong>, area in cui per le bollette energetiche si spenderanno in media <strong>1.204 euro (+39,2%)<\/strong>. Segue <strong>Varese<\/strong> (<strong>1.161 euro, +38,9%<\/strong>). Continuando a scorrere la classifica regionale si posizionano <strong>Mantova<\/strong> (<strong>1.150 euro, +38,6%<\/strong>), <strong>Monza e Brianza<\/strong> (<strong>1.140 euro, +38,6%<\/strong>), <strong>Brescia<\/strong> (<strong>1.125 euro, +38,4%<\/strong>), <strong>Lodi<\/strong> (<strong>1.101 euro, +38,8%<\/strong>), seguita a brevissima distanza da <strong>Pavia<\/strong> (<strong>1.100 euro, +38,6%<\/strong>), <strong>Lecco<\/strong> (<strong>1.098 euro, +38,6%<\/strong>) e appunto <strong>Cremona<\/strong> (<strong>1.094 euro, +38,5%<\/strong>). Siamo dunque, nonostante i rincari siano comunque notevoli, tra le province lombarde pi\u00f9 \u2018fortunate\u2019. Meglio di Cremona staranno le famiglie di <strong>Bergamo<\/strong>, area in cui si dovranno mettere a budget <strong>1.079 euro (+38,3%)<\/strong> per luce e gas, e di <strong>Milano<\/strong> dove la spesa sar\u00e0 <strong>927 euro<\/strong>.<\/p>\n<p>Per le stime sul trimestre <strong>Facile.it<\/strong> ha preso in considerazione i <strong>consumi 2025<\/strong> dichiarati dagli utenti e applicato le <strong>tariffe indicizzate mercato libero<\/strong> in vigore lo scorso anno da settembre a dicembre 2025, confrontandole con quelle che il mercato (<strong>forward Eex aggiornati al 24 agosto 2026<\/strong>) si aspetta per il periodo <strong>settembre-dicembre 2026<\/strong>. Per il calcolo della bolletta sono state considerate tutte le voci di costo che gravano sulle utenze: materia energia (<strong>Pun + spread medio 0,014<\/strong> e <strong>Psv + spread medio 0,0911<\/strong>), trasporto e gestione contatore, oneri, imposte e <strong>Iva<\/strong> in vigore al momento dell\u2019analisi.<\/p>\n<p>    <a href=\"https:\/\/www.laprovinciacr.it\/news\/cronaca\/587599\/pesano-i-costi-del-gasolio-e-la-carenza-di-volontari.html?utm_source=VCMS_correlati\" class=\"vc_cont_image\" rel=\"nofollow noopener\" target=\"_blank\"><img decoding=\"async\" class=\"vc_image\" src=\"https:\/\/laprovinciacr.cdn.m33cloud.com\/resizer\/150\/-1\/true\/2026_08_24\/p08-240826_001_crocerossa_cremona-1787586991353.jpeg--pesano_i_costi_del_gasolio_e_la_carenza_di_volontari.jpeg?1787586991427\"\/><\/a><\/p>\n","protected":false},"excerpt":{"rendered":"CREMONA &#8211; Tra settembre e dicembre le famiglie cremonesi spenderanno il 38,5% in pi\u00f9 per le bollette di&hellip;\n","protected":false},"author":3,"featured_media":666211,"comment_status":"","ping_status":"","sticky":false,"template":"","format":"standard","meta":{"footnotes":"","_share_on_mastodon":"0"},"categories":[172],"tags":[178,1687,177,3705,5665,159526,7580,1537,90,89,13504,28,126225,11391,4103],"class_list":["post-666210","post","type-post","status-publish","format-standard","has-post-thumbnail","category-affari","tag-affari","tag-bergamo","tag-business","tag-como","tag-cremona","tag-european-energy-exchange","tag-facile-it","tag-it","tag-italia","tag-italy","tag-mantova","tag-milano","tag-monza-e-brianza","tag-sondrio","tag-varese"],"share_on_mastodon":{"url":"https:\/\/pubeurope.com\/@it\/117218071564095751","error":""},"_links":{"self":[{"href":"https:\/\/www.europesays.com\/it\/wp-json\/wp\/v2\/posts\/666210","targetHints":{"allow":["GET"]}}],"collection":[{"href":"https:\/\/www.europesays.com\/it\/wp-json\/wp\/v2\/posts"}],"about":[{"href":"https:\/\/www.europesays.com\/it\/wp-json\/wp\/v2\/types\/post"}],"author":[{"embeddable":true,"href":"https:\/\/www.europesays.com\/it\/wp-json\/wp\/v2\/users\/3"}],"replies":[{"embeddable":true,"href":"https:\/\/www.europesays.com\/it\/wp-json\/wp\/v2\/comments?post=666210"}],"version-history":[{"count":0,"href":"https:\/\/www.europesays.com\/it\/wp-json\/wp\/v2\/posts\/666210\/revisions"}],"wp:featuredmedia":[{"embeddable":true,"href":"https:\/\/www.europesays.com\/it\/wp-json\/wp\/v2\/media\/666211"}],"wp:attachment":[{"href":"https:\/\/www.europesays.com\/it\/wp-json\/wp\/v2\/media?parent=666210"}],"wp:term":[{"taxonomy":"category","embeddable":true,"href":"https:\/\/www.europesays.com\/it\/wp-json\/wp\/v2\/categories?post=666210"},{"taxonomy":"post_tag","embeddable":true,"href":"https:\/\/www.europesays.com\/it\/wp-json\/wp\/v2\/tags?post=666210"}],"curies":[{"name":"wp","href":"https:\/\/api.w.org\/{rel}","templated":true}]}}