{"id":666224,"date":"2026-09-05T11:12:19","date_gmt":"2026-09-05T11:12:19","guid":{"rendered":"https:\/\/www.europesays.com\/it\/666224\/"},"modified":"2026-09-05T11:12:19","modified_gmt":"2026-09-05T11:12:19","slug":"la-volta-buona-caterina-balivo-alle-prese-con-lo-studio-il-dettaglio-che-la-fa-impazzire","status":"publish","type":"post","link":"https:\/\/www.europesays.com\/it\/666224\/","title":{"rendered":"La Volta Buona, Caterina Balivo alle prese con lo studio: il dettaglio che la fa &#8220;impazzire&#8221;"},"content":{"rendered":"<p>Dopo un periodo di stop e tanto relax, <strong>Caterina Balivo<\/strong> torna al lavoro. I motori de La Volta Buona si scaldano e la conduttrice \u00e8 alle prese con le prime prove e gli ultimi assestamenti in studio.<\/p>\n<p>Perch\u00e9 se il programma vive soprattutto delle chiacchiere con gli ospiti, anche l\u2019atmosfera e i dettagli fanno la loro parte. E Caterina, che non ama lasciare nulla al caso, non si tira indietro quando c\u2019\u00e8 qualcosa da sistemare. Durante le prove, infatti, un particolare \u00e8<strong> finito subito nel suo mirino<\/strong>.\n<\/p>\n<p><strong>Caterina Balivo, il dettaglio in studio che la fa impazzire<\/strong><\/p>\n<p>\u201cLe prove generali sono un caos bellissimo\u201d si legge sotto il video pubblicato sui social de La Volta Buona, il programma pomeridiano di Rai1 che\u00a0si prepara a tornare con <strong>una nuova stagione.<\/strong><\/p>\n<p>Ma nel mondo dello spettacolo il trambusto \u00e8 anche parte del gioco, e serve solo saperlo amministrare. <a href=\"https:\/\/dilei.it\/star-e-vip\/caterina-balivo\/\" rel=\"nofollow noopener\" target=\"_blank\">Caterina Balivo<\/a> non si fa fermare da nulla, nemmeno alle prove, quando tutto deve ancora trovare il suo posto e anche i dettagli dello studio vengono messi a punto.<\/p>\n<p>Lei, per\u00f2, sembra <strong>avere gi\u00e0 le idee piuttosto chiare<\/strong>. Tanto che a un certo punto interrompe tutto per occuparsi di una questione che, evidentemente, non pu\u00f2 proprio aspettare.<\/p>\n<p>\u201cMi sono un attimo fermata qui alle prove perch\u00e9 <strong>questa foglia ci fa impazzire<\/strong>\u201d, dice la conduttrice indicando una grande foglia appesa al soffitto e mettendosi a sistemarla.<\/p>\n<blockquote class=\"instagram-media\" data-instgrm-captioned=\"\" data-instgrm-permalink=\"https:\/\/www.instagram.com\/p\/Dc3H18vu14z\/?utm_source=ig_embed&amp;utm_campaign=loading\" data-instgrm-version=\"14\" style=\" background:#FFF; border:0; border-radius:3px; box-shadow:0 0 1px 0 rgba(0,0,0,0.5),0 1px 10px 0 rgba(0,0,0,0.15); margin: 1px; max-width:100%; min-width:326px; padding:0; width:99.375%; width:-webkit-calc(100% - 2px); width:calc(100% - 2px);\"\/>\n<p>\u201cLa luce \u00e8 presa?\u201d, chiede poi, mentre in studio tutto prende forma in vista della nuova stagione. Piccoli accorgimenti per far s\u00ec che tutto sia perfetto: La Volta Buona \u00e8 ormai un appuntamento a cui Caterina \u00e8 particolarmente legata e anche nei momenti che precedono la diretta sembra <strong>non voler lasciare nulla al caso<\/strong>.<\/p>\n<p><strong>\u201cLa Volta Buona\u201d, un nuovo inizio dopo il periodo di vacanze<\/strong><\/p>\n<p>Le prove in studio raccontate da Caterina sono il segnale che <a href=\"https:\/\/dilei.it\/vip\/caterina-balivo-look-estate-mare-montagna\/2576850\/\" rel=\"nofollow noopener\" target=\"_blank\">le vacanze<\/a> sono ormai finite e che \u00e8 tempo di tornare a fare sul serio. La Volta Buona <strong>riparte luned\u00ec 7 settembre su Rai1<\/strong> e per la conduttrice si apre una nuova stagione del programma che ormai porta avanti da tre anni.<\/p>\n<p>Sar\u00e0 infatti la quarta stagione del talk pomeridiano che anche quest\u2019anno accompagner\u00e0 il pubblico nel consueto appuntamento del pomeriggio. E, come aveva gi\u00e0 raccontato Caterina, qualche certezza non cambia: <strong>a partire dal divano arancione<\/strong>, che per lei \u00e8 ormai un vero punto fermo.<\/p>\n<p>\u201cIl divano arancione non si tocca, le persone hanno bisogno di punti fissi\u201d, aveva detto parlando della <a href=\"https:\/\/dilei.it\/spettacolo\/quando-ricomincia-la-volta-buona\/2669143\/\" rel=\"nofollow noopener\" target=\"_blank\">nuova stagione<\/a> spiegando la voglia di <strong>non stravolgere<\/strong> quello che negli anni ha funzionato, continuando a portare in studio ospiti, storie e conversazioni.<\/p>\n<p>Il programma torna cos\u00ec a occupare la fascia del pomeriggio di Rai1,<strong> a partire dalle 14:05,<\/strong> mantenendo il suo spazio fatto di intrattenimento, attualit\u00e0 e racconti dei suoi protagonisti.<\/p>\n<p>Adesso, per\u00f2, manca davvero poco. Le luci sono pronte, la musica anche e la squadra \u00e8 gi\u00e0 al lavoro. Caterina deve solo aspettare che si riaccendano le telecamere per riabbracciare il suo pubblico: \u201cLa musica c\u2019\u00e8, la squadra anche, aspettiamo voi\u201d.<\/p>\n<p>\t\t\t\tScopri i personaggi in trend, le storie del momento e molto altro.<br \/>Dove? Sul <a href=\"https:\/\/whatsapp.com\/channel\/0029Vb68mVyHVvTWezDm7d0R\" target=\"_blank\" rel=\"noopener nofollow\">canale WhatsApp di DiLei!<\/a><\/p>\n<p>\t\t\t<a class=\"buttonCall\" href=\"https:\/\/whatsapp.com\/channel\/0029Vb68mVyHVvTWezDm7d0R\" target=\"_blank\" rel=\"noopener nofollow\" title=\"Seguici su WhatsApp\"><br \/>\n\t\t\t\tSeguici su WhatsApp<br \/>\n\t\t\t<\/a><\/p>\n<p>\t<script async src=\"\/\/www.instagram.com\/embed.js\"><\/script><\/p>\n","protected":false},"excerpt":{"rendered":"Dopo un periodo di stop e tanto relax, Caterina Balivo torna al lavoro. I motori de La Volta&hellip;\n","protected":false},"author":3,"featured_media":666225,"comment_status":"","ping_status":"","sticky":false,"template":"","format":"standard","meta":{"footnotes":"","_share_on_mastodon":"0"},"categories":[1451],"tags":[39049,1621,1620,203,204,1537,90,89,214],"class_list":["post-666224","post","type-post","status-publish","format-standard","has-post-thumbnail","category-celebrita","tag-caterina-balivo","tag-celebrita","tag-celebrities","tag-entertainment","tag-intrattenimento","tag-it","tag-italia","tag-italy","tag-spettacolo"],"share_on_mastodon":{"url":"https:\/\/pubeurope.com\/@it\/117218138295677995","error":""},"_links":{"self":[{"href":"https:\/\/www.europesays.com\/it\/wp-json\/wp\/v2\/posts\/666224","targetHints":{"allow":["GET"]}}],"collection":[{"href":"https:\/\/www.europesays.com\/it\/wp-json\/wp\/v2\/posts"}],"about":[{"href":"https:\/\/www.europesays.com\/it\/wp-json\/wp\/v2\/types\/post"}],"author":[{"embeddable":true,"href":"https:\/\/www.europesays.com\/it\/wp-json\/wp\/v2\/users\/3"}],"replies":[{"embeddable":true,"href":"https:\/\/www.europesays.com\/it\/wp-json\/wp\/v2\/comments?post=666224"}],"version-history":[{"count":0,"href":"https:\/\/www.europesays.com\/it\/wp-json\/wp\/v2\/posts\/666224\/revisions"}],"wp:featuredmedia":[{"embeddable":true,"href":"https:\/\/www.europesays.com\/it\/wp-json\/wp\/v2\/media\/666225"}],"wp:attachment":[{"href":"https:\/\/www.europesays.com\/it\/wp-json\/wp\/v2\/media?parent=666224"}],"wp:term":[{"taxonomy":"category","embeddable":true,"href":"https:\/\/www.europesays.com\/it\/wp-json\/wp\/v2\/categories?post=666224"},{"taxonomy":"post_tag","embeddable":true,"href":"https:\/\/www.europesays.com\/it\/wp-json\/wp\/v2\/tags?post=666224"}],"curies":[{"name":"wp","href":"https:\/\/api.w.org\/{rel}","templated":true}]}}