{"id":666252,"date":"2026-09-05T11:38:18","date_gmt":"2026-09-05T11:38:18","guid":{"rendered":"https:\/\/www.europesays.com\/it\/666252\/"},"modified":"2026-09-05T11:38:18","modified_gmt":"2026-09-05T11:38:18","slug":"juve-milan-conceicao-sfida-amorim-dopo-le-liti-con-il-padre","status":"publish","type":"post","link":"https:\/\/www.europesays.com\/it\/666252\/","title":{"rendered":"Juve-Milan, Concei\u00e7ao sfida Amorim dopo le liti con il padre"},"content":{"rendered":"<p>                                L&#8217;allenatore del Milan sfida la Juve in cui gioca il figlio del suo &#8220;miglior nemico&#8221; portoghese: rivali sulle panchine di Sporting e Porto dal 2019 al 2024, hanno vissuto numerosi momenti di tensione<\/p>\n<p>            <a class=\"image is-50x50\" href=\"https:\/\/www.gazzetta.it\/redazione\/fabio-russo\/\" rel=\"nofollow noopener\" target=\"_blank\"><br \/>\n                <img decoding=\"async\" class=\"is-rounded\" src=\"https:\/\/www.europesays.com\/it\/wp-content\/uploads\/2025\/11\/fabio_russo_avatar.png\" alt=\"Fabio Russo\"\/><br \/>\n            <\/a><\/p>\n<p>Giornalista<\/p>\n<p>                    5 settembre &#8211; 12:35  &#8211; MILANO<\/p>\n<p class=\"paragraph\" spellcheck=\"true\">Nel nome del padre. Ci sar\u00e0 una sfida nella sfida molto particolare per Francisco Concei\u00e7ao durante il prossimo Juve-Milan. L&#8217;esterno portoghese, infatti, ritrover\u00e0 per la prima volta dopo pi\u00f9 di due anni da avversario quel Ruben Amorim, tecnico rossonero, che \u00e8 stato &#8220;il miglior nemico&#8221; del padre Sergio nel duello tra Sporting e Porto che ha caratterizzato il calcio portoghese nel quinquennio 2019-24. Uno scontro caratterizzato da frecciate, accuse, botta e risposta in conferenza stampa e faccia a faccia in campo e che ancora a distanza di anni lascia gelidi i rapporti tra i due. &#8220;Non ho un rapporto con Sergio Concei\u00e7ao &#8211; ha detto Amorim, sorridendo, <a href=\"https:\/\/www.gazzetta.it\/Calcio\/Serie-A\/Milan\/08-07-2026\/milan-amorim-la-presentazione-e-la-conferenza.shtml\" rel=\"nofollow noopener\" target=\"_blank\">durante la sua presentazione al Milan<\/a> -, perch\u00e9 eravamo rivali e sono passati pochi anni, quindi \u00e8 ancora tutto fresco&#8221;.<\/p>\n<p>    amorim-concei\u00e7ao, che rivalit\u00e0\u2014 \u00a0<\/p>\n<p class=\"paragraph is-inline\" spellcheck=\"true\">Un concetto simile a quello espresso quando, al debutto sulla panchina del Manchester United, gli domandarono cosa pensasse dell&#8217;usanza di Sir Alex Ferguson, di offrire un bicchiere di vino al tecnico avversario dopo la partita. &#8220;Veniamo da una cultura completamente diversa. Immaginate, alla fine di una partita, io e Sergio Concei\u00e7ao che beviamo un bicchiere di vino. Sarebbe una scena piuttosto insolita&#8221;. E dire che, l&#8217;ultima volta che si erano visti, era finita con un abbraccio perch\u00e9 alla fine, come tutti i grandi rivali, la stima reciproca \u00e8 elemento che non manca mai. E pure in quel caso, era stato l&#8217;alcool a scatenare le punzecchiature reciproche. Scenario, la finale di Coppa del Portogallo del 2024, ultima gara di Concei\u00e7ao sulla panchina del Porto. Alla vigilia, l&#8217;ex esterno di Inter, Parma e Lazio si era augurato di &#8220;bere qualche birra&#8221;, utilizzando questa metafora come sinonimo di festeggiare un trofeo, &#8220;soprattutto perch\u00e9 Ruben ne ha gi\u00e0 bevute due o tre&#8221;. &#8220;Sergio Concei\u00e7ao ha parlato di birra, non gli farebbe male stare un anno senza bere&#8230;&#8221;, aveva ribattuto Amorim. Alla fine, a brindare, era stato il tecnico del Porto, al suo ultimo titolo sulla panchina dei Dragoes.\u00a0<\/p>\n<p><a class=\"is-partner-link\" href=\"https:\/\/ad.doubleclick.net\/ddm\/trackclk\/N1792338.340088CAIRORCSMEDIAS.P.\/B28038690.452531709;dc_trk_aid=646241311;dc_trk_cid=173665161;dc_lat=;dc_rdid=;tag_for_child_directed_treatment=;tfua=;gdpr=%24%7BGDPR%7D;gdpr_consent=%24%7BGDPR_CONSENT_755%7D;ltd=;dc_tdv=1\" rel=\"nofollow noopener\" target=\"_blank\">Guarda tutte le partite di Serie A Enilive in esclusiva nei locali Sky! Trova il locale pi\u00f9 vicino a te.<\/a><\/p>\n<p>    gli scontri tra amorim e concei\u00e7ao\u2014 \u00a0<\/p>\n<p class=\"paragraph is-inline\" spellcheck=\"true\">Il bilancio parla di undici titoli in sette anni per Concei\u00e7ao al Porto e cinque in cinque anni per Amorim allo Sporting Lisbona. Sette vittorie per l&#8217;ex esterno a fronte di 5 pareggi e 4 sconfitte, due delle quali, per\u00f2, nei primi due incroci tra i due. E chiss\u00e0 che non sia nata l\u00ec la loro rivalit\u00e0, con l&#8217;esperto Sergio (di 11 anni pi\u00f9 grande e gi\u00e0 da 6 stagioni in panchina) sorpreso dall&#8217;esuberante Ruben, 34enne alla prima esperienza da allenatore. Lo scontro pi\u00f9 pesante tra i due avviene al termine della semifinale di Coppa del Portogallo del 3 marzo 2022: al fischio finale, Amorim si avvicina all&#8217;avversario, mima con la mano il gesto di un tuffo, e attacca. &#8220;Sergio, ascolta una cosa: i tuoi giocatori si buttano, l&#8217;hanno imparato da te&#8230; Non sanno giocare&#8221;, accusa arrivando faccia a faccia con il collega. &#8220;Perch\u00e9 me lo stai dicendo al rallentatore? Parlami normale, sembri ritardato&#8221;, ribatte, caustico, Concei\u00e7ao. &#8220;Non \u00e8 successo nulla, Sergio Concei\u00e7ao era felice, io ero arrabbiato: ha applaudito il giallo a Porro per la simulazione, l\u2019ho trovato ironico e gliel&#8217;ho detto&#8221;, prover\u00e0 a chiarire l&#8217;attuale allenatore del Milan dopo la partita. Nuovo capitolo, un anno pi\u00f9 tardi: il 18 dicembre 2023 lo Sporting e Amorim riescono finalmente a battere il Porto e Concei\u00e7ao dopo quasi 3 anni. &#8220;Dalla festa che hanno fatto, sembra che il campionato sia finito oggi, ma i conti si fanno a maggio&#8221;, punge l&#8217;ex ala. &#8220;Il fatto che abbia parlato dopo aver perso \u00e8 gi\u00e0 positivo&#8221;, replica, sarcastico, l&#8217;ex centrocampista. Adesso, sulla sua strada, domenica sera allo Stadium, ci sar\u00e0 l&#8217;erede Francisco, che ha gi\u00e0 affrontato 5 volte (1 vittoria a testa e 3 pareggi) e verso il quale ha mostrato profondo rispetto, tanto da arrivare a schierare un difensore centrale sulla fascia a centrocampo, Gon\u00e7alo Inacio, per limitarlo. Stima e rivalit\u00e0: per Amorim, con i Concei\u00e7ao, dev&#8217;essere proprio una questione di famiglia&#8230;<\/p>\n<p class=\"is-copyright\">\u00a9 RIPRODUZIONE RISERVATA<\/p>\n","protected":false},"excerpt":{"rendered":"L&#8217;allenatore del Milan sfida la Juve in cui gioca il figlio del suo &#8220;miglior nemico&#8221; portoghese: rivali sulle&hellip;\n","protected":false},"author":3,"featured_media":666253,"comment_status":"","ping_status":"","sticky":false,"template":"","format":"standard","meta":{"footnotes":"","_share_on_mastodon":"0"},"categories":[1452],"tags":[1960,77951,50020,367084,15961,27777,12556,54254,2721,721,88182,631,7801,4297,367085,3073,1426,1740,31807,158074,1537,90,89,565,2197,367086,553,7630,3608,3484,73597,66,1290,2755,17294,13201,14386,1271,69195,14857,6977,160218,3461,1739,245,4815,367087,244,24011,3375,21731,2199,8072],"class_list":["post-666252","post","type-post","status-publish","format-standard","has-post-thumbnail","category-calcio","tag-allenatore","tag-allenatore-milan","tag-amorim","tag-amorim-conceicao","tag-avversario","tag-bere","tag-bicchiere","tag-bicchiere-vino","tag-birra","tag-calcio","tag-caratterizzato","tag-cinque","tag-conceicao","tag-coppa","tag-coppa-portogallo","tag-esterno","tag-finale","tag-football","tag-francisco","tag-frecciate","tag-it","tag-italia","tag-italy","tag-juve","tag-miglior","tag-miglior-nemico","tag-milan","tag-nemico","tag-padre","tag-panchina","tag-pareggi","tag-parlato","tag-partita","tag-porto","tag-portogallo","tag-portoghese","tag-rivali","tag-rivalita","tag-ruben","tag-scontro","tag-sergio","tag-sergio-conceicao","tag-sfida","tag-soccer","tag-sport","tag-sporting","tag-sporting-porto","tag-sports","tag-stima","tag-tecnico","tag-tensione","tag-ultima","tag-vino"],"share_on_mastodon":{"url":"","error":"Validation failed: Text character limit of 500 exceeded"},"_links":{"self":[{"href":"https:\/\/www.europesays.com\/it\/wp-json\/wp\/v2\/posts\/666252","targetHints":{"allow":["GET"]}}],"collection":[{"href":"https:\/\/www.europesays.com\/it\/wp-json\/wp\/v2\/posts"}],"about":[{"href":"https:\/\/www.europesays.com\/it\/wp-json\/wp\/v2\/types\/post"}],"author":[{"embeddable":true,"href":"https:\/\/www.europesays.com\/it\/wp-json\/wp\/v2\/users\/3"}],"replies":[{"embeddable":true,"href":"https:\/\/www.europesays.com\/it\/wp-json\/wp\/v2\/comments?post=666252"}],"version-history":[{"count":0,"href":"https:\/\/www.europesays.com\/it\/wp-json\/wp\/v2\/posts\/666252\/revisions"}],"wp:featuredmedia":[{"embeddable":true,"href":"https:\/\/www.europesays.com\/it\/wp-json\/wp\/v2\/media\/666253"}],"wp:attachment":[{"href":"https:\/\/www.europesays.com\/it\/wp-json\/wp\/v2\/media?parent=666252"}],"wp:term":[{"taxonomy":"category","embeddable":true,"href":"https:\/\/www.europesays.com\/it\/wp-json\/wp\/v2\/categories?post=666252"},{"taxonomy":"post_tag","embeddable":true,"href":"https:\/\/www.europesays.com\/it\/wp-json\/wp\/v2\/tags?post=666252"}],"curies":[{"name":"wp","href":"https:\/\/api.w.org\/{rel}","templated":true}]}}