{"id":666258,"date":"2026-09-05T11:42:18","date_gmt":"2026-09-05T11:42:18","guid":{"rendered":"https:\/\/www.europesays.com\/it\/666258\/"},"modified":"2026-09-05T11:42:18","modified_gmt":"2026-09-05T11:42:18","slug":"guendalina-tavassi-seconda-concorrente-del-grande-fratello-2026-dopo-16-anni-torna-nella-casa","status":"publish","type":"post","link":"https:\/\/www.europesays.com\/it\/666258\/","title":{"rendered":"Guendalina Tavassi seconda concorrente del Grande Fratello 2026: dopo 16 anni torna nella Casa"},"content":{"rendered":"<p>A volte ritornano, e nel caso di <strong>Guendalina Tavassi<\/strong> il ritorno \u00e8 proprio l\u00ec dove tutto \u00e8 cominciato. La content creator \u00e8 ufficialmente una concorrente della nuova edizione del Grande Fratello Vip, pronta a varcare nuovamente la Porta Rossa a 16 anni dalla sua prima esperienza nel reality.\n<\/p>\n<p>Guendalina Tavassi \u00e8 la seconda concorrente ufficiale del\u00a0Grande Fratello Vip<\/p>\n<p>L\u2019annuncio \u00e8 arrivato direttamente dai profili social del reality show, <a href=\"https:\/\/dilei.it\/vip\/alex-belli-primo-concorrente-grande-fratello-2026\/2680727\/\" rel=\"nofollow noopener\" target=\"_blank\">dopo quello di Alex Belli<\/a>: <a href=\"https:\/\/dilei.it\/star-e-vip\/guendalina-tavassi\/\" rel=\"nofollow noopener\" target=\"_blank\">Guendalina Tavassi<\/a> \u00e8 una concorrente ufficiale della nona edizione del <b>Grande Fratello Vip<\/b>, che inizier\u00e0 prossimamente su Canale 5 e sar\u00e0 nuovamente condotta da <a href=\"https:\/\/dilei.it\/star-e-vip\/ilary-blasi\/\" rel=\"nofollow noopener\" target=\"_blank\">Ilary Blasi<\/a>.<\/p>\n<blockquote class=\"instagram-media\" data-instgrm-captioned=\"\" data-instgrm-permalink=\"https:\/\/www.instagram.com\/p\/Dc3xEq5MVIA\/?utm_source=ig_embed&amp;utm_campaign=loading\" data-instgrm-version=\"14\" style=\" background:#FFF; border:0; border-radius:3px; box-shadow:0 0 1px 0 rgba(0,0,0,0.5),0 1px 10px 0 rgba(0,0,0,0.15); margin: 1px; max-width:100%; min-width:326px; padding:0; width:99.375%; width:-webkit-calc(100% - 2px); width:calc(100% - 2px);\"\/>\n<p>Classe 1986, Guendalina varcher\u00e0 di nuovo la porta rossa della Casa pi\u00f9 spiata d\u2019Italia dopo ben 16 anni dalla sua prima esperienza nel reality show. Era infatti il 2010 quando Guendalina entr\u00f2 a far parte del cast dell\u2019undicesima edizione del Grande Fratello. All\u2019epoca non era ancora un volto noto dello spettacolo, <strong>ma il suo carattere diretto, l\u2019ironia e una personalit\u00e0 decisamente poco incline a passare inosservata<\/strong> le permisero rapidamente di conquistare spazio nel programma e l\u2019attenzione del pubblico.<\/p>\n<p>Da allora la televisione non l\u2019ha pi\u00f9 abbandonata. Tavassi ha partecipato due volte a L\u2019Isola dei Famosi, prima nel 2012 e poi nel 2022 insieme al <a href=\"https:\/\/dilei.it\/spettacolo\/video\/gf-vip-meno-male-che-edoardo-tavassi-ce\/1198952\/\" rel=\"nofollow noopener\" target=\"_blank\">fratello Edoardo<\/a>, diventato a sua volta uno dei personaggi pi\u00f9 riconoscibili dell\u2019universo dei reality. Nel suo curriculum televisivo figura anche l\u2019esperienza a Tale e Quale Show, mentre parallelamente Guendalina ha costruito una forte presenza sui social, trasformando la quotidianit\u00e0, la famiglia e la sua proverbiale autoironia negli ingredienti del rapporto con i follower.<\/p>\n<p>Il ritorno nella Casa dopo 16 anni<\/p>\n<p>Ora per Guendalina il cerchio si chiude: l\u2019influencer torna al Grande Fratello, ma questa volta da Vip e con oltre quindici anni di televisione e social alle spalle. Come ha raccontato a\u00a0Storie al Bivio,\u00a0la partecipazione al reality arriv\u00f2 per caso: \u201cNon ho fatto nulla per cercarlo\u201d, ha raccontato a Monica Setta. Il \u201ccolloquio\u201d avvenne nel locale dove lavorava all\u2019epoca, in un momento difficile della sua vita, single e con una bambina piccola da crescere. \u201cTi andrebbe di fare il provino per il\u00a0Grande Fratello?\u201d.<\/p>\n<p>Una domanda a bruciapelo che per\u00f2 <strong>la port\u00f2 a cambiare la sua vita<\/strong>: il primo provino \u2013 che all\u2019inizio le sembrava una truffa \u2013 and\u00f2 bene e le apr\u00ec le porte del mondo dello spettacolo.<\/p>\n<p>Il ritorno di Guendalina al GF Vip promette di portare nella Casa uno dei caratteri pi\u00f9 esplosivi del cast: schietta, combattiva e poco diplomatica quando serve, Tavassi conosce bene i meccanismi dei reality e soprattutto sa come trasformare una semplice discussione in materiale da prima serata.<\/p>\n<p>Nella vita privata \u00e8 madre di tre figli, Gaia, Chloe e Salvatore, ed \u00e8 legata dal 2022 a Federico Perna, <a href=\"https:\/\/dilei.it\/vip\/guendalina-tavassi-nozze-federico-perna\/1421201\/\" rel=\"nofollow noopener\" target=\"_blank\">con il quale si \u00e8 sposata alle Maldive.<\/a> \u201cOggi sono felice, posso dire di aver trovato il vero amore\u201d, aveva raccontato nel salotto di Verissimo\u00a0qualche tempo fa.<\/p>\n<p>La nuova avventura rappresenta dunque una sorta di ritorno alle origini. Nel 2010 il Grande Fratello contribu\u00ec a trasformarla in un personaggio televisivo; nel 2026 sar\u00e0 Guendalina, ormai veterana dei reality, a provare a lasciare nuovamente il segno nella Casa. E conoscendo il personaggio, immaginare una permanenza silenziosa sembra gi\u00e0 la meno probabile delle ipotesi<\/p>\n<p>\t\t\t\tScopri i personaggi in trend, le storie del momento e molto altro.<br \/>Dove? Sul <a href=\"https:\/\/whatsapp.com\/channel\/0029Vb68mVyHVvTWezDm7d0R\" target=\"_blank\" rel=\"noopener nofollow\">canale WhatsApp di DiLei!<\/a><\/p>\n<p>\t\t\t<a class=\"buttonCall\" href=\"https:\/\/whatsapp.com\/channel\/0029Vb68mVyHVvTWezDm7d0R\" target=\"_blank\" rel=\"noopener nofollow\" title=\"Seguici su WhatsApp\"><br \/>\n\t\t\t\tSeguici su WhatsApp<br \/>\n\t\t\t<\/a><\/p>\n<p>\t<script async src=\"\/\/www.instagram.com\/embed.js\"><\/script><\/p>\n","protected":false},"excerpt":{"rendered":"A volte ritornano, e nel caso di Guendalina Tavassi il ritorno \u00e8 proprio l\u00ec dove tutto \u00e8 cominciato.&hellip;\n","protected":false},"author":3,"featured_media":666259,"comment_status":"","ping_status":"","sticky":false,"template":"","format":"standard","meta":{"footnotes":"","_share_on_mastodon":"0"},"categories":[1444],"tags":[685,203,6061,367089,217,204,1537,90,89,1519,214,253],"class_list":["post-666258","post","type-post","status-publish","format-standard","has-post-thumbnail","category-tv","tag-canale-5","tag-entertainment","tag-grande-fratello","tag-guendalina-tavassi","tag-ilary-blasi","tag-intrattenimento","tag-it","tag-italia","tag-italy","tag-reality-show","tag-spettacolo","tag-tv"],"share_on_mastodon":{"url":"https:\/\/pubeurope.com\/@it\/117218256372033253","error":""},"_links":{"self":[{"href":"https:\/\/www.europesays.com\/it\/wp-json\/wp\/v2\/posts\/666258","targetHints":{"allow":["GET"]}}],"collection":[{"href":"https:\/\/www.europesays.com\/it\/wp-json\/wp\/v2\/posts"}],"about":[{"href":"https:\/\/www.europesays.com\/it\/wp-json\/wp\/v2\/types\/post"}],"author":[{"embeddable":true,"href":"https:\/\/www.europesays.com\/it\/wp-json\/wp\/v2\/users\/3"}],"replies":[{"embeddable":true,"href":"https:\/\/www.europesays.com\/it\/wp-json\/wp\/v2\/comments?post=666258"}],"version-history":[{"count":0,"href":"https:\/\/www.europesays.com\/it\/wp-json\/wp\/v2\/posts\/666258\/revisions"}],"wp:featuredmedia":[{"embeddable":true,"href":"https:\/\/www.europesays.com\/it\/wp-json\/wp\/v2\/media\/666259"}],"wp:attachment":[{"href":"https:\/\/www.europesays.com\/it\/wp-json\/wp\/v2\/media?parent=666258"}],"wp:term":[{"taxonomy":"category","embeddable":true,"href":"https:\/\/www.europesays.com\/it\/wp-json\/wp\/v2\/categories?post=666258"},{"taxonomy":"post_tag","embeddable":true,"href":"https:\/\/www.europesays.com\/it\/wp-json\/wp\/v2\/tags?post=666258"}],"curies":[{"name":"wp","href":"https:\/\/api.w.org\/{rel}","templated":true}]}}