{"id":666266,"date":"2026-09-05T11:46:15","date_gmt":"2026-09-05T11:46:15","guid":{"rendered":"https:\/\/www.europesays.com\/it\/666266\/"},"modified":"2026-09-05T11:46:15","modified_gmt":"2026-09-05T11:46:15","slug":"settembre-capelli-in-fuga-perche-in-autunno-la-spazzola-si-riempie-e-quando-preoccuparsi","status":"publish","type":"post","link":"https:\/\/www.europesays.com\/it\/666266\/","title":{"rendered":"Settembre, capelli in fuga: perch\u00e9 in autunno la spazzola si riempie e quando preoccuparsi"},"content":{"rendered":"<p><strong>Quella spazzola improvvisamente troppo piena<\/strong><\/p>\n<p class=\"isSelectedEnd\">Succede quasi ogni settembre. Ci si lava i capelli e nello scarico della doccia sembra essersi trasferita mezza chioma. Poi arrivano la spazzola, il cuscino, il maglione scuro che non perdona. E la domanda inevitabile: sto perdendo i capelli?<\/p>\n<p class=\"isSelectedEnd\">Prima di dichiarare guerra allo shampoo, per\u00f2, c\u2019\u00e8 una buona notizia. <strong>Una maggiore caduta tra la fine dell\u2019estate e l\u2019inizio dell\u2019autunno \u00e8 stata effettivamente osservata negli studi sul ciclo del capello.<\/strong><\/p>\n<p class=\"isSelectedEnd\">Non significa che settembre abbia deciso di farci diventare calvi. Significa piuttosto che anche i follicoli seguono un calendario biologico e che, in alcune persone, una quota maggiore di capelli arriva contemporaneamente alla fase in cui \u00e8 pronta a cadere.<\/p>\n<p><strong>Il capello ha un\u2019agenda tutta sua<\/strong><\/p>\n<p class=\"isSelectedEnd\">Ogni capello attraversa un ciclo. La fase pi\u00f9 lunga \u00e8 l\u2019<strong>anagen<\/strong>, quella della crescita attiva. Segue una breve fase di transizione, chiamata catagen, e infine il <strong>telogen<\/strong>, un periodo di riposo al termine del quale il capello viene rilasciato e cade, mentre il follicolo si prepara a produrne un altro.<\/p>\n<p class=\"isSelectedEnd\">\u00c8 un ricambio continuo. Per l\u2019American Academy of Dermatology \u00e8 normale perdere indicativamente <strong>tra 50 e 100 capelli al giorno<\/strong>, anche se contarli uno per uno sarebbe probabilmente un modo poco rilassante di iniziare la giornata.\u00a0Il punto interessante \u00e8 che questo ricambio non sembra essere perfettamente uniforme durante l\u2019anno.<\/p>\n<p class=\"isSelectedEnd\">Uno studio pubblicato sul British Journal of Dermatology, che segu\u00ec 14 uomini sani per 18 mesi, osserv\u00f2 il minimo dei follicoli in fase di crescita a settembre e un picco della caduta intorno ad agosto-settembre. In quel piccolo campione la perdita media arriv\u00f2 a circa 60 capelli al giorno, pi\u00f9 del doppio rispetto all\u2019inverno.<\/p>\n<p class=\"isSelectedEnd\">Un altro studio, condotto su <strong>823 donne<\/strong> che lamentavano perdita di capelli, trov\u00f2 una periodicit\u00e0 annuale: la quota maggiore di capelli in telogen si osservava in estate, mentre i valori pi\u00f9 bassi comparivano alla fine dell\u2019inverno. Studi successivi sulle ricerche effettuate online hanno rilevato un andamento stagionale simile dell\u2019interesse per la caduta dei capelli, maggiore in estate e autunno.<\/p>\n<p class=\"isSelectedEnd\"><strong>La stagionalit\u00e0, quindi, \u00e8 plausibile e documentata. Le ragioni biologiche precise, per\u00f2, non sono ancora completamente chiarite.<\/strong><\/p>\n<p><strong>Quando non \u00e8 soltanto colpa dell\u2019autunno<\/strong><\/p>\n<p class=\"isSelectedEnd\">Qui arriva la distinzione importante. Una cosa \u00e8 trovare temporaneamente pi\u00f9 capelli nella doccia; un\u2019altra \u00e8 una perdita abbondante, persistente o accompagnata da un evidente diradamento.<\/p>\n<p class=\"isSelectedEnd\">Esiste per esempio il <strong>telogen effluvium<\/strong>, una condizione nella quale un numero insolitamente elevato di follicoli entra nella fase di riposo e, dopo qualche mese, i capelli cadono diffusamente. Pu\u00f2 comparire dopo febbre alta, infezioni, interventi chirurgici, parto, forte stress, dimagrimenti importanti o cambiamenti dell\u2019alimentazione. Tra le possibili cause da valutare rientrano anche carenza di ferro, alterazioni tiroidee e alcuni farmaci.<\/p>\n<p class=\"isSelectedEnd\">Il dettaglio che spesso trae in inganno \u00e8 il ritardo: <strong>la caduta pu\u00f2 manifestarsi alcuni mesi dopo l\u2019evento che l\u2019ha provocata<\/strong>. Cos\u00ec, quando i capelli iniziano a comparire ovunque, la causa potrebbe essere qualcosa che abbiamo quasi dimenticato.<\/p>\n<p class=\"isSelectedEnd\">E non tutte le perdite sono telogen effluvium. Alopecia androgenetica, alopecia areata e altre condizioni hanno caratteristiche e cause differenti.<\/p>\n<p><strong>I segnali che meritano una visita<\/strong><\/p>\n<p class=\"isSelectedEnd\">Contare i capelli caduti ogni mattina serve poco. \u00c8 pi\u00f9 utile osservare <strong>come cambia la propria chioma nel tempo<\/strong>.<\/p>\n<p class=\"isSelectedEnd\">Vale la pena parlarne con il medico o con il dermatologo se la perdita \u00e8 molto intensa e continua per settimane o mesi, se la densit\u00e0 dei capelli diminuisce visibilmente, se la scriminatura appare progressivamente pi\u00f9 larga, se l\u2019attaccatura arretra oppure compaiono chiazze senza capelli. Anche prurito persistente, dolore, arrossamento, desquamazione importante o alterazioni del cuoio capelluto meritano attenzione.<\/p>\n<p class=\"isSelectedEnd\">Lo stesso vale quando alla caduta si associano altri sintomi o quando il fenomeno compare dopo l\u2019inizio di un farmaco: <strong>una terapia non va mai sospesa autonomamente pensando che sia responsabile dei capelli persi.<\/strong><\/p>\n<p class=\"isSelectedEnd\">La visita dermatologica pu\u00f2 distinguere una semplice fase di aumentato ricambio da una vera alopecia e, quando necessario, orientare gli accertamenti verso possibili cause.<\/p>\n<p>Settembre, insomma, pu\u00f2 davvero lasciare qualche capello in pi\u00f9 sulla spazzola. Il follicolo ha i suoi ritmi e non consulta il calendario prima di seguirli. <strong>Ma quando a cambiare non \u00e8 soltanto la spazzola piena, bens\u00ec la densit\u00e0 della chioma, \u00e8 il momento di non dare automaticamente la colpa all\u2019autunno.<\/strong><\/p>\n<p><strong><img loading=\"lazy\" decoding=\"async\" src=\"https:\/\/www.europesays.com\/it\/wp-content\/uploads\/2026\/09\/ChatGPT_Image_4_set_2026,_11_22_57-1788513787922.webp\" alt=\"\" width=\"1024\" height=\"1536\" caption=\"false\"\/><\/strong><\/p>\n<p><strong>\u2e3b<\/strong><\/p>\n<p>British Journal of Dermatology \u2013 Seasonal changes in human hair growth \u2013 1991. Studio prospettico di 18 mesi che ha rilevato il picco della caduta intorno ad agosto-settembre.  <a target=\"_blank\" class=\"decorated-link\" rel=\"noopener nofollow\" href=\"https:\/\/pubmed.ncbi.nlm.nih.gov\/2003996\/?utm_source=chatgpt.com\">Studio su PubMed<\/a><\/p>\n<p>Dermatology \u2013 Seasonality of hair shedding in healthy women complaining of hair loss \u2013 2009. Analisi di 823 donne con evidenza di periodicit\u00e0 annuale.  <a target=\"_blank\" class=\"decorated-link\" rel=\"noopener nofollow\" href=\"https:\/\/pubmed.ncbi.nlm.nih.gov\/19407435\/?utm_source=chatgpt.com\">Studio su PubMed<\/a><\/p>\n<p>British Journal of Dermatology \u2013 Periodicity in the growth and shedding of hair \u2013 1996. Follow-up di lunga durata che individua la maggiore proporzione di capelli in telogen tra fine estate e inizio autunno. <\/p>\n<p>Journal of the European Academy of Dermatology and Venereology \u2013 Seasonal trends in hair loss: A big data analysis of Google search patterns and their association with seasonal factors \u2013 2023.  <a target=\"_blank\" class=\"decorated-link\" rel=\"noopener nofollow\" href=\"https:\/\/pubmed.ncbi.nlm.nih.gov\/37471104\/?utm_source=chatgpt.com\">Studio su PubMed<\/a><\/p>\n<p><a target=\"_blank\" class=\"decorated-link\" rel=\"noopener nofollow\" href=\"https:\/\/www.aad.org\/public\/diseases\/hair-loss\/insider\/shedding?utm_source=chatgpt.com\">American Academy of Dermatology<\/a> \u2013 indicazioni sulla distinzione tra normale shedding, telogen effluvium e vera perdita di capelli.<\/p>\n","protected":false},"excerpt":{"rendered":"Quella spazzola improvvisamente troppo piena Succede quasi ogni settembre. Ci si lava i capelli e nello scarico della&hellip;\n","protected":false},"author":3,"featured_media":666267,"comment_status":"","ping_status":"","sticky":false,"template":"","format":"standard","meta":{"footnotes":"","_share_on_mastodon":"0"},"categories":[175],"tags":[344350,367092,344412,5854,351409,82172,367090,367093,239,1537,90,89,240,367094,367091],"class_list":["post-666266","post","type-post","status-publish","format-standard","has-post-thumbnail","category-salute","tag-alopecia-androgenetica","tag-alopecia-areata","tag-american-academy-of-dermatology","tag-autunno","tag-british-journal-of-dermatology","tag-caduta-capelli","tag-ciclo-capello","tag-follicolo","tag-health","tag-it","tag-italia","tag-italy","tag-salute","tag-stagionalita-capelli","tag-telogen-effluvium"],"share_on_mastodon":{"url":"https:\/\/pubeurope.com\/@it\/117218272692225323","error":""},"_links":{"self":[{"href":"https:\/\/www.europesays.com\/it\/wp-json\/wp\/v2\/posts\/666266","targetHints":{"allow":["GET"]}}],"collection":[{"href":"https:\/\/www.europesays.com\/it\/wp-json\/wp\/v2\/posts"}],"about":[{"href":"https:\/\/www.europesays.com\/it\/wp-json\/wp\/v2\/types\/post"}],"author":[{"embeddable":true,"href":"https:\/\/www.europesays.com\/it\/wp-json\/wp\/v2\/users\/3"}],"replies":[{"embeddable":true,"href":"https:\/\/www.europesays.com\/it\/wp-json\/wp\/v2\/comments?post=666266"}],"version-history":[{"count":0,"href":"https:\/\/www.europesays.com\/it\/wp-json\/wp\/v2\/posts\/666266\/revisions"}],"wp:featuredmedia":[{"embeddable":true,"href":"https:\/\/www.europesays.com\/it\/wp-json\/wp\/v2\/media\/666267"}],"wp:attachment":[{"href":"https:\/\/www.europesays.com\/it\/wp-json\/wp\/v2\/media?parent=666266"}],"wp:term":[{"taxonomy":"category","embeddable":true,"href":"https:\/\/www.europesays.com\/it\/wp-json\/wp\/v2\/categories?post=666266"},{"taxonomy":"post_tag","embeddable":true,"href":"https:\/\/www.europesays.com\/it\/wp-json\/wp\/v2\/tags?post=666266"}],"curies":[{"name":"wp","href":"https:\/\/api.w.org\/{rel}","templated":true}]}}