{"id":666277,"date":"2026-09-05T11:52:17","date_gmt":"2026-09-05T11:52:17","guid":{"rendered":"https:\/\/www.europesays.com\/it\/666277\/"},"modified":"2026-09-05T11:52:17","modified_gmt":"2026-09-05T11:52:17","slug":"le-frecce-tricolori-tornano-a-tingere-i-cieli-spettacoli-di-settembre","status":"publish","type":"post","link":"https:\/\/www.europesays.com\/it\/666277\/","title":{"rendered":"Le Frecce Tricolori tornano a tingere i cieli: spettacoli di settembre"},"content":{"rendered":"<p>Il <strong>cielo italiano<\/strong> si prepara a tingersi ancora una volta di <strong>verde, bianco e rosso<\/strong>. Dopo gli appuntamenti internazionali di agosto, le<strong> Frecce Tricolori<\/strong> tornano protagoniste con cinque appuntamenti in programma nel mese di settembre, tra grandi Air Show e spettacolari sorvoli.<\/p>\n<p>Se volete assistere dal vivo alle incredibili evoluzioni della Pattuglia Acrobatica Nazionale, ecco le<strong> date da segnare in calendario<\/strong>: si parte dalla cornice suggestiva del Lago di Garda fino a raggiungere la costa assolata di Salerno.\n<\/p>\n<p>5 settembre: lo spettacolo sul Lago di Garda<\/p>\n<p>Il primo appuntamento \u00e8 quello di <strong>Desenzano del Garda <\/strong>(<a href=\"https:\/\/siviaggia.it\/notizie\/brescia-elogio-the-guardian\/600436\/\" rel=\"nofollow noopener\" target=\"_blank\">Brescia<\/a>), dove<strong> sabato 5 settembre<\/strong> andr\u00e0 in scena l\u2019Air Show del Garda. Le Frecce Tricolori saranno il momento clou di una manifestazione che vedr\u00e0 protagonisti anche diversi altri velivoli. Lo spettacolo ufficiale<strong> inizia alle 10:15<\/strong> e termina alle 12:30, con le evoluzioni della PAN a colorare il cielo sopra il lago.<\/p>\n<blockquote class=\"instagram-media\" data-instgrm-captioned=\"\" data-instgrm-permalink=\"https:\/\/www.instagram.com\/p\/Dc3RjQmApAp\/?utm_source=ig_embed&amp;utm_campaign=loading\" data-instgrm-version=\"14\" style=\" background:#FFF; border:0; border-radius:3px; box-shadow:0 0 1px 0 rgba(0,0,0,0.5),0 1px 10px 0 rgba(0,0,0,0.15); margin: 1px; max-width:100%; min-width:326px; padding:0; width:99.375%; width:-webkit-calc(100% - 2px); width:calc(100% - 2px);\"\/>\n<p>I <strong>posti migliori<\/strong> per ammirare lo spettacolo? Il <strong>Lungolago Cesare Battisti<\/strong> \u00e8 sicuramente una delle scelte pi\u00f9 suggestive: si trova nel cuore di Desenzano e offre una visuale aperta sul lago, proprio verso lo specchio d\u2019acqua sopra cui si svolgeranno le evoluzioni, ma \u00e8 bene raggiungerlo in anticipo visto il grande afflusso previsto. Un\u2019altra possibilit\u00e0 \u00e8 la <strong>spiaggia Desenzanino<\/strong>, perfetta per assistere allo show con una prospettiva pi\u00f9 rilassata e vicina all\u2019acqua. Per una vista ancora pi\u00f9 ampia, invece, potrete raggiungere diversi punti panoramici anche nelle localit\u00e0 vicine, sulla sponda meridionale del Garda: da <a href=\"https:\/\/siviaggia.it\/idee-di-viaggio\/5-cosa-da-vedere-sirmione-lago-di-garda\/244374\/\" rel=\"nofollow noopener\" target=\"_blank\">Sirmione<\/a> a <strong>Padenghe <\/strong>(per esempio dal suo <strong>castello medievale<\/strong>) lo spettacolo sar\u00e0 comunque visibile.<\/p>\n<blockquote class=\"instagram-media\" data-instgrm-captioned=\"\" data-instgrm-permalink=\"https:\/\/www.instagram.com\/p\/Dc1WRu3uj9y\/?utm_source=ig_embed&amp;utm_campaign=loading\" data-instgrm-version=\"14\" style=\" background:#FFF; border:0; border-radius:3px; box-shadow:0 0 1px 0 rgba(0,0,0,0.5),0 1px 10px 0 rgba(0,0,0,0.15); margin: 1px; max-width:100%; min-width:326px; padding:0; width:99.375%; width:-webkit-calc(100% - 2px); width:calc(100% - 2px);\"\/>\n<p>6 settembre: le Frecce Tricolori sorvolano Monza<\/p>\n<p>Appena un giorno dopo, <strong>domenica 6 settembre<\/strong>, le Frecce Tricolori voleranno sopra Monza in occasione del <a href=\"https:\/\/siviaggia.it\/notizie\/cosa-fare-milano-dintorni-gran-premio-monza-2026\/601175\/\" rel=\"nofollow noopener\" target=\"_blank\">Gran Premio d\u2019Italia di Formula 1<\/a>. Non si tratter\u00e0 quindi di un Air Show, ma di un sorvolo inserito nel calendario ufficiale della Pattuglia Acrobatica Nazionale: un\u2019occasione speciale per vedere le celebri scie tricolori nel cielo della Brianza.<\/p>\n<p>Per assistere al passaggio, la scelta pi\u00f9 suggestiva \u00e8 naturalmente l\u2019area dell<strong>\u2019Autodromo Nazionale di Monza<\/strong>, dove il sorvolo sar\u00e0 legato alla giornata del Gran Premio: avverr\u00e0 verso le 15, pochi minuti prima della partenza della gara.\u00a0Chi si trova invece in citt\u00e0 potrebbe puntare sul <strong>Parco di Monza<\/strong>, che offre ampi spazi aperti e una visuale pi\u00f9 libera verso il cielo.<\/p>\n<blockquote class=\"instagram-media\" data-instgrm-captioned=\"\" data-instgrm-permalink=\"https:\/\/www.instagram.com\/p\/DctJaxhIrIC\/?utm_source=ig_embed&amp;utm_campaign=loading\" data-instgrm-version=\"14\" style=\" background:#FFF; border:0; border-radius:3px; box-shadow:0 0 1px 0 rgba(0,0,0,0.5),0 1px 10px 0 rgba(0,0,0,0.15); margin: 1px; max-width:100%; min-width:326px; padding:0; width:99.375%; width:-webkit-calc(100% - 2px); width:calc(100% - 2px);\"\/>\n<p>12 settembre: l\u2019Air Show di Jesolo<\/p>\n<p>Il 12 settembre sar\u00e0 la volta di <strong>Jesolo<\/strong>, uno degli appuntamenti pi\u00f9 attesi dell\u2019intera stagione. Le Frecce Tricolori saranno protagoniste dello<strong> Jesolo Air Show<\/strong>, manifestazione che da anni richiama migliaia di spettatori sul litorale veneto.<\/p>\n<p>Qui scegliere il posto \u00e8 semplice: lo spettacolo \u00e8<strong> gratuitamente visibile lungo tutto il litorale<\/strong>, da piazza Marina a piazza Manzoni. Il punto centrale della display line \u00e8 l\u2019arenile di piazza Brescia, dove si trova lo show center.<\/p>\n<p>Per l\u2019occasione ci sar\u00e0 anche una curiosit\u00e0 per collezionisti e appassionati: sabato 12 settembre, dalle 10.30 alle 19, in Piazzetta Casa Bianca, sar\u00e0 disponibile uno<strong> speciale annullo filatelico<\/strong> dedicato al passaggio delle Frecce Tricolori. Il timbro figurato, realizzato appositamente per l\u2019evento, sar\u00e0 uno speciale ricordo di questa giornata.<\/p>\n<p>18 settembre: sorvolo in Val Trompia<\/p>\n<p>Il quarto appuntamento sar\u00e0<strong> venerd\u00ec 18 settembre<\/strong> in <strong>Val Trompia<\/strong>, ancora nel Bresciano. In questa occasione le Frecce Tricolori effettueranno un sorvolo legato alle celebrazioni per il <strong>500\u00b0 anniversario Beretta<\/strong>.<\/p>\n<p>Trattandosi di un sorvolo e non di un Air Show, non c\u2019\u00e8 una vera e propria area spettacolo paragonabile a quelle di Desenzano o Jesolo. Il riferimento indicato nel programma ufficiale \u00e8 Gardone Val Trompia: per vedere la formazione \u00e8 quindi consigliabile scegliere gli spazi aperti del paese e delle aree circostanti, evitando strade strette o punti coperti dagli edifici. Per gli orari e l\u2019eventuale punto esatto del sorvolo sar\u00e0 importante attendere le indicazioni degli organizzatori.<\/p>\n<blockquote class=\"instagram-media\" data-instgrm-captioned=\"\" data-instgrm-permalink=\"https:\/\/www.instagram.com\/p\/Dc08osWISEq\/?utm_source=ig_embed&amp;utm_campaign=loading\" data-instgrm-version=\"14\" style=\" background:#FFF; border:0; border-radius:3px; box-shadow:0 0 1px 0 rgba(0,0,0,0.5),0 1px 10px 0 rgba(0,0,0,0.15); margin: 1px; max-width:100%; min-width:326px; padding:0; width:99.375%; width:-webkit-calc(100% - 2px); width:calc(100% - 2px);\"\/>\n<p>27 settembre: gran finale a Salerno<\/p>\n<p>A chiudere gli appuntamenti italiani di settembre sar\u00e0 <a href=\"https:\/\/siviaggia.it\/notizie\/salerno-costiera-amalfitana-elogio-the-guardian\/592807\/\" rel=\"nofollow noopener\" target=\"_blank\">Salerno<\/a>, che dal 25 al 27 settembre ospiter\u00e0 il 22\u00b0 Raduno Nazionale dell\u2019Associazione Arma Aeronautica \u2013 Aviatori d\u2019Italia, con un grande Air Show delle Frecce Tricolori.\u00a0Per tutto il weekend sar\u00e0 allestito il <strong>Villaggio Azzurro<\/strong> sul Lungomare Santa Teresa, con un <strong>simulatore di volo, un cockpit di aereo <\/strong>in mostra e stand dedicati all\u2019Aeronautica Militare e all\u2019Associazione Arma Aeronautica. Sabato 26 settembre, alle 15.30, sono inoltre previste le prove dell\u2019esibizione della Pattuglia Acrobatica Nazionale sul lungomare di Pastena.<\/p>\n<p>Il momento pi\u00f9 atteso sar\u00e0 per\u00f2 <strong>domenica 27 settembre<\/strong>: dopo la cerimonia del Raduno e lo sfilamento degli Aviatori d\u2019Italia, alle 14.30 partiranno i trasferimenti verso Pastena, dove dalle 15:30 alle 17:30 andr\u00e0 in scena l\u2019<strong>Air Show delle Frecce Tricolori<\/strong>.<\/p>\n<p>Per ammirare le evoluzioni della PAN, \u00e8 meglio quindi raggiungere il lungomare di Pastena, dove si svolger\u00e0 l\u2019esibizione. Per chi vuole vivere l\u2019intera giornata, invece, il Lungomare Trieste e Piazza della Libert\u00e0 saranno il cuore delle celebrazioni del Raduno, mentre dal Villaggio Azzurro partir\u00e0 anche un trekking dedicato proprio alle Frecce Tricolori.<\/p>\n<p>\t<script async src=\"\/\/www.instagram.com\/embed.js\"><\/script><\/p>\n","protected":false},"excerpt":{"rendered":"Il cielo italiano si prepara a tingersi ancora una volta di verde, bianco e rosso. Dopo gli appuntamenti&hellip;\n","protected":false},"author":3,"featured_media":666278,"comment_status":"","ping_status":"","sticky":false,"template":"","format":"standard","meta":{"footnotes":"","_share_on_mastodon":"0"},"categories":[6],"tags":[328999,14,8,1537,90,89,5857,4104,4846,7,15,82,9,83,10,11150,13,11,80,84,12,81,85],"class_list":["post-666277","post","type-post","status-publish","format-standard","has-post-thumbnail","category-ultime-notizie","tag-cosa-fare-a-settembre","tag-cronaca","tag-headlines","tag-it","tag-italia","tag-italy","tag-itinerari-culturali","tag-lago","tag-lago-di-garda","tag-news","tag-notizie","tag-notizie-di-cronaca","tag-notizie-principali","tag-notiziedicronaca","tag-notizieprincipali","tag-salerno","tag-titoli","tag-ultime-notizie","tag-ultime-notizie-di-cronaca","tag-ultime-notizie-e-news-di-oggi","tag-ultimenotizie","tag-ultimenotiziedicronaca","tag-ultimenotizieenewsdioggi"],"share_on_mastodon":{"url":"","error":""},"_links":{"self":[{"href":"https:\/\/www.europesays.com\/it\/wp-json\/wp\/v2\/posts\/666277","targetHints":{"allow":["GET"]}}],"collection":[{"href":"https:\/\/www.europesays.com\/it\/wp-json\/wp\/v2\/posts"}],"about":[{"href":"https:\/\/www.europesays.com\/it\/wp-json\/wp\/v2\/types\/post"}],"author":[{"embeddable":true,"href":"https:\/\/www.europesays.com\/it\/wp-json\/wp\/v2\/users\/3"}],"replies":[{"embeddable":true,"href":"https:\/\/www.europesays.com\/it\/wp-json\/wp\/v2\/comments?post=666277"}],"version-history":[{"count":0,"href":"https:\/\/www.europesays.com\/it\/wp-json\/wp\/v2\/posts\/666277\/revisions"}],"wp:featuredmedia":[{"embeddable":true,"href":"https:\/\/www.europesays.com\/it\/wp-json\/wp\/v2\/media\/666278"}],"wp:attachment":[{"href":"https:\/\/www.europesays.com\/it\/wp-json\/wp\/v2\/media?parent=666277"}],"wp:term":[{"taxonomy":"category","embeddable":true,"href":"https:\/\/www.europesays.com\/it\/wp-json\/wp\/v2\/categories?post=666277"},{"taxonomy":"post_tag","embeddable":true,"href":"https:\/\/www.europesays.com\/it\/wp-json\/wp\/v2\/tags?post=666277"}],"curies":[{"name":"wp","href":"https:\/\/api.w.org\/{rel}","templated":true}]}}