{"id":666296,"date":"2026-09-05T12:12:15","date_gmt":"2026-09-05T12:12:15","guid":{"rendered":"https:\/\/www.europesays.com\/it\/666296\/"},"modified":"2026-09-05T12:12:15","modified_gmt":"2026-09-05T12:12:15","slug":"dybala-pulisic-gnonto-stones-de-bruyne-pinamonti-mckennie-le-novita","status":"publish","type":"post","link":"https:\/\/www.europesays.com\/it\/666296\/","title":{"rendered":"Dybala, Pulisic, Gnonto, Stones, De Bruyne, Pinamonti, McKennie: le novit\u00e0"},"content":{"rendered":"<p>\nLa terza giornata del campionato di Serie A \u00e8 iniziata: vediamo di seguito le ultime novit\u00e0 che arrivano dai campi e non solo, in ottica fantacalcio.\n<\/p>\n<p>\n<strong>FIORENTINA<\/strong> &#8211; La Fiorentina di Grosso cerca la svolta dopo le prime due brutte sconfitte. Il tecnico spera di riuscire a trovare l&#8217;assetto giusto per la gara di oggi contro il Torino. In porta De Gea, davanti a lui dovrebbero partire dal 1&#8242; <strong>Joao Mario, in vantaggio su Jimenez, Dragusin, Ranieri che si gioca il posto con Pongracic e Valdepenas<\/strong> a sinistra. In mezzo al campo <strong>Ndour, Fagioli e uno tra Oulai e Atta che non \u00e8 al meglio<\/strong> e dovrebbe partire dalla panchina. Davanti il trio Mastantuono, Pellegrino e <strong>Njie che si gioca l&#8217;ultima maglia con Gnonto<\/strong>.\n<\/p>\n<p>        <img src=\"https:\/\/www.europesays.com\/it\/wp-content\/uploads\/2026\/09\/GettyImages-2293203946-8aa78483a79c-480x269.jpg\"   width=\"715\" height=\"400\" alt=\"GettyImages-2293203946\" title=\"GettyImages-2293203946\" loading=\"eager\" fetchpriority=\"high\" decoding=\"sync\" class=\"w-full h-auto aspect-3\/2 object-cover object-top rounded-lg\"\/><\/p>\n<p>\n<strong>TORINO<\/strong> &#8211; In cerca di riscatto anche il Torino di Abate. Il tecnico ha pochi dubbi per il suo 3-5-2: in porta l&#8217;ultimo arrivato Perri, davanti a lui nella linea a tre l&#8217;ex <strong>Comuzzo, insieme a Coco e Comert<\/strong>. Sulle corsie a destra dovrebbe toccare a Fortini, a sinistra <strong>Cacciamani \u00e8 in netto vantaggio su Patterson<\/strong>. In mezzo al campo dovrebbero partire dal 1&#8242; Vlasic, Mandragora e Fitz-Jim. <strong>In attacco la coppia Simeone-Adams. <\/strong>Da non escludere la presenza in mezzo di Gineitis con lo spostamento pi\u00f9 avanti di Vlasic.\n<\/p>\n<p>\n<strong>MILAN<\/strong> &#8211; Amorim ancora alle prese con l&#8217;assenza di Gabbia, come spiega La Gazzetta dello Sport: &#8220;<strong>Gabbia \u00e8 infortunato e forse recuperabile per la prossima trasferta (senza ripassare da casa) nello stadio della Lazio<\/strong>. In panchina andranno cos\u00ec il reintegrato Tomori e il giovane Diawara. Rientrer\u00e0 Rabiot, e il punto \u00e8 proprio a quale altezza lo far\u00e0. Tra esterni e trequartisti a supporto di Ramos (altra certezza) <strong>resta ancora qualche ballottaggio aperto: Chukwueze non dovrebbe al momento avere rivali a destra, mentre Moreira si candida<\/strong> per entrare a sinistra o nei due a sostegno della punta. Spazio in corsa lo trover\u00e0 finalmente anche <strong>Pulisic, quasi al meglio della forma<\/strong>, dopo l\u2019infortunio estivo e le prime due gare in panchina&#8221;.\n<\/p>\n<p>\n<strong>INTER<\/strong> &#8211; Primo big match per l&#8217;Inter di Chivu dopo le vittorie con Monza e Cagliari. Il tecnico dei nerazzurri ha ancora qualche dubbio di formazione, soprattutto in difesa: il trio dovrebbe essere composto da <strong>Pavard, Stones e Bastoni<\/strong>, con <strong>Bisseck ancora in corsa per rubare il posto al difensore francese e Akanji <\/strong>che potrebbe essere risparmiato in vista del Real<strong>. <\/strong>. A destra dovrebbe tornare Diouf, mentre a sinistra <strong>Dimarco sembra essere in vantaggio su Carlos Augusto<\/strong>. In mezzo al campo Calhanoglu in regia, al suo fianco Barella e Zielinski. Il dubbio in mediana \u00e8 su Sucic che potrebbe prendere il posto del turco, con Zielinski che diventerebbe il regista. <strong>Davanti confermata la coppia Lautaro-Esposito. <\/strong>\n<\/p>\n<p>\n<strong>NAPOLI &#8211; <\/strong>Allegri dovr\u00e0 fare a meno di McTominay e Giovane e dovrebbe confermare il 4-3-3. Davanti a Meret, linea a 4 che dovrebbe essere composta da Di Lorenzo, Rrahmani, Rafa Marin e Spinazzola, con <strong>Beukema che \u00e8 ancora in corsa per una maglia da titolare con Rafa Marin<\/strong>. A centrocampo regia affidata a Lobotka con Anguissa e <strong>Vergara, al momento davanti a De Bruyne<\/strong>. Tridente offensivo che dovrebbe essere composto da <strong>Politano, Hojlund e Alisson. <\/strong>\n<\/p>\n<p>\n<strong>ROMA<\/strong> &#8211; Il grande dubbio di Gasperini \u00e8 relativo a Paulo Dybala, come sottolinea il Messaggero &#8220;La conferma arriver\u00e0 in mattinata, con la rifinitura, ma <strong>Dybala viaggia non solo verso la convocazione ma prenota una maglia da titolare<\/strong> anche contro l&#8217;Atalanta. Poi \u00e8 chiaro, andr\u00e0 gestito&#8221;. <strong>Ndicka<\/strong> che prender\u00e0 regolarmente il suo posto al centro della difesa davanti a Svilar, completata da Mancini e Hermoso. Qualora il centrale dovesse essere risparmiato, \u00e8 pronto Ghilardi. Sulla destra dovrebbe essere <strong>confermato Lulli<\/strong>, con Wesley sul versante opposto. In mezzo al campo la coppia Cristante-Kon\u00e9. Davanti il capocannoniere Malen, <strong>supportato da Dybala e Mora<\/strong>. Pronto Soul\u00e9 in caso di forfait di Dybala&#8221;.\n<\/p>\n<p>\n<strong>JUVE<\/strong> &#8211; Spalletti deve fare i conti con delle assenze importanti in vista del big match contro il Milan. Non solo Thuram, Ekhator e Yildiz, le ultime dalla Continassa secondo Tuttosport: &#8220;Ieri, <strong>Cambiaso e McKennie hanno continuato a lavorare a parte<\/strong>: il primo per l\u2019infortunio alla caviglia destra, il secondo per un problema muscolare ancora da smaltire. Entrano nella zona di pericolo, a questo punto <strong>non \u00e8 da escludere che possano non essere convocati contro il Milan<\/strong>. In questo senso, sar\u00e0 rivelatorio l\u2019allenamento di questa mattina, prima delle parole in conferenza stampa di Spalletti alle 16. Lavoro differenziato anche per Pape <strong>Matar Sarr:<\/strong> il nuovo acquisto ha, di fatto, cominciato ieri la sua avventura in bianconero, dopo aver sbrigato le ultime pratiche burocratiche. Inoltre, \u00e8 reduce da un leggero problema muscolare accusato nel finale della sua esperienza al Tottenham. Se dovesse essere convocato sarebbe pi\u00f9 per iniziare a respirare l\u2019aria della squadra che per un impiego durante il match. Infine, rientro in gruppo per <strong>Zhegrova<\/strong> che, dopo l\u2019allenamento, si \u00e8 concesso ai tifosi presenti fuori dalla Continassa. \u00c8 apparso sereno, nonostante l\u2019esclusione dalla lista Uefa. <strong>In gruppo anche Woltemade: lui s\u00ec, si candida ai primi minuti ufficiali<\/strong> con la Juventus&#8221;.\n<\/p>\n<p>\n<strong>ATALANTA<\/strong> &#8211; Ancora qualche dubbio di formazione per l&#8217;Atalanta di Sarri in vista della gara dell&#8217;Olimpico contro la Roma. Il ballottaggio pi\u00f9 aperto \u00e8 <strong>sulla fascia sinistra dove Elmas e Raspadori si giocano la maglia, con Rowe pi\u00f9 staccato<\/strong>. In difesa, davanti a Carnesecchi, dovrebbero esserci Zappacosta, Kossounou, Scalvini e Bernasconi. In mediana <strong>Samardzic, Gaetano ed Ederson, con Kessie pronto a dare il suo contributo a gara in corso<\/strong>. E in attacco il tridente De Ketelaere, Scamacca e come detto Elmas, leggermente in vantaggio. Torna tra i convocati Kristensen.\n<\/p>\n<p>\n<strong>MONZA<\/strong> &#8211; Brutte notizie per Juric che non avr\u00e0 a disposizione Varela per la sfida contro il Parma, come scrive La Gazzetta dello Sport: &#8220;Patrick Cutrone \u00e8 pronto a prendersi sulle spalle il peso dell\u2019attacco del Monza. <strong>L\u2019assenza per infortunio del sorprendente Gustavo Varela (problema muscolare, out un paio di settimane<\/strong>) responsabilizza ancora di pi\u00f9 il numero 10 biancorosso. Cutrone a Parma dovrebbe giocare da attaccante centrale, pronto ad alternarsi tra le linee con Colpani e Mota Carvalho&#8221;.\n<\/p>\n<p>\n<strong>CAGLIARI<\/strong> &#8211; L&#8217;ultimo aggregato alla squadra di Pisacane non \u00e8 ancora in condizione, come spiega La Gazzetta dello Sport: &#8220;<strong>M\u2019Bala Nzola<\/strong>, preso da Tommaso Giulini, a pochi minuti dal gong del mercato marted\u00ec, va ricondizionato. Pure ieri ha lavorato a parte. Potrebbe essere convocato, ma di certo <strong>non pu\u00f2 cominciare dal via luned\u00ec sera<\/strong>. A questo punto non resta che sperare in Paul Mendy, autore del momentaneo pareggio contro il Verona&#8221;.\n<\/p>\n<p>\n<strong>UDINESE<\/strong> &#8211; Giorno libero per l&#8217;Udinese. Cosi ha deciso Kosta Runjaic che ha concesso una giornata di stacco completo alla squadra, dandole appuntamento a questo pomeriggio quando i bianconeri metteranno la Lazio nel mirino, con le prove tattiche, come sottolinea il Messaggero Veneto: &#8220;Prove a cui <strong>parteciperanno anche Giorgi Chakvetadze e Lazar Jovanovic<\/strong>. Chakvetadze ha completato il suo iter di guarigione e <strong>sar\u00e0 quindi a disposizione per entrare a partita in corso<\/strong>, sempre che Runjaic non decida per altre soluzioni. In difesa \u00e8 scontata a riconferma di Christian <strong>Kabasele<\/strong> che sar\u00e0 alla sua prima in A dopo il rientro in Coppa Italia&#8221;.\n<\/p>\n<p>\n<strong>LAZIO<\/strong> &#8211; Gattuso deve ancora fare la conta degli infortunati, come ricorda il Corriere dello Sport: &#8220;<strong>Rovella \u00e8 finito ko contro il Genoa, torner\u00e0 dopo la sosta per una lesione al polpaccio. Rientro previsto il 10 ottobre con il Monza<\/strong>. Ai box, nella prima giornata a Bologna, c&#8217;era finito invece <strong>Dele-Bashiru<\/strong>, il suo problema \u00e8 meno pesante di quello di Marusic (l&#8217;altro sostituito forzatamente al Dall&#8217;Ara). <strong>Cataldi \u00e8 ancora alle prese con il recupero post-operazione per la pubalgia<\/strong>, il reparto \u00e8 praticamente scontato: Belahyane tra Frattesi e Taylor come successo dal 37&#8242; del primo tempo di domenica scorsa. Definita anche la linea di difesa: Floriani Mussolini e Tavares sulle fasce, la coppia Doekhi-Provstgaard in mezzo per proteggere Mandas. Sono stati centrati due clean-sheet dopo la figuraccia di Coppa Italia con il Mantova. Davanti i dubbi maggiori di formazione: <strong>Pinamonti, ceduto Dia, viaggia verso la prima titolarit\u00e0<\/strong> in biancoceleste. L&#8217;alternativa \u00e8 Noslin, anche se Gudmunsson in allenamento \u00e8 stato testato nel doppio ruolo, come falso nove e sulla sinistra. Dove giocher\u00e0 Zaccagni, mentre a destra \u00e8 aperto il ballottaggio tra Cancellieri e Isaksen&#8221;.<\/p>\n","protected":false},"excerpt":{"rendered":"La terza giornata del campionato di Serie A \u00e8 iniziata: vediamo di seguito le ultime novit\u00e0 che arrivano&hellip;\n","protected":false},"author":3,"featured_media":666297,"comment_status":"","ping_status":"","sticky":false,"template":"","format":"standard","meta":{"footnotes":"","_share_on_mastodon":"0"},"categories":[176],"tags":[19599,1548,12672,13074,164282,367104,5263,569,765,45685,178512,6512,65940,49230,4701,6300,2008,367105,367106,1856,18033,367107,921,52266,925,1053,328416,39446,5888,7521,10111,17732,4297,5006,2235,1276,790,5009,277,4702,3177,367103,767,6258,3879,6018,367108,748,367109,7757,1341,134258,18967,29198,1115,54032,720,5299,2263,1974,24659,629,1280,1281,5360,56407,5183,2885,1537,90,89,5188,4781,2219,1894,553,11121,10277,7462,3484,3530,1885,273389,1917,494,3674,315,245,244,1857,3375,1641,907,3481,336859,6370],"class_list":["post-666296","post","type-post","status-publish","format-standard","has-post-thumbnail","category-sport","tag-adams","tag-allenamento","tag-aperto","tag-arrivano","tag-arrivano-campi","tag-arrivano-campi-ottica","tag-assenza","tag-atalanta","tag-attacco","tag-ballottaggio","tag-ballottaggio-aperto","tag-big","tag-big-match","tag-brutte","tag-bruyne","tag-cagliari","tag-campi","tag-campi-ottica","tag-campi-ottica-fantacalcio","tag-campionato","tag-campionato-serie","tag-campionato-serie-iniziata","tag-campo","tag-candida","tag-centrale","tag-cerca","tag-chakvetadze","tag-composto","tag-concesso","tag-continassa","tag-convocati","tag-convocato","tag-coppa","tag-coppa-italia","tag-coppia","tag-corsa","tag-corso","tag-cutrone","tag-de","tag-de-bruyne","tag-destra","tag-destra-dovrebbe","tag-difesa","tag-disposizione","tag-dovesse","tag-dovrebbe","tag-dovrebbe-composto","tag-dovrebbero","tag-dovrebbero-partire","tag-dubbi","tag-dubbio","tag-dubbio-formazione","tag-dybala","tag-elmas","tag-entrare","tag-escludere","tag-fantacalcio","tag-finito","tag-fiorentina","tag-formazione","tag-gabbia","tag-gara","tag-gazzetta","tag-gazzetta-sport","tag-gioca","tag-giornata-campionato","tag-giornata","tag-infortunio","tag-it","tag-italia","tag-italy","tag-lazio","tag-linea","tag-maglia","tag-match","tag-milan","tag-monza","tag-muscolare","tag-novita","tag-panchina","tag-partire","tag-problema","tag-problema-muscolare","tag-pronto","tag-punto","tag-rientro","tag-sinistra","tag-sport","tag-sports","tag-squadra","tag-tecnico","tag-torino","tag-ultime","tag-vantaggio","tag-varela","tag-vista"],"share_on_mastodon":{"url":"","error":"Validation failed: Text character limit of 500 exceeded"},"_links":{"self":[{"href":"https:\/\/www.europesays.com\/it\/wp-json\/wp\/v2\/posts\/666296","targetHints":{"allow":["GET"]}}],"collection":[{"href":"https:\/\/www.europesays.com\/it\/wp-json\/wp\/v2\/posts"}],"about":[{"href":"https:\/\/www.europesays.com\/it\/wp-json\/wp\/v2\/types\/post"}],"author":[{"embeddable":true,"href":"https:\/\/www.europesays.com\/it\/wp-json\/wp\/v2\/users\/3"}],"replies":[{"embeddable":true,"href":"https:\/\/www.europesays.com\/it\/wp-json\/wp\/v2\/comments?post=666296"}],"version-history":[{"count":0,"href":"https:\/\/www.europesays.com\/it\/wp-json\/wp\/v2\/posts\/666296\/revisions"}],"wp:featuredmedia":[{"embeddable":true,"href":"https:\/\/www.europesays.com\/it\/wp-json\/wp\/v2\/media\/666297"}],"wp:attachment":[{"href":"https:\/\/www.europesays.com\/it\/wp-json\/wp\/v2\/media?parent=666296"}],"wp:term":[{"taxonomy":"category","embeddable":true,"href":"https:\/\/www.europesays.com\/it\/wp-json\/wp\/v2\/categories?post=666296"},{"taxonomy":"post_tag","embeddable":true,"href":"https:\/\/www.europesays.com\/it\/wp-json\/wp\/v2\/tags?post=666296"}],"curies":[{"name":"wp","href":"https:\/\/api.w.org\/{rel}","templated":true}]}}