{"id":666305,"date":"2026-09-05T12:17:16","date_gmt":"2026-09-05T12:17:16","guid":{"rendered":"https:\/\/www.europesays.com\/it\/666305\/"},"modified":"2026-09-05T12:17:16","modified_gmt":"2026-09-05T12:17:16","slug":"ha-ventanni-piu-di-me-ma-facciamo-sul-serio-le-parole-del-fidanzato-di-tiphaine-auziere-la-figlia-di-brigitte-macron","status":"publish","type":"post","link":"https:\/\/www.europesays.com\/it\/666305\/","title":{"rendered":"\u00abHa vent&#8217;anni pi\u00f9 di me, ma facciamo sul serio\u00bb: le parole del fidanzato di Tiphaine Auzi\u00e8re, la figlia di Brigitte Macron"},"content":{"rendered":"<p>    di<br \/>\n    Irene Soave<\/p>\n<p class=\"summary-art is-line-h-12\">Da pochi giorni la figlia della premi\u00e8re dame francese ha ufficializzato la sua relazione con un uomo pi\u00f9 giovane: proprio come la madre Brigitte con il presidente Emmanuel Macron<\/p>\n<p class=\"chapter-paragraph\">\u00ab<b>Capisco l&#8217;interesse della gente, ma il nostro non \u00e8 un flirt estivo.\u00a0\u00c8 un amore ed \u00e8 serio<\/b>. Abbiamo piani per il futuro\u00bb. Cos\u00ec, in muta ancora bagnata e sporca di sabbia, il surfista &#8211; kitesurf &#8211; Antoine Lecomte risponde serenamente ai cronisti del Daily Mail, volati fino alla spiaggia francese di Le Touquet dove il ragazzo, 22 anni, lavora per l&#8217;estate.<b>\u00a0\u00c8 il nuovo fidanzato di Tiphaine Auzi\u00e8re, la figlia della <a href=\"https:\/\/www.corriere.it\/esteri\/26_aprile_26\/brigitte-macron-le-confessioni-della-premiere-dame-ho-visto-l-oscurita-del-mondo-a-volte-mi-sento-triste-come-non-sono-mai-stata-3a060f7d-a2d5-44cf-8b6e-9ec0cec04xlk.shtml\" rel=\"nofollow noopener\" target=\"_blank\">premi\u00e8re dame francese Brigitte Macron<\/a><\/b>: come la madre, anche Tiphaine Auzi\u00e8re, separata dal primo marito, \u00e8 molto pi\u00f9 grande del suo nuovo fidanzato Antoine, cio\u00e8 ha vent&#8217;anni precisi in pi\u00f9.\u00a0<\/p>\n<p class=\"chapter-paragraph\">Lecomte le manda un messaggio prima di continuare a raccontare.\u00a0\u00ab<b>Qui a Le Touquet sono tutti contenti per noi. L&#8217;et\u00e0 non conta se ci si ama<\/b>. E Tiphaine avr\u00e0 vent&#8217;anni pi\u00f9 di me ma \u00e8 divertente, piena di joie de vivre\u00bb.\u00a0    &#13;<br \/>\n&#13;<br \/>\n&#13;<br \/>\n&#13;<br \/>\n&#13;<br \/>\n&#13;<br \/>\n&#13;<br \/>\n&#13;<br \/>\n&#13;<br \/>\n&#13;<br \/>\n&#13;<br \/>\n&#13;<br \/>\n&#13;<br \/>\n&#13;<br \/>\n&#13;<br \/>\n&#13;<br \/>\n&#13;<br \/>\n&#13;<br \/>\n&#13;<br \/>\n&#13;<br \/>\n&#13;<br \/>\n&#13;<br \/>\n&#13;<br \/>\n&#13;<br \/>\n&#13;<br \/>\n&#13;<br \/>\n&#13;<br \/>\n&#13;<br \/>\n&#13;<br \/>\n&#13;<br \/>\n&#13;<br \/>\n&#13;<br \/>\n&#13;<br \/>\n&#13;<br \/>\n&#13;<br \/>\n&#13;<br \/>\n&#13;<br \/>\n&#13;<br \/>\n&#13;<br \/>\n&#13;<br \/>\n&#13;<br \/>\n&#13;<br \/>\n&#13;<br \/>\n&#13;<br \/>\n&#13;<br \/>\n&#13;<br \/>\n&#13;<br \/>\n&#13;<br \/>\n&#13;<br \/>\n&#13;<br \/>\n&#13;<br \/>\n&#13;<br \/>\n&#13;\n<\/p>\n<p class=\"chapter-paragraph\">La coppia si \u00e8 ufficializzata con mezzi moderni: cio\u00e8 con un post congiunto su Instagram, questa settimana. <b>Un video delle vacanze ad Amsterdam intitolato (da lui)\u00a0\u00abIn Dam with Madam\u00bb<\/b>.\u00a0<\/p>\n<p class=\"chapter-paragraph\">Antoine Lecomte studia all&#8217;universit\u00e0, business administration; e lavora in estate al mare, nel posto dove passava l&#8217;estato da bambino. Produce vele per il kitesurf e <b>ha una startup che si chiama Mission Kiteboarding. Tiphaine, avvocata e da sempre grande supporter della madre<\/b>, ha gi\u00e0 due figlie dall&#8217;ex marito, il gastroenterologo Antoine Choteau, e le avrebbe gi\u00e0 presentate al suo nuovo amore.\u00a0<\/p>\n<p class=\"chapter-paragraph\">Si sono conosciuti a Le Touquet: lei\u00a0 ha chiesto lezioni di kitesurf all&#8217;inizio dell&#8217;estate nella scuola che lui ha aperto. Dopo la prima lezione ha postato una foto di s\u00e9 con la muta mezza aperta, stile Bond girl; tra i due sono cominciati contatti informali, si sono rivisti a una festa e tutto \u00e8 cominciato.\u00a0\u00ab<b>Ma non avevo idea che fosse la figlia di Brigitte Macron, l&#8217;ho capito solo dopo un po&#8217;<\/b>. E ci rendiamo felici\u00bb. Quella con Tiphaine Auzi\u00e8re, insiste,\u00a0\u00ab\u00e8 una storia molto seria, abbiamo programmi. Il prossimo \u00e8 un viaggio di lavoro in Asia in cui lei, che \u00e8 avvocata, mi aiuter\u00e0\u00bb.\u00a0<\/p>\n<p class=\"chapter-paragraph\">Brigitte Macron aveva incontrato il fidanzato per la prima volta nel 1992: lui aveva quindici anni ed era in classe col primo figlio di lei, <b>Laurence, oggi cardiologo; lei era la loro insegnante di lettere. Si erano fidanzati l&#8217;anno seguente<\/b>, scrivendo una sceneggiatura per il corso di teatro. A diciassette anni Emmanuel Macron aveva fatto dichiarazioni di seriet\u00e0:\u00a0<b>\u00abTi sposer\u00f2 qualsiasi cosa succeda\u00bb<\/b>. Proprio come Antoine Lecomte, che dice:\u00a0\u00ab\u00c8 una cosa seria\u00bb. I Macron si erano poi sposati proprio a Le Touquet: lei 54 anni, lui 29. Nel suo discorso, Emmanuel Macron aveva ringraziato i figli di lei per averlo accettato:\u00a0\u00abNon dev&#8217;essere stato semplice\u00bb.\u00a0<\/p>\n<p class=\"chapter-paragraph\">Ma Tiphaine ha sempre parlato in pubblico della madre e del suo nuovo marito con toni adoranti, e sostenuto la loor scelta.\u00a0\u00ab<b>Se devo pensare a un&#8217;immagine di cos&#8217;\u00e8 l&#8217;amore, penso a loro<\/b>\u00bb, aveva detto in un&#8217;intervista.\u00a0\u00abAttorno a loro sembra che il mondo non esista\u00bb. I bene informati dicono che il giovane Antoine incontrer\u00e0 presto Brigitte Macron.\u00a0<\/p>\n<p class=\"is-last-update\" datetime=\"2026-09-05T13:12:35+02:00\">5 settembre 2026 ( modifica il 5 settembre 2026 | 13:12)<\/p>\n<p class=\"is-copyright\">\n            \u00a9 RIPRODUZIONE RISERVATA\n        <\/p>\n","protected":false},"excerpt":{"rendered":"di Irene Soave Da pochi giorni la figlia della premi\u00e8re dame francese ha ufficializzato la sua relazione con&hellip;\n","protected":false},"author":3,"featured_media":666306,"comment_status":"","ping_status":"","sticky":false,"template":"","format":"standard","meta":{"footnotes":"","_share_on_mastodon":"0"},"categories":[160],"tags":[87,202084,367115,367111,367116,2481,8944,8945,2042,14,164,165,935,367117,12657,12658,1533,5226,367118,367119,3384,367120,367121,367122,367123,3368,229,153923,3441,367124,367112,8940,4045,7242,166,7,15,367110,367113,367114,11,167,12,168,35026,161,162,163],"class_list":["post-666305","post","type-post","status-publish","format-standard","has-post-thumbnail","category-mondo","tag-amore","tag-antoine","tag-antoine-lecomte","tag-auziere","tag-auziere-figlia","tag-avvocata","tag-brigitte","tag-brigitte-macron","tag-cioe","tag-cronaca","tag-dal-mondo","tag-dalmondo","tag-dame","tag-dame-francese","tag-emmanuel","tag-emmanuel-macron","tag-estate","tag-fidanzato","tag-fidanzato-tiphaine","tag-fidanzato-tiphaine-auziere","tag-figlia","tag-figlia-brigitte","tag-figlia-brigitte-macron","tag-figlia-premiere","tag-figlia-premiere-dame","tag-francese","tag-giovane","tag-kitesurf","tag-lavora","tag-lavora-estate","tag-lecomte","tag-macron","tag-madre","tag-marito","tag-mondo","tag-news","tag-notizie","tag-tiphaine","tag-tiphaine-auziere","tag-touquet","tag-ultime-notizie","tag-ultime-notizie-di-mondo","tag-ultimenotizie","tag-ultimenotiziedimondo","tag-vent","tag-world","tag-world-news","tag-worldnews"],"share_on_mastodon":{"url":"","error":"Validation failed: Text character limit of 500 exceeded"},"_links":{"self":[{"href":"https:\/\/www.europesays.com\/it\/wp-json\/wp\/v2\/posts\/666305","targetHints":{"allow":["GET"]}}],"collection":[{"href":"https:\/\/www.europesays.com\/it\/wp-json\/wp\/v2\/posts"}],"about":[{"href":"https:\/\/www.europesays.com\/it\/wp-json\/wp\/v2\/types\/post"}],"author":[{"embeddable":true,"href":"https:\/\/www.europesays.com\/it\/wp-json\/wp\/v2\/users\/3"}],"replies":[{"embeddable":true,"href":"https:\/\/www.europesays.com\/it\/wp-json\/wp\/v2\/comments?post=666305"}],"version-history":[{"count":0,"href":"https:\/\/www.europesays.com\/it\/wp-json\/wp\/v2\/posts\/666305\/revisions"}],"wp:featuredmedia":[{"embeddable":true,"href":"https:\/\/www.europesays.com\/it\/wp-json\/wp\/v2\/media\/666306"}],"wp:attachment":[{"href":"https:\/\/www.europesays.com\/it\/wp-json\/wp\/v2\/media?parent=666305"}],"wp:term":[{"taxonomy":"category","embeddable":true,"href":"https:\/\/www.europesays.com\/it\/wp-json\/wp\/v2\/categories?post=666305"},{"taxonomy":"post_tag","embeddable":true,"href":"https:\/\/www.europesays.com\/it\/wp-json\/wp\/v2\/tags?post=666305"}],"curies":[{"name":"wp","href":"https:\/\/api.w.org\/{rel}","templated":true}]}}