{"id":666333,"date":"2026-09-05T12:42:12","date_gmt":"2026-09-05T12:42:12","guid":{"rendered":"https:\/\/www.europesays.com\/it\/666333\/"},"modified":"2026-09-05T12:42:12","modified_gmt":"2026-09-05T12:42:12","slug":"belen-rodriguez-e-gaetano-fidanzati-storia-finita-cosa-sappiamo","status":"publish","type":"post","link":"https:\/\/www.europesays.com\/it\/666333\/","title":{"rendered":"Belen Rodriguez e Gaetano Fidanzati, storia finita. Cosa sappiamo"},"content":{"rendered":"<p>                                Dopo settimane di tira e molla, la conduttrice ha anche smesso di seguire il personal trainer<\/p>\n<p>                    5 settembre &#8211; 11:26  &#8211; MILANO<\/p>\n<p class=\"paragraph\" spellcheck=\"true\">A <a href=\"https:\/\/www.gazzetta.it\/spettacolo-tv-gossip\/24-08-2026\/belen-e-gaetano-fidanzati-crisi-superata-la-frase-di-lui-sui-social.shtml?intcmp=hyperlink-articolo-gazit\" target=\"_blank\" rel=\"nofollow noopener\">pochi giorni dalla smentita<\/a>, il nuovo colpo di scena: la frequentazione tra <b>Belen Rodriguez<\/b> e <b>Gaetano Fidanzati<\/b> sembra giunta alla conclusione e stavolta l&#8217;addio sembra definitivo. Dopo <a href=\"https:\/\/www.gazzetta.it\/spettacolo-tv-gossip\/22-08-2026\/belen-vola-in-grecia-con-la-figlia-luna-mari-l-assenza-di-fidanzati.shtml?intcmp=hyperlink-articolo-gazit\" target=\"_blank\" rel=\"nofollow noopener\">un tira e molla<\/a> durato qualche settimana, complice il periodo tutt&#8217;altro che sereno vissuto dalla conduttrice, in queste ore <b>la 41enne ha smesso di seguire <a href=\"https:\/\/www.gazzetta.it\/spettacolo-tv-gossip\/16-07-2026\/belen-tifa-argentina-insieme-a-gaetano-fidanzati-forza-equipo.shtml?intcmp=hyperlink-articolo-gazit\" target=\"_blank\" rel=\"nofollow noopener\">il personal trainer<\/a><\/b>\u00a0sui social e ha <b>affidato a Instagram un lungo sfogo<\/b> che, secondo i suoi fan, sarebbe rivolto proprio a lui.<\/p>\n<p>        Belen Rodriguez, il duro sfogo social\u2014 \u00a0<\/p>\n<p class=\"paragraph\" spellcheck=\"true\">&#8220;La mia stima si affievolisce davanti a chi non ha il coraggio di restare quando conta davvero. Chi sparisce al primo segno di difficolt\u00e0, perde spazio nella mia vita. Le parole gonfiate le porta via il vento. Chi ha coraggio non promette, resta. Non consola, si siede nel fango con te finch\u00e9 non trovi la forza di rialzarti&#8221;, ha scritto Belen in una storia su Instagram, <b>senza menzionare direttamente l&#8217;uomo <\/b>che negli ultimi mesi <a href=\"https:\/\/www.gazzetta.it\/spettacolo-tv-gossip\/17-06-2026\/belen-rodriguez-e-gaetano-fidanzati-escono-allo-scoperto.shtml?intcmp=hyperlink-articolo-gazit\" target=\"_blank\" rel=\"nofollow noopener\">\u00e8 stato al suo fianco<\/a>: &#8220;Essere liberi non \u00e8 fuggire dal dolore altrui, \u00e8 scegliere di restarci dentro senza esserne schiacciati con la lucidit\u00e0 di chi costruisce, di chi non pensa solo a se stesso, chi \u00e8 altruista e non il contrario&#8221;.<\/p>\n<p class=\"paragraph\" spellcheck=\"true\"><a href=\"https:\/\/www.gazzetta.it\/spettacolo-tv-gossip\/29-08-2026\/belen-canta-con-la-flebo-al-braccio-e-scatta-la-polemica.shtml?intcmp=hyperlink-articolo-gazit\" target=\"_blank\" rel=\"nofollow noopener\">La conduttrice<\/a>, in questi giorni presa di mira dall&#8217;ex fidanzato storico Fabrizio Corona e impegnata in <b>una battaglia per far chiudere i suoi profili social<\/b>, si \u00e8 poi rivolta direttamente ai suoi fan e a tutte le persone che, di fronte alle difficolt\u00e0, le hanno dimostrato vicinanza e affetto: &#8220;E a voi che siete rimasti, che non avete avuto bisogno di grandi gesti per farmi sentire che c&#8217;eravate, dico grazie. Grazie per essere stati presenza e non solo parole, per aver scelto di restare quando sarebbe stato pi\u00f9 facile andare. Il vostro esserci, nei momenti in cui il dolore pesava di pi\u00f9, vale pi\u00f9 di ogni promessa mai fatta. Il resto per me non conta nulla&#8221;.<\/p>\n<p>        Belen smette di seguire Gaetano Fidanzati e non solo\u2014 \u00a0<\/p>\n<p class=\"paragraph\" spellcheck=\"true\">Dopo la pubblicazione del duro sfogo, <b>la 45enne ha smesso di seguire su Instagram Gaetano Fidanzati<\/b>, ma non solo. Per motivi non ancora chiariti, la conduttrice ha tolto il follow anche all&#8217;<a href=\"https:\/\/www.gazzetta.it\/spettacolo-tv-gossip\/08-08-2026\/belen-rodriguez-smentisce-il-gossip-su-stefano-de-martino-e-gilda-ambrosio.shtml?intcmp=hyperlink-articolo-gazit\" target=\"_blank\" rel=\"nofollow noopener\">ex marito Stefano De Martino<\/a>, che solo pochi giorni fa aveva elogiato in vista del suo debutto alla guida del <a href=\"https:\/\/www.gazzetta.it\/spettacolo-tv-gossip\/04-07-2026\/sanremo-2027-stefano-de-martino-svela-la-divisione-delle-serate.shtml?intcmp=hyperlink-articolo-gazit\" target=\"_blank\" rel=\"nofollow noopener\">Festival di Sanremo<\/a>, e alla conduttrice <a href=\"https:\/\/www.gazzetta.it\/spettacolo-tv-gossip\/01-09-2026\/diletta-leotta-primo-red-carpet-ad-amburgo-con-loris-karius-le-foto.shtml?intcmp=hyperlink-articolo-gazit\" target=\"_blank\" rel=\"nofollow noopener\">Diletta Leotta<\/a>.<\/p>\n<p>        Belen Rodriguez si concentra sul lavoro\u2014 \u00a0<\/p>\n<p class=\"paragraph\" spellcheck=\"true\">Archiviata un&#8217;estate non facilissima, <b>la conduttrice \u00e8 pronta a lanciarsi a capofitto nel lavoro<\/b>. \u00c8 stata lei, in una storia su Instagram, a confermare i tanti impegni in programma, dal ritorno nel cast fisso di <b>T\u00fa s\u00ed que vales<\/b>, in qualit\u00e0 di giudice dello spazio dedicato al lip sync, <a href=\"https:\/\/www.gazzetta.it\/spettacolo-tv-gossip\/15-06-2026\/elisabetta-canalis-sara-la-nuova-conduttrice-di-tu-si-que-vales.shtml?intcmp=hyperlink-articolo-gazit\" target=\"_blank\" rel=\"nofollow noopener\">al via su Canale 5<\/a> tra una manciata di giorni. L&#8217;impegno in casa Mediaset, per\u00f2, non le impedir\u00e0 di rimanere alla guida di <b>Only Fun &#8211; Comico Show<\/b>, <a href=\"https:\/\/www.gazzetta.it\/tv\/20-02-2025\/only-fun-comico-show-con-belen-rodriguez-cast-e-anticipazioni.shtml?intcmp=hyperlink-articolo-gazit\" target=\"_blank\" rel=\"nofollow noopener\">il programma comico<\/a> in onda sul Nove dal 2022.\u00a0<\/p>\n<p class=\"paragraph\" spellcheck=\"true\">Belen, subentrata nel 2025 ad <a href=\"https:\/\/www.gazzetta.it\/active\/storie\/13-02-2025\/elettra-lamborghini-a-sanremo-2025-ecco-come-si-tiene-in-forma\/il-festival-di-sanremo.shtml?intcmp=hyperlink-articolo-gazit\" target=\"_blank\" rel=\"nofollow noopener\">Elettra Lamborghini<\/a>, conduttrice delle prime quattro edizione, ritrover\u00e0 anche quest&#8217;anno <b>Andrea Pisani<\/b> e <b>Luca Peracino<\/b>, il duo comico <b>PanPers<\/b>. Le registrazioni inizieranno entro la fine del 2026 in vista di una messa in onda nei primi mesi del 2027.<\/p>\n<p class=\"is-above-copyright is-mr-r-10\" spellcheck=\"true\">La Gazzetta dello Sport<\/p>\n<p class=\"is-copyright\">\u00a9 RIPRODUZIONE RISERVATA<\/p>\n","protected":false},"excerpt":{"rendered":"Dopo settimane di tira e molla, la conduttrice ha anche smesso di seguire il personal trainer 5 settembre&hellip;\n","protected":false},"author":3,"featured_media":544204,"comment_status":"","ping_status":"","sticky":false,"template":"","format":"standard","meta":{"footnotes":"","_share_on_mastodon":"0"},"categories":[174],"tags":[17945,1764,5464,1396,367141,367142,4023,15252,367143,367144,5376,7884,1905,14841,367145,203,5700,10454,24660,294851,3453,230,204,1537,90,89,21093,9167,4979,8177,32898,22479,45166,27741,219863,1686],"class_list":["post-666333","post","type-post","status-publish","format-standard","has-post-thumbnail","category-intrattenimento","tag-belen","tag-belen-rodriguez","tag-comico","tag-conduttrice","tag-conduttrice-smesso","tag-conduttrice-smesso-seguire","tag-conta","tag-coraggio","tag-coraggio-promette","tag-coraggio-promette-resta","tag-difficolta","tag-direttamente","tag-dolore","tag-duro","tag-duro-sfogo","tag-entertainment","tag-fan","tag-fidanzati","tag-gaetano","tag-gaetano-fidanzati","tag-guida","tag-instagram","tag-intrattenimento","tag-it","tag-italia","tag-italy","tag-molla","tag-onda","tag-parole","tag-personal","tag-rodriguez","tag-seguire","tag-sfogo","tag-smesso","tag-smesso-seguire","tag-social"],"share_on_mastodon":{"url":"https:\/\/pubeurope.com\/@it\/117218492219432743","error":""},"_links":{"self":[{"href":"https:\/\/www.europesays.com\/it\/wp-json\/wp\/v2\/posts\/666333","targetHints":{"allow":["GET"]}}],"collection":[{"href":"https:\/\/www.europesays.com\/it\/wp-json\/wp\/v2\/posts"}],"about":[{"href":"https:\/\/www.europesays.com\/it\/wp-json\/wp\/v2\/types\/post"}],"author":[{"embeddable":true,"href":"https:\/\/www.europesays.com\/it\/wp-json\/wp\/v2\/users\/3"}],"replies":[{"embeddable":true,"href":"https:\/\/www.europesays.com\/it\/wp-json\/wp\/v2\/comments?post=666333"}],"version-history":[{"count":0,"href":"https:\/\/www.europesays.com\/it\/wp-json\/wp\/v2\/posts\/666333\/revisions"}],"wp:featuredmedia":[{"embeddable":true,"href":"https:\/\/www.europesays.com\/it\/wp-json\/wp\/v2\/media\/544204"}],"wp:attachment":[{"href":"https:\/\/www.europesays.com\/it\/wp-json\/wp\/v2\/media?parent=666333"}],"wp:term":[{"taxonomy":"category","embeddable":true,"href":"https:\/\/www.europesays.com\/it\/wp-json\/wp\/v2\/categories?post=666333"},{"taxonomy":"post_tag","embeddable":true,"href":"https:\/\/www.europesays.com\/it\/wp-json\/wp\/v2\/tags?post=666333"}],"curies":[{"name":"wp","href":"https:\/\/api.w.org\/{rel}","templated":true}]}}