{"id":666349,"date":"2026-09-05T12:56:16","date_gmt":"2026-09-05T12:56:16","guid":{"rendered":"https:\/\/www.europesays.com\/it\/666349\/"},"modified":"2026-09-05T12:56:16","modified_gmt":"2026-09-05T12:56:16","slug":"pogacar-rinnova-con-la-uae-fino-al-2032-e-chiude-in-anticipo-la-stagione-2026","status":"publish","type":"post","link":"https:\/\/www.europesays.com\/it\/666349\/","title":{"rendered":"Pogacar rinnova con la UAE fino al 2032 e chiude in anticipo la stagione 2026"},"content":{"rendered":"<p>                                Il campione sloveno proseguir\u00e0 il rapporto con il team degli Emirati iniziato nel 2019. La caduta alla Vuelta segna la fine del suo 2026, niente Mondiale<\/p>\n<p>\n                                                                    Daniele Minini\n                            <\/p>\n<p>                    5 settembre &#8211; 13:34  &#8211; MILANO<\/p>\n<p class=\"paragraph\" spellcheck=\"true\">L&#8217;Uae Team Emirates-Xrg e Tadej Pogacar si dichiarano amore eterno. La squadra emiratina ha ufficializzato il prolungamento del contratto del ciclista sloveno fino al 2032. Il 27enne di Komenda proseguir\u00e0 il percorso iniziato nel 2019, con il primo accordo nel World Tour: &#8220;Fin dall&#8217;inizio, questa squadra \u00e8 stata come una casa per me. Siamo cresciuti insieme nel corso degli anni e abbiamo condiviso momenti incredibili, quindi sono molto felice&#8221;.\u00a0<\/p>\n<p>    stagione finita\u2014 \u00a0<\/p>\n<p class=\"paragraph is-inline\" spellcheck=\"true\">Contestualmente all&#8217;annuncio del rinnovo, la Uae ha confermato la fine della sua stagione dopo la caduta alla Vuelta, nella quale ha riportato una frattura scomposta della clavicola sinistra, una commozione cerebrale e una frattura stabile della vertebra cervicale C7. &#8220;Ora la cosa pi\u00f9 importante \u00e8 recuperare completamente e dare al mio corpo il tempo necessario&#8221; ha commentato lo sloveno. Il team principal e Ceo Mauro Giannetti ha spiegato: &#8220;La sua salute e il suo recupero sono la priorit\u00e0. La decisione giusta \u00e8 che si prenda il tempo necessario per recuperare completamente. Non vediamo l&#8217;ora di riaverlo con noi quando sar\u00e0 pronto&#8221;. Non parteciper\u00e0 al Mondiale in Canada, dove era campione uscente, e al Giro di Lombardia che, dopo 5 edizioni, avr\u00e0 un nuovo padrone.<\/p>\n<p>    gli obiettivi del 2027\u2014 \u00a0<\/p>\n<p class=\"paragraph is-inline\" spellcheck=\"true\">Il 2026 di Tadej Pogacar si chiude con le vittorie di Strade Bianche, Milano-Sanremo, Fiandre e Liegi. La stagione \u00e8 poi proseguita con il successo al Giro di Romandia e al Tour de Suisse, prima della conquista del quinto Tour de France. Il campione sloveno sembra avere le idee chiare sul futuro prossimo: &#8220;Ho ancora molto da raggiungere in questo sport e credo che questo sia il posto giusto per farlo&#8221;. Sul suo taccuino ci sono la prima Parigi-Roubaix e la sesta Grand Boucle, l\u00e0 dove nessuno mai si \u00e8 spinto nella storia.<\/p>\n<p class=\"is-copyright\">\u00a9 RIPRODUZIONE RISERVATA<\/p>\n","protected":false},"excerpt":{"rendered":"Il campione sloveno proseguir\u00e0 il rapporto con il team degli Emirati iniziato nel 2019. La caduta alla Vuelta&hellip;\n","protected":false},"author":3,"featured_media":666350,"comment_status":"","ping_status":"","sticky":false,"template":"","format":"standard","meta":{"footnotes":"","_share_on_mastodon":"0"},"categories":[1456],"tags":[2770,367146,1953,223288,1824,1073,1825,277,846,5830,3369,6990,1537,90,89,1353,9787,1931,9126,245,244,577,3339,3555,56293],"class_list":["post-666349","post","type-post","status-publish","format-standard","has-post-thumbnail","category-ciclismo","tag-caduta","tag-caduta-vuelta","tag-campione","tag-campione-sloveno","tag-ciclismo","tag-completamente","tag-cycling","tag-de","tag-finita","tag-frattura","tag-giro","tag-iniziato","tag-it","tag-italia","tag-italy","tag-mondiale","tag-necessario","tag-pogacar","tag-sloveno","tag-sport","tag-sports","tag-stagione","tag-team","tag-tour","tag-uae"],"share_on_mastodon":{"url":"https:\/\/pubeurope.com\/@it\/117218547233871856","error":""},"_links":{"self":[{"href":"https:\/\/www.europesays.com\/it\/wp-json\/wp\/v2\/posts\/666349","targetHints":{"allow":["GET"]}}],"collection":[{"href":"https:\/\/www.europesays.com\/it\/wp-json\/wp\/v2\/posts"}],"about":[{"href":"https:\/\/www.europesays.com\/it\/wp-json\/wp\/v2\/types\/post"}],"author":[{"embeddable":true,"href":"https:\/\/www.europesays.com\/it\/wp-json\/wp\/v2\/users\/3"}],"replies":[{"embeddable":true,"href":"https:\/\/www.europesays.com\/it\/wp-json\/wp\/v2\/comments?post=666349"}],"version-history":[{"count":0,"href":"https:\/\/www.europesays.com\/it\/wp-json\/wp\/v2\/posts\/666349\/revisions"}],"wp:featuredmedia":[{"embeddable":true,"href":"https:\/\/www.europesays.com\/it\/wp-json\/wp\/v2\/media\/666350"}],"wp:attachment":[{"href":"https:\/\/www.europesays.com\/it\/wp-json\/wp\/v2\/media?parent=666349"}],"wp:term":[{"taxonomy":"category","embeddable":true,"href":"https:\/\/www.europesays.com\/it\/wp-json\/wp\/v2\/categories?post=666349"},{"taxonomy":"post_tag","embeddable":true,"href":"https:\/\/www.europesays.com\/it\/wp-json\/wp\/v2\/tags?post=666349"}],"curies":[{"name":"wp","href":"https:\/\/api.w.org\/{rel}","templated":true}]}}