{"id":666384,"date":"2026-09-05T13:27:24","date_gmt":"2026-09-05T13:27:24","guid":{"rendered":"https:\/\/www.europesays.com\/it\/666384\/"},"modified":"2026-09-05T13:27:24","modified_gmt":"2026-09-05T13:27:24","slug":"real-madrid-tutte-le-grane-di-mourinho-in-vista-dellinter","status":"publish","type":"post","link":"https:\/\/www.europesays.com\/it\/666384\/","title":{"rendered":"Real Madrid, tutte le grane di Mourinho in vista dell\u2019Inter"},"content":{"rendered":"<p>                                Il primo passaggio a vuoto stagionale fa scattare l&#8217;allarme in casa blanca: con G\u00fcler, Camavinga e Bernardo Silva fermati dal giudice sportivo, per l&#8217;esordio in Champions con i nerazzurri tante questioni aperte<\/p>\n<p>                    5 settembre &#8211; 14:31  &#8211; MADRID<\/p>\n<p class=\"paragraph\" spellcheck=\"true\">Jose Mourinho minimizza, alza le spalle, ironizza, ma sa bene che qualsiasi non vittoria, e ancor peggio una sconfitta, alla Casa Blaca porta con s\u00e9 uno strascico sgradevole. Dopo i 3 successi con Espanyol, Real Sociedad e Malaga la caduta a Siviglia col Betis ha colto di sorpresa il madridismo che stava pigramente tornando dalle vacanze e si preparava all\u2019inizio della Champions con rinnovato entusiasmo. Il Madrid stava andando bene, Mourinho pi\u00f9 che la frusta stava usando lo yoga con i suoi giocatori e i giornalisti, i tre capricciosi crack, Mbapp\u00e9, Vinicius e Bellingham, collaboravano amorevolmente.\u00a0<\/p>\n<p>        <img decoding=\"async\" loading=\"lazy\" alt=\"Real Madrid's Kylian Mbappe, left, reacts after failing a chance to score from the penalty spot in front of Betis' goalkeeper Alvaro Valles during the Spanish La Liga soccer match between Real Betis and Real Madrid in Seville, Spain, Friday, Sept. 4, 2026. (AP Photo\/Jose Breton)\" src=\"https:\/\/dimages2.gazzettaobjects.it\/files\/image_527_789_h\/uploads\/2026\/09\/05\/6a9c00d042f82.jpeg\" data-full-src=\"https:\/\/www.europesays.com\/it\/wp-content\/uploads\/2026\/09\/6a9c00d042f82.jpeg\"\/><\/p>\n<p>    la lotteria\u2014 \u00a0<\/p>\n<p class=\"paragraph is-inline\" spellcheck=\"true\">\u201cIl Betis ha giocato per il pari e ha vinto la lotteria\u201d, ha detto Mou chiudendo la conferenza stampa alla Cartuja di Siviglia. \u201cNon so perch\u00e9 abbiamo perso, non trovo spiegazioni\u201d. \u00c8 vero che il Madrid meritava di pareggiare e ha fatto di tutto per vincere, 3 pali, grandi parate di Alvaro Valles, sprechi in serie di Mbapp\u00e9 incluso un rigore al 94\u2019, per\u00f2 agli atti va la prima sconfitta di Mourinho nel suo secondo mandato madridista. E marted\u00ec al Bernabeu arriva l\u2019Inter, squadra di livello e impegno pregno di romanticismo. Non una partita qualsiasi.\u00a0<\/p>\n<p>        <img decoding=\"async\" loading=\"lazy\" alt=\"epa13213097 Real Madrid\" src=\"https:\/\/dimages2.gazzettaobjects.it\/files\/image_527_789_h\/uploads\/2026\/09\/05\/6a9c011097e3e.jpeg\" data-full-src=\"https:\/\/www.europesays.com\/it\/wp-content\/uploads\/2026\/09\/6a9c011097e3e.jpeg\"\/><\/p>\n<p>    mistero diomande\u2014 \u00a0<\/p>\n<p class=\"paragraph is-inline\" spellcheck=\"true\">Vediamo le macchie di umidit\u00e0 apparse nel Real Mou con il primo acquazzone, considerando il Betis come bomba d\u2019acqua estiva. Marted\u00ec sera Jose non potr\u00e0 contare su Arda Guler, decisamente il migliore dei suoi a Siviglia, perch\u00e9 squalificato. Mourinho dovr\u00e0 scegliere tra l\u2019ex milanista Brahim, titolare in una delle prime 4 uscite, o il carissimo Diomande, l\u2019ivoriano 19enne costato 130 milioni di euro e finora sempre entrato dalla panchina. Qui a Madrid i media affettuosi con il Madrid dicono che Mou sta dosando l\u2019ivoriano per evitare che si bruci come successe a Mastantuono un anno fa. Ma l\u2019argentino era appena arrivato dal Sudamerica, a 18 anni appena compiuti. Diomande viene da un grande Mondiale, \u00e8 in Europa da due anni e ha gi\u00e0 giocato in Liga. Mou lo dosa e sinora l\u2019impatto dell\u2019ivoriano \u00e8 stato nullo.\u00a0<\/p>\n<p>    vini contestato\u2014 \u00a0<\/p>\n<p class=\"paragraph is-inline\" spellcheck=\"true\">Secondo fronte: Vinicius. Il brasiliano ieri ha ottenuto un rigore generoso, ma per il resto non ha combinato nulla, frenato senza patemi da Hector Bellerin. A fine partita Mou ha cercato di avvicinare il bizzoso brasiliano, ma questi l\u2019ha ignorato. E sui media spagnoli cresce la corrente di chi spinge per dargli un po\u2019 di riposo forzato, sotto forma di panchina. E cresce anche la sensazione che Vini, Kiki e Jude siano intoccabili per il tecnico. Mourinho ha schivato una domanda sul tema facendo finta di non aver capito il senso del quesito. Mestiere, ma il tema \u00e8 sul tavolo. E Vinicius ancora una volta nel mirino.\u00a0<\/p>\n<p>        <img decoding=\"async\" loading=\"lazy\" alt=\"SEVILLE, SPAIN - SEPTEMBER 04: Vinicius Junior of Real Madrid reacts during the LaLiga EA Sports 2026\/27 match between Real Betis Balompie and Real Madrid at Estadio La Cartuja on September 04, 2026 in Seville, Spain. (Photo by Fran Santiago\/Getty Images)\" src=\"https:\/\/dimages2.gazzettaobjects.it\/files\/image_527_789_h\/uploads\/2026\/09\/05\/6a9c012811457.jpeg\" data-full-src=\"https:\/\/www.europesays.com\/it\/wp-content\/uploads\/2026\/09\/6a9c012811457.jpeg\"\/><\/p>\n<p>    polveri bagnate\u2014 \u00a0<\/p>\n<p class=\"paragraph is-inline\" spellcheck=\"true\">A Mbapp\u00e9 nessuno pu\u00f2 dire niente vista la quantit\u00e0 di gol che segna, per\u00f2 ieri sera a Siviglia \u00e8 stato disastroso: prima di sbagliare il rigore che valeva un punto il francese aveva sprecato 3 occasioni colossali, sparando addosso a Natan, a Bartra e facendosi ammaliare dall\u2019incantatore Valles, il portiere avversario che poi senza grande sportivit\u00e0 gli ha festeggiato addosso dopo la parata sul penalty. Mbapp\u00e9 ha anche colpito la traversa, per\u00f2 diciamo che ha rafforzato la testi del madridismo pi\u00f9 esigente secondo la quale ha bisogno di diverse occasioni prima si segnare. Tesi contrastata da una marea di gol, 90 in 107 apparizioni con i Blancos, ma presente sul Bernabeu come un banco di nebbia un po\u2019 insolente e resistente.<\/p>\n<p><a class=\"is-partner-link\" href=\"https:\/\/fantacampionato.gazzetta.it\/?intcmp=FC2627_CTArticolo2627\" rel=\"nofollow noopener\" target=\"_blank\">Sfida l&#8217;Italia intera con Fantacampionato: la classifica generale parte alla sesta giornata, gioca ora!<\/a><\/p>\n<p>    tchouameni e valverde\u2014 \u00a0<\/p>\n<p class=\"paragraph is-inline\" spellcheck=\"true\">Per la partita con l\u2019Inter Mou ha un problema in pi\u00f9: oltre ad Arda Guler sono squalificati anche Bernardo Silva e Camavinga, che sinora hanno iniziato due partite a testa al fianco di Valverde. Lecito dunque attendersi il debutto stagionale di Tchouameni accanto al \u2018charrua\u2019. Mica una coppia qualsiasi eh? Ricorderete che i due in primavera sono venuti alle mani nello spogliatoio di Valdebebas e Valverde \u00e8 finito all\u2019ospedale, messo ko in maniera dolorosa dal peso massimo francese di origini camerunesi. Mou ha assicurato che i due vanno d\u2019amore e d\u2019accordo, e dobbiamo fidarci. Per\u00f2 a parte la relazione personale andr\u00e0 verificata la condizione di Tchouameni, fermo dalla semifinale del Mondiale. Anche l\u2019alternativa Thiago Pitarch \u00e8 ancora indisponibile per infortunio. Ecco analizzate le macchie d\u2019umidit\u00e0 sui muri di Valdebebas: Mourinho ha 3 giorni per imbiancare e far asciugare, l\u2019Inter il compito di allargarle.<\/p>\n<p class=\"is-copyright\">\u00a9 RIPRODUZIONE RISERVATA<\/p>\n","protected":false},"excerpt":{"rendered":"Il primo passaggio a vuoto stagionale fa scattare l&#8217;allarme in casa blanca: con G\u00fcler, Camavinga e Bernardo Silva&hellip;\n","protected":false},"author":3,"featured_media":666385,"comment_status":"","ping_status":"","sticky":false,"template":"","format":"standard","meta":{"footnotes":"","_share_on_mastodon":"0"},"categories":[1452],"tags":[3476,2201,92091,92092,69517,36829,178963,19464,4433,721,89438,1969,13611,244970,1740,3368,2267,1976,92096,350,1537,90,89,143342,52402,2990,36186,367157,5382,291817,1427,56030,793,1353,110205,6048,21438,3484,1290,14522,11377,3242,12044,13287,31549,367158,17826,1739,245,244,77761,71572,2453,46837,291380,367159,112836,92090],"class_list":["post-666384","post","type-post","status-publish","format-standard","has-post-thumbnail","category-calcio","tag-addosso","tag-appena","tag-arda","tag-arda-guler","tag-bernabeu","tag-bernardo","tag-bernardo-silva","tag-betis","tag-brasiliano","tag-calcio","tag-camavinga","tag-champions","tag-cresce","tag-diomande","tag-football","tag-francese","tag-giocato","tag-gol","tag-guler","tag-inter","tag-it","tag-italia","tag-italy","tag-ivoriano","tag-jose","tag-lotteria","tag-macchie","tag-macchie-umidita","tag-madrid","tag-madridismo","tag-martedi","tag-mbappe","tag-media","tag-mondiale","tag-mou","tag-mourinho","tag-occasioni","tag-panchina","tag-partita","tag-qualsiasi","tag-real","tag-rigore","tag-sconfitta","tag-sera","tag-silva","tag-sinora","tag-siviglia","tag-soccer","tag-sport","tag-sports","tag-stagionale","tag-tchouameni","tag-tema","tag-umidita","tag-valdebebas","tag-valles","tag-valverde","tag-vinicius"],"share_on_mastodon":{"url":"","error":"Validation failed: Text character limit of 500 exceeded"},"_links":{"self":[{"href":"https:\/\/www.europesays.com\/it\/wp-json\/wp\/v2\/posts\/666384","targetHints":{"allow":["GET"]}}],"collection":[{"href":"https:\/\/www.europesays.com\/it\/wp-json\/wp\/v2\/posts"}],"about":[{"href":"https:\/\/www.europesays.com\/it\/wp-json\/wp\/v2\/types\/post"}],"author":[{"embeddable":true,"href":"https:\/\/www.europesays.com\/it\/wp-json\/wp\/v2\/users\/3"}],"replies":[{"embeddable":true,"href":"https:\/\/www.europesays.com\/it\/wp-json\/wp\/v2\/comments?post=666384"}],"version-history":[{"count":0,"href":"https:\/\/www.europesays.com\/it\/wp-json\/wp\/v2\/posts\/666384\/revisions"}],"wp:featuredmedia":[{"embeddable":true,"href":"https:\/\/www.europesays.com\/it\/wp-json\/wp\/v2\/media\/666385"}],"wp:attachment":[{"href":"https:\/\/www.europesays.com\/it\/wp-json\/wp\/v2\/media?parent=666384"}],"wp:term":[{"taxonomy":"category","embeddable":true,"href":"https:\/\/www.europesays.com\/it\/wp-json\/wp\/v2\/categories?post=666384"},{"taxonomy":"post_tag","embeddable":true,"href":"https:\/\/www.europesays.com\/it\/wp-json\/wp\/v2\/tags?post=666384"}],"curies":[{"name":"wp","href":"https:\/\/api.w.org\/{rel}","templated":true}]}}