{"id":666436,"date":"2026-09-05T14:06:11","date_gmt":"2026-09-05T14:06:11","guid":{"rendered":"https:\/\/www.europesays.com\/it\/666436\/"},"modified":"2026-09-05T14:06:11","modified_gmt":"2026-09-05T14:06:11","slug":"le-parole-del-cardinale-zuppi-sono-anche-un-programma-per-chi-ha-il-tempo-di-leggerle","status":"publish","type":"post","link":"https:\/\/www.europesays.com\/it\/666436\/","title":{"rendered":"Le parole del cardinale Zuppi sono anche un programma (per chi ha il tempo di leggerle)"},"content":{"rendered":"<p>                                                                                                                      di Fabrizio Roncone<\/p>\n<p class=\"summary-art is-line-h-12\">\u00abDon Matteo\u00bb sarebbe il candidato premier perfetto per il Campo largo. Poich\u00e9 non si pu\u00f2, basterebbe seguire e raccogliere i suoi ragionamenti, i suoi moniti. Fino a trasformarli in un piano comune<\/p>\n<p class=\"chapter-paragraph\">Scrivo una cosa che, ormai, pensano in molti. <b>Il cardinale Matteo Maria Zuppi<\/b>, presidente della Conferenza episcopale italiana, <b>sarebbe l\u2019ideale candidato premier del Campo largo.<\/b>\u00a0<\/p>\n<p class=\"chapter-paragraph\">A differenza di certi politici che, agendo in quel territorio con leadership pi\u00f9 o meno riconosciute, ambiscono a Palazzo Chigi, questo meraviglioso pastore <b>non \u00e8 mai vago, leggero, banale, spregiudicato, inaffidabile, noioso, furbo, irriverente, provocatorio<\/b>. Ogni sua riflessione, ogni presa di posizione \u00e8 &#8211; invece &#8211; scolpita, ha un senso, \u00e8 sempre sostenuta da una precisa idea di societ\u00e0, di giustizia, di bene comune.    &#13;<br \/>\n&#13;<br \/>\n&#13;<br \/>\n&#13;<br \/>\n&#13;<br \/>\n&#13;<br \/>\n&#13;<br \/>\n&#13;<br \/>\n&#13;<br \/>\n&#13;<br \/>\n&#13;<br \/>\n&#13;<br \/>\n&#13;<br \/>\n&#13;<br \/>\n&#13;<br \/>\n&#13;<br \/>\n&#13;<br \/>\n&#13;<br \/>\n&#13;<br \/>\n&#13;<br \/>\n&#13;<br \/>\n&#13;<br \/>\n&#13;<br \/>\n&#13;<br \/>\n&#13;<br \/>\n&#13;<br \/>\n&#13;<br \/>\n&#13;<br \/>\n&#13;<br \/>\n&#13;<br \/>\n&#13;<br \/>\n&#13;<br \/>\n&#13;<br \/>\n&#13;<br \/>\n&#13;<br \/>\n&#13;<br \/>\n&#13;<br \/>\n&#13;<br \/>\n&#13;<br \/>\n&#13;<br \/>\n&#13;<br \/>\n&#13;<br \/>\n&#13;<br \/>\n&#13;<br \/>\n&#13;<br \/>\n&#13;<br \/>\n&#13;<br \/>\n&#13;<br \/>\n&#13;<br \/>\n&#13;<br \/>\n&#13;<br \/>\n&#13;<br \/>\n&#13;\n<\/p>\n<p class=\"chapter-paragraph\">Don Matteo, come continuano a chiamarlo in tanti, <b>non racconta bugie. Non ha il culto del grottesco. Non \u00e8 vigliacco. <\/b>Non ha spirito polemico o ritorsivo: <b>tiene in debita considerazione, \u00e8 ovvio, lo Spirito Santo, ma senza mai farcelo pesare troppo<\/b>.\u00a0<\/p>\n<p class=\"chapter-paragraph\">Con un\u2019espressione facciale solida, un fare diretto, il sorriso mai di circostanza, \u00e8 incline alla pedagogia politica, alla mediazione: per\u00f2 sa distinguere le pecorelle smarrite dai pecoroni neri.<b> Il nero \u00e8 un colore che, a quanto s\u2019\u00e8 capito, non gli piace. <\/b>Il suo zucchetto, del resto, \u00e8 rosso. E per questo, purtroppo, non \u00e8 candidabile.<\/p>\n<p class=\"chapter-paragraph\">Per\u00f2, in un Campo largo dove la confusione \u00e8 totale e l\u2019opportunismo sistematico dilaga con forza efferata, <b>le sue parole, i ragionamenti, i suoi moniti potrebbero essere presi e raccolti fino a diventare un formidabile programma comune<\/b>.\u00a0<\/p>\n<p class=\"chapter-paragraph\">Capi e capetti stabilissero poi pure se andarsi a infognare in quella tremenda tonnara che sarebbero le primarie: intanto, per\u00f2, si ritroverebbero con una serie di pensieri condivisi e condivisibili da una porzione importante di elettorato che, per capirci, potremmo definire democratico.<\/p>\n<p class=\"chapter-paragraph\">Ho preso qualche appunto, la settimana scorsa \u00e8 andato al meeting di Rimini e, <b>sul tema dell\u2019immigrazione,<\/b> <b>don Matteo ha detto<\/b>: \u00abSulla questione migranti si assiste a una stupida e volgare polarizzazione. Ma <b>salvare in mare tutti, non significa che entrino tutti. Servono regolarizzazione e legalizzazione<\/b>\u00bb.<\/p>\n<p class=\"chapter-paragraph\">\u00a0Elly Schlein e Giuseppe Conte avrebbero saputo dirlo meglio? Purtroppo per loro, no. Infatti farebbero bene a rileggersi, e copiargli, anche i discorsi su Ucraina e Gaza. Sui diritti civili. Su chi soffre, sugli ultimi (don Matteo non mi sembra il tipo da pretendere un Copyright).<\/p>\n<p class=\"is-last-update\" datetime=\"2026-09-05T15:02:07+02:00\">5 settembre 2026 ( modifica il 5 settembre 2026 | 15:02)<\/p>\n<p class=\"is-copyright\">\n            \u00a9 RIPRODUZIONE RISERVATA\n        <\/p>\n","protected":false},"excerpt":{"rendered":"di Fabrizio Roncone \u00abDon Matteo\u00bb sarebbe il candidato premier perfetto per il Campo largo. Poich\u00e9 non si pu\u00f2,&hellip;\n","protected":false},"author":3,"featured_media":666437,"comment_status":"","ping_status":"","sticky":false,"template":"","format":"standard","meta":{"footnotes":"","_share_on_mastodon":"0"},"categories":[160],"tags":[62599,367193,367194,367195,367196,367197,222380,367198,367199,2940,367200,921,7806,2409,77385,843,393,14,164,165,8784,10986,7810,114,166,367191,7,15,4979,115,897,271484,367192,10335,11,167,12,168,161,162,163,40215],"class_list":["post-666436","post","type-post","status-publish","format-standard","has-post-thumbnail","category-mondo","tag-agendo","tag-agendo-territorio","tag-agendo-territorio-leadership","tag-ambiscono","tag-ambiscono-palazzo","tag-ambiscono-palazzo-chigi","tag-andarsi","tag-andarsi-infognare","tag-andarsi-infognare-tremenda","tag-andato","tag-andato-meeting","tag-campo","tag-campo-largo","tag-candidato","tag-candidato-premier","tag-cardinale","tag-comune","tag-cronaca","tag-dal-mondo","tag-dalmondo","tag-don","tag-don-matteo","tag-largo","tag-matteo","tag-mondo","tag-moniti","tag-news","tag-notizie","tag-parole","tag-premier","tag-programma","tag-ragionamenti","tag-ragionamenti-moniti","tag-spirito","tag-ultime-notizie","tag-ultime-notizie-di-mondo","tag-ultimenotizie","tag-ultimenotiziedimondo","tag-world","tag-world-news","tag-worldnews","tag-zuppi"],"share_on_mastodon":{"url":"","error":"Validation failed: Text character limit of 500 exceeded"},"_links":{"self":[{"href":"https:\/\/www.europesays.com\/it\/wp-json\/wp\/v2\/posts\/666436","targetHints":{"allow":["GET"]}}],"collection":[{"href":"https:\/\/www.europesays.com\/it\/wp-json\/wp\/v2\/posts"}],"about":[{"href":"https:\/\/www.europesays.com\/it\/wp-json\/wp\/v2\/types\/post"}],"author":[{"embeddable":true,"href":"https:\/\/www.europesays.com\/it\/wp-json\/wp\/v2\/users\/3"}],"replies":[{"embeddable":true,"href":"https:\/\/www.europesays.com\/it\/wp-json\/wp\/v2\/comments?post=666436"}],"version-history":[{"count":0,"href":"https:\/\/www.europesays.com\/it\/wp-json\/wp\/v2\/posts\/666436\/revisions"}],"wp:featuredmedia":[{"embeddable":true,"href":"https:\/\/www.europesays.com\/it\/wp-json\/wp\/v2\/media\/666437"}],"wp:attachment":[{"href":"https:\/\/www.europesays.com\/it\/wp-json\/wp\/v2\/media?parent=666436"}],"wp:term":[{"taxonomy":"category","embeddable":true,"href":"https:\/\/www.europesays.com\/it\/wp-json\/wp\/v2\/categories?post=666436"},{"taxonomy":"post_tag","embeddable":true,"href":"https:\/\/www.europesays.com\/it\/wp-json\/wp\/v2\/tags?post=666436"}],"curies":[{"name":"wp","href":"https:\/\/api.w.org\/{rel}","templated":true}]}}