{"id":666442,"date":"2026-09-05T14:14:17","date_gmt":"2026-09-05T14:14:17","guid":{"rendered":"https:\/\/www.europesays.com\/it\/666442\/"},"modified":"2026-09-05T14:14:17","modified_gmt":"2026-09-05T14:14:17","slug":"yuri-romano-intervista-ho-lasciato-il-calcio-grazie-a-mia-sorella-ma-tifo-inter","status":"publish","type":"post","link":"https:\/\/www.europesays.com\/it\/666442\/","title":{"rendered":"Yuri Roman\u00f2, intervista: &#8220;Ho lasciato il calcio grazie a mia sorella, ma tifo Inter&#8221;"},"content":{"rendered":"<p>                                A pochi giorni dall&#8217;Europeo maschile di volley, l&#8217;opposto azzurro si racconta. Gli inizi, l&#8217;amore per la moglie Marta, la figlia Bianca e l&#8217;Inter<\/p>\n<p>            <a class=\"image is-50x50\" href=\"https:\/\/www.gazzetta.it\/redazione\/rebecca-saibene\/\" rel=\"nofollow noopener\" target=\"_blank\"><br \/>\n                <img decoding=\"async\" class=\"is-rounded\" src=\"https:\/\/www.europesays.com\/it\/wp-content\/uploads\/2026\/04\/rebecca-saibene-avatar.png\" alt=\"Rebecca Saibene\"\/><br \/>\n            <\/a><\/p>\n<p>Giornalista<\/p>\n<p>                    5 settembre (modifica alle 13:53)  &#8211; MILANO<\/p>\n<p class=\"paragraph\" spellcheck=\"true\">Da bambino il futuro aveva due porte, un prato verde e un pallone da prendere a calci. Yuri Roman\u00f2 si immaginava con i tacchetti ai piedi, magari un giorno con la maglia azzurra addosso, finch\u00e9 l\u2019altezza ha cominciato ad aumentare pi\u00f9 in fretta dei sogni e i compagni pi\u00f9 bravi a mettere &#8220;una marcia in pi\u00f9&#8221;. Lui era &#8220;uno dei bravini&#8221;, ma abbastanza lucido da capire che i sogni possono cambiare forma. O pallone, nel suo caso. Mamma aveva giocato a volley, la sorella era gi\u00e0 in palestra: Yuri le ha seguite e da l\u00ec la strada \u00e8 stata tutta in salita. Una lunga gavetta, categoria dopo categoria, poi all\u2019improvviso il panorama: a 24 anni era ancora in A2; pochi mesi dopo diventava campione d\u2019Europa. Da allora la vita ha accelerato: la Superlega con Milano, tre stagioni a Piacenza, due Mondiali vinti in azzurro e, la scorsa estate, la scelta pi\u00f9 radicale. Il miglior opposto iridato ha lasciato l\u2019Italia per la Siberia. Con lui Marta e la figlia Bianca, per un anno vissuto alle porte di Mosca, tra quattro ore d\u2019aereo per giocare in casa a Novy Urengoy e temperature fino a -35\u00b0. Nel frattempo, Marta \u00e8 diventata sua moglie anche davanti all\u2019altare e Bianca ha spento due candeline. Cinque anni e una vita dopo il torneo che cambi\u00f2 tutto, Roman\u00f2 ritrova l\u2019Europeo davanti al pubblico italiano: chi vince si qualifica a Los Angeles 2028. Poi sar\u00e0 ancora tempo di partire: Varsavia, un nuovo campionato, un altro indirizzo. Poco importa, quattro mura contano meno di chi ci aspetta dentro: &#8220;Casa \u00e8 dove sono le mie donne&#8221;.\u00a0<\/p>\n<p class=\"paragraph\" spellcheck=\"true\"><b>Yuri, cinque anni fa era in A2 e arrivava all\u2019Europeo che le avrebbe cambiato la vita. Oggi ha due Mondiali in pi\u00f9. Che effetto le fa voltarsi indietro?<\/b><\/p>\n<p class=\"paragraph\" spellcheck=\"true\">&#8220;Fa impressione. Ogni tanto ci penso, specie quando parlo con i ragazzi arrivati da poco in azzurro. Guardo alla strada fatta con chi \u00e8 con me qui da cinque anni, a quello che abbiamo vissuto insieme. E qualche volta torno ancora pi\u00f9 indietro: prima di tutto questo era inimmaginabile vivere certe cose&#8221;.<\/p>\n<p class=\"paragraph\" spellcheck=\"true\"><b>Anche perch\u00e9 da bambino l\u2019azzurro che sognava era un altro.\u00a0<\/b><\/p>\n<p class=\"paragraph\" spellcheck=\"true\">&#8220;S\u00ec, quello del calcio. Fino ai 15 anni. Terzino sinistro. Non ero un piccolo fenomeno, per\u00f2 \u00e8 stata la mia prima vera passione. La Nazionale di pallavolo \u00e8 diventata un sogno qualche anno dopo&#8221;.\u00a0<\/p>\n<p class=\"paragraph\" spellcheck=\"true\"><b>Quando ha capito che era meglio cambiare pallone?<\/b>\u00a0<\/p>\n<p class=\"paragraph\" spellcheck=\"true\">&#8220;In seconda liceo. Alle Medie ero uno dei bravini, poi ho iniziato a crescere e quelli pi\u00f9 forti hanno messo una marcia in pi\u00f9 di me. Mi hanno indirizzato verso il basket o il volley. Mamma aveva giocato a pallavolo, mia sorella ci giocava e cos\u00ec la scelta \u00e8 stata facile&#8221;.\u00a0<\/p>\n<p class=\"paragraph\" spellcheck=\"true\"><b>\u00c8 stato amore a prima vista?<\/b>\u00a0<\/p>\n<p class=\"paragraph\" spellcheck=\"true\">&#8220;Mi \u00e8 piaciuta subito perch\u00e9 mi divertivo. Un compagno di calcio fece il passaggio con me e questo mi spinse a provare per tutta la stagione. Sono stato fortunato con gli allenatori: quando secondo me non c\u2019era ancora molto da vedere, loro intravidero qualcosa. Mi ha motivato molto&#8221;.<\/p>\n<p class=\"paragraph\" spellcheck=\"true\">&#8220;Ho fatto quasi tutte le categorie ed \u00e8 la cosa che mi piace di pi\u00f9 del mio percorso. Mi ha permesso di crescere gradualmente, ma molto bene&#8221;.\u00a0<\/p>\n<p class=\"paragraph\" spellcheck=\"true\"><b>Tra i primi a credere in lei c\u2019era suo nonno Popo.<\/b><\/p>\n<p class=\"paragraph\" spellcheck=\"true\">&#8220;Era il mio tifoso pi\u00f9 presente. Ero un po\u2019 il \u201cvip\u201d del suo circolo di bocce: andava l\u00ec e raccontava soltanto di me. Siamo cinque cugini e gli altri scherzavano sul fatto che fossi nettamente il suo preferito. Ora lo porto in campo: indosso la sua collana e non la tolgo mai&#8221;.\u00a0<\/p>\n<p class=\"text\">I traguardi personali e la Nazionale vengono comunque prima<\/p>\n<p class=\"paragraph\" spellcheck=\"true\"><b>L\u2019ultima stagione in Russia, al Fakel Novy Urengoy. Partire le faceva paura?\u00a0<\/b><\/p>\n<p class=\"paragraph\" spellcheck=\"true\">&#8220;Avendo avuto tutte le possibilit\u00e0, probabilmente non avrei scelto la Russia. Ma tra le opzioni era la pi\u00f9 interessante. Siamo partiti senza troppi pregiudizi. Sono contento di averlo fatto: ho trovato persone educate e rispettose e mi sono sempre sentito al sicuro. \u00c8 stata un\u2019esperienza molto positiva&#8221;.\u00a0<\/p>\n<p class=\"paragraph\" spellcheck=\"true\">&#8220;Un campionato durissimo e molto pi\u00f9 fisico. Ho dovuto modificare il mio gioco e oggi ho qualche alternativa in pi\u00f9 grazie a quella pallavolo&#8221;.\u00a0<\/p>\n<p class=\"paragraph\" spellcheck=\"true\"><b>Abitava a Mosca, ma per giocare in casa servivano quattro ore d\u2019aereo. Come reggeva?<\/b>\u00a0<\/p>\n<p class=\"paragraph\" spellcheck=\"true\">&#8220;\u00c8 stata dura. Il termometro toccava anche i -35\u00b0. Ho lavorato tantissimo fisicamente per evitare infortuni. In viaggio dormivo: spesso volavamo di notte e magari dopo due ore d\u2019aereo ne trovavi altrettante di fuso. Sei sempre sballato e hai sempre sonno&#8221;.\u00a0<\/p>\n<p class=\"paragraph\" spellcheck=\"true\"><b>Con lei anche Marta e Bianca. Come si sono ambientate?<\/b>\u00a0<\/p>\n<p class=\"paragraph\" spellcheck=\"true\">&#8220;Bianca meglio di tutti. Andava in un asilo totalmente russo e lo adorava: ci dava un bacino e correva dentro. A volte piangeva quando doveva tornare a casa. Lei \u00e8 stata proprio da dio. Per Marta \u00e8 stato pi\u00f9 difficile: io ero spesso via e lei rimaneva sola. Per fortuna ha fatto amicizia con la moglie del mio compagno di squadra Micah Ma\u2019a e alla fine si \u00e8 costruita la sua quotidianit\u00e0&#8221;.\u00a0<\/p>\n<p class=\"paragraph\" spellcheck=\"true\"><b>Un po\u2019 di russo lo ha imparato?<\/b>\u00a0<\/p>\n<p class=\"paragraph\" spellcheck=\"true\">&#8220;Poco, non fatemi dire niente! Conosco le frasi base, i numeri, so ordinare al ristorante. A gennaio ho firmato con il Projekt di Varsavia e ho mollato il russo. In compenso ho migliorato l\u2019inglese, anche grazie a Micah che \u00e8 americano&#8221;.<\/p>\n<p class=\"paragraph\" spellcheck=\"true\"><b>Ad agosto ha sposato Marta. Dopo il rito civile, quello religioso.<\/b>\u00a0<\/p>\n<p class=\"paragraph\" spellcheck=\"true\">&#8220;\u00c8 stato un sogno. Abbiamo organizzato tutto dalla Russia con delle wedding planner. \u00c8 stato ancora pi\u00f9 bello di come lo avevamo immaginato&#8221;.<\/p>\n<p class=\"paragraph\" spellcheck=\"true\">&#8220;S\u00ec, pi\u00f9 o meno tutto il giorno. Con i compagni di Nazionale continuiamo a ricordarlo: Sbertoli lo chiama \u201cil matrimonio del secolo\u201d.<\/p>\n<p class=\"paragraph\" spellcheck=\"true\">&#8220;Meglio di no, non si pu\u00f2 dire!&#8221;.\u00a0<\/p>\n<p class=\"paragraph\" spellcheck=\"true\"><b>Ride. Con Bianca che pap\u00e0 \u00e8?\u00a0<\/b><\/p>\n<p class=\"paragraph\" spellcheck=\"true\">&#8220;Sono il pap\u00e0 dei giochi: quando vuole giocare, il prescelto sono io. Spero soprattutto di essere presente, anche se sono spesso lontano. Marta mi racconta che Bianca chiede di me tutti i giorni e quando torno mi corre incontro. \u00c8 lei a dirmi che sono un bravo pap\u00e0 e gi\u00e0 questo mi basta&#8221;.\u00a0<\/p>\n<p class=\"paragraph\" spellcheck=\"true\"><b>Paderno, Riccione, la Russia e ora Varsavia. Dov\u2019\u00e8 casa?<\/b>\u00a0<\/p>\n<p class=\"paragraph\" spellcheck=\"true\">&#8220;Non \u00e8 tanto un luogo, sono le persone. In Russia era casa perch\u00e9 ad aspettarmi c\u2019erano Marta e Bianca. Oggi direi Riccione, dove abbiamo la nostra base. Ma alla fine casa \u00e8 dove ci sono le mie donne&#8221;.\u00a0<\/p>\n<p class=\"paragraph\" spellcheck=\"true\"><b>Ora l\u2019Europeo, con Michieletto torneranno anche le esultanze interiste?<\/b>\u00a0<\/p>\n<p class=\"paragraph\" spellcheck=\"true\">&#8220;Con Ale faremo qualcosa a tema Inter. Vedremo se confermare quelle di Thuram e Lautaro fatte al nostro Mondiale oppure cambiarle. Non spoileriamo&#8221;.<\/p>\n<p class=\"paragraph\" spellcheck=\"true\"><b>\u00a0L\u2019Inter, la sua grande passione.<\/b>\u00a0<\/p>\n<p class=\"paragraph\" spellcheck=\"true\">&#8220;L\u2019ho ereditata da mio padre: mi portava allo stadio fin da piccolissimo. Poi ho continuato ad andarci con gli amici e un anno sono stato abbonato anche in Curva Nord&#8221;.<\/p>\n<p class=\"paragraph\" spellcheck=\"true\"><b>\u00a0Segue anche la Formula 1. Ferrari o Kimi Antonelli?<\/b>\u00a0<\/p>\n<p class=\"paragraph\" spellcheck=\"true\">&#8220;Ferrari sempre. Per\u00f2 quando vince Kimi sono contento: mi piace come pilota e soprattutto come ragazzo. Mi piacerebbe conoscerlo, anche se ormai \u00e8 irraggiungibile&#8221;.<\/p>\n<p class=\"paragraph\" spellcheck=\"true\">\u00a0<b>Se potesse rubare una qualit\u00e0 a un altro sportivo?<\/b><\/p>\n<p class=\"paragraph\" spellcheck=\"true\">&#8220;La mentalit\u00e0 di Sinner. Mi ha sempre affascinato l\u2019aspetto mentale nello sport e lui da questo punto di vista \u00e8 il pi\u00f9 forte. Il mio idolo adesso, per\u00f2, \u00e8 Pogacar: mi ha fatto appassionare al ciclismo. Se c\u2019\u00e8 una gara magari la guardo, se so che c\u2019\u00e8 lui la guardo sicuramente&#8221;.\u00a0<\/p>\n<p class=\"paragraph\" spellcheck=\"true\"><b>Cinque anni fa fu l\u2019Europeo della scoperta. Questo che sta per iniziare cosa vorrebbe che fosse?<\/b><\/p>\n<p class=\"paragraph\" spellcheck=\"true\">&#8220;Quello fu l\u2019Europeo della consapevolezza di poter stare tra i grandi, questo \u00e8 quello del ritorno a casa. Giocando all\u2019estero, disputarlo qui e ritrovare il pubblico italiano \u00e8 un regalo. Fuori mi trovo bene, ma l\u2019Italia e la nostra gente mi sono mancate. Vogliamo arrivare fino in fondo anche per viverle il pi\u00f9 possibile. Se poi vincere significa qualificarsi all\u2019Olimpiade&#8230;&#8221;.\u00a0<\/p>\n<p class=\"paragraph\" spellcheck=\"true\"><b>Europeo o Champions dell\u2019Inter?<\/b>\u00a0<\/p>\n<p class=\"paragraph\" spellcheck=\"true\">&#8220;Senza dubbio l\u2019Europeo. Per quanto sia felice quando vince l\u2019Inter, i traguardi personali e la Nazionale vengono comunque prima&#8221;.<\/p>\n<p class=\"is-copyright\">\u00a9 RIPRODUZIONE RISERVATA<\/p>\n","protected":false},"excerpt":{"rendered":"A pochi giorni dall&#8217;Europeo maschile di volley, l&#8217;opposto azzurro si racconta. Gli inizi, l&#8217;amore per la moglie Marta,&hellip;\n","protected":false},"author":3,"featured_media":666443,"comment_status":"","ping_status":"","sticky":false,"template":"","format":"standard","meta":{"footnotes":"","_share_on_mastodon":"0"},"categories":[1474],"tags":[92109,367209,1005,87,13245,7920,694,2333,842,157088,721,2554,1856,3080,631,4021,3340,4972,3081,13035,2429,3889,368,3384,367201,5229,1889,2267,21328,52,350,1537,90,1599,89,3994,1914,4002,367202,13417,39626,367203,367204,367205,149482,1229,4422,382,367206,367207,32671,2347,1955,690,3530,1950,4958,2466,7522,492,179,32824,1989,2751,10997,171,388,1360,2434,1272,9654,2526,337,10766,245,244,577,3726,24257,367208,21129,13062,5490,6370,1869,40710],"class_list":["post-666442","post","type-post","status-publish","format-standard","has-post-thumbnail","category-volley","tag-abbonato","tag-abbonato-curva","tag-aereo","tag-amore","tag-andava","tag-azzurro","tag-bambino","tag-base","tag-bianca","tag-bravini","tag-calcio","tag-cambiare","tag-campionato","tag-categoria","tag-cinque","tag-compagni","tag-compagno","tag-contento","tag-crescere","tag-diventata","tag-donne","tag-europeo","tag-ferrari","tag-figlia","tag-figlia-bianca","tag-gavetta","tag-giocare","tag-giocato","tag-guardo","tag-indietro","tag-inter","tag-it","tag-italia","tag-italiano","tag-italy","tag-kimi","tag-li","tag-mamma","tag-mamma-giocato","tag-marcia","tag-marta","tag-marta-bianca","tag-marta-figlia","tag-marta-figlia-bianca","tag-micah","tag-moglie","tag-mondiali","tag-mosca","tag-novy","tag-novy-urengoy","tag-opposto","tag-pallavolo","tag-pallone","tag-papa","tag-partire","tag-passione","tag-piace","tag-pochi","tag-porte","tag-presente","tag-pubblico","tag-pubblico-italiano","tag-racconta","tag-riccione","tag-romano","tag-russia","tag-russo","tag-scelta","tag-si","tag-so","tag-sogni","tag-sogno","tag-soprattutto","tag-sorella","tag-sport","tag-sports","tag-stagione","tag-strada","tag-torno","tag-urengoy","tag-varsavia","tag-vince","tag-vissuto","tag-vista","tag-volley","tag-yuri"],"share_on_mastodon":{"url":"","error":"Validation failed: Text character limit of 500 exceeded"},"_links":{"self":[{"href":"https:\/\/www.europesays.com\/it\/wp-json\/wp\/v2\/posts\/666442","targetHints":{"allow":["GET"]}}],"collection":[{"href":"https:\/\/www.europesays.com\/it\/wp-json\/wp\/v2\/posts"}],"about":[{"href":"https:\/\/www.europesays.com\/it\/wp-json\/wp\/v2\/types\/post"}],"author":[{"embeddable":true,"href":"https:\/\/www.europesays.com\/it\/wp-json\/wp\/v2\/users\/3"}],"replies":[{"embeddable":true,"href":"https:\/\/www.europesays.com\/it\/wp-json\/wp\/v2\/comments?post=666442"}],"version-history":[{"count":0,"href":"https:\/\/www.europesays.com\/it\/wp-json\/wp\/v2\/posts\/666442\/revisions"}],"wp:featuredmedia":[{"embeddable":true,"href":"https:\/\/www.europesays.com\/it\/wp-json\/wp\/v2\/media\/666443"}],"wp:attachment":[{"href":"https:\/\/www.europesays.com\/it\/wp-json\/wp\/v2\/media?parent=666442"}],"wp:term":[{"taxonomy":"category","embeddable":true,"href":"https:\/\/www.europesays.com\/it\/wp-json\/wp\/v2\/categories?post=666442"},{"taxonomy":"post_tag","embeddable":true,"href":"https:\/\/www.europesays.com\/it\/wp-json\/wp\/v2\/tags?post=666442"}],"curies":[{"name":"wp","href":"https:\/\/api.w.org\/{rel}","templated":true}]}}