{"id":666465,"date":"2026-09-05T14:30:15","date_gmt":"2026-09-05T14:30:15","guid":{"rendered":"https:\/\/www.europesays.com\/it\/666465\/"},"modified":"2026-09-05T14:30:15","modified_gmt":"2026-09-05T14:30:15","slug":"andrea-delogu-a-san-patrignano-ero-libera-cerano-ombre-ma-anche-tanto-amore-con-la-morte-di-mio-fratello-la-sacca-della-leggerezza-si-e-bucata-cerco-di-ricucirla","status":"publish","type":"post","link":"https:\/\/www.europesays.com\/it\/666465\/","title":{"rendered":"Andrea Delogu: \u00abA San Patrignano ero libera: c&#8217;erano ombre, ma anche tanto amore. Con la morte di mio fratello la sacca della leggerezza si \u00e8 bucata: cerco di ricucirla\u00bb"},"content":{"rendered":"<p>                                                                                                                      di Luca Mastrantonio<\/p>\n<p class=\"summary-art is-line-h-12\">La conduttrice torna in libreria con il romanzo autobiografico sull\u2019infanzia a San Patrignano, di cui racconta luci e ombre. \u00abHo cercato fuori dalla comunit\u00e0 la famiglia che avevo dentro. Ora, grazie alla televisione, vado al mercato e tutti mi salutano, sono con me\u00bb. La morte del fratello, l\u2019allarme sulla ludopadia: \u00ab\u00c8 pi\u00f9 insidiosa dell\u2019eroina, sbagliato parlare di gioco\u00bb<\/p>\n<p class=\"chapter-paragraph\">Era la bambina della Collina, dove sorgeva la Comunit\u00e0 di <b>San Patrignano<\/b>, struttura di recupero per ragazzi e ragazze con problemi di dipendenza. Il padre era l\u2019autista-guardia del corpo di Vincenzo Muccioli, il fondatore della comunit\u00e0, guru indiscusso, personaggio controverso. Tutto, in comunit\u00e0, era nelle mani di Muccioli: era lui a decidere chi poteva uscire e chi no, chi andava privato di altre libert\u00e0 e chi premiare, cercando di controllare anche la vita privata delle persone. \u00c8 stato amato, dentro la comunit\u00e0. Amato oppure odiato, fuori.<b> Andrea Delogu <\/b>ha lasciato la comunit\u00e0 a 10 anni, nel 1994, ha intrapreso una carriera nel mondo dello spettacolo, e nel 2014 ha pubblicato per Fandango la sua storia (scritta insieme ad Andrea Cedrola), rielaborata in romanzo ma fedele a personaggi e fatti accaduti, mostrando le luci e le ombre della comunit\u00e0, a partire dalla scena di apertura, il ritrovamento del cadavere di Roberto Marazzano, l\u2019ospite picchiato e ucciso da alcuni collaboratori di Muccioli. Ma resta una storia d\u2019amore familiare, La collina, che \u00e8 stata la casa d\u2019infanzia di Delogu. La nuova edizione (HarperCollins) \u00e8 dedicata al fratello che a causa di un incidente stradale \u00e8 mancato a fine 2025. Anno che, per altri versi, ha visto Delogu trionfare a Ballando con le stelle, ritrovare l\u2019amore, fare nuovi progetti.<\/p>\n<p class=\"chapter-paragraph\"><b>Cosa ricorda di quando era la bambina della Collina?<\/b><br \/>\u00abEro una cucciola, \u00e8 stata la mia infanzia. Ero molto libera, in un mondo chiuso, ma non lo sapevo, ho imparato che c\u2019erano dei confini una volta che sono uscita da casa mia, da San Patrignano. Io ho sofferto molto quando sono andata a vivere nel mondo fuori, perch\u00e9 non potevo andare dove volevo, non potevo attraversare la strada dove mi pareva, non potevo dormire dove mi andava, non potevo avere quello che in comunit\u00e0 potevo fare, perch\u00e9 erano tutti una famiglia\u00bb.    &#13;<br \/>\n&#13;<br \/>\n&#13;<br \/>\n&#13;<br \/>\n&#13;<br \/>\n&#13;<br \/>\n&#13;<br \/>\n&#13;<br \/>\n&#13;<br \/>\n&#13;<br \/>\n&#13;<br \/>\n&#13;<br \/>\n&#13;<br \/>\n&#13;<br \/>\n&#13;<br \/>\n&#13;<br \/>\n&#13;<br \/>\n&#13;<br \/>\n&#13;<br \/>\n&#13;<br \/>\n&#13;<br \/>\n&#13;<br \/>\n&#13;<br \/>\n&#13;<br \/>\n&#13;<br \/>\n&#13;<br \/>\n&#13;<br \/>\n&#13;<br \/>\n&#13;<br \/>\n&#13;<br \/>\n&#13;<br \/>\n&#13;<br \/>\n&#13;<br \/>\n&#13;<br \/>\n&#13;<br \/>\n&#13;<br \/>\n&#13;<br \/>\n&#13;<br \/>\n&#13;<br \/>\n&#13;<br \/>\n&#13;<br \/>\n&#13;<br \/>\n&#13;<br \/>\n&#13;<br \/>\n&#13;<br \/>\n&#13;<br \/>\n&#13;<br \/>\n&#13;<br \/>\n&#13;<br \/>\n&#13;<br \/>\n&#13;<br \/>\n&#13;<br \/>\n&#13;\n<\/p>\n<p class=\"chapter-paragraph\"><b>Com\u2019\u00e8 cambiata, rispetto a quando ha pubblicato il libro, nel 2014?<\/b><br \/>\u00abSono una persona che si sa difendere molto meglio, prima ero un agnello in mezzo ai lupi, una che all\u2019epoca voleva raccontare la storia della propria famiglia, il posto dove era vissuta, perch\u00e9 era una cosa che avevo in sospeso con le persone con cui sono cresciuta e con i miei genitori; \u00e8 stato molto difficile per me quando \u00e8 uscito il libro, \u00e8 un romanzo anche se abbiamo fatto interviste, ricerche, anni di lavoro. La cosa pi\u00f9 strana \u00e8 che San Patrignano l\u2019ho vissuto che ero una bimba e poi mi sono trovata di fronte a un mondo che non si ricordava pi\u00f9 di questa storia\u00bb.<\/p>\n<p class=\"chapter-paragraph\"><b>Immagino che il karate, dove \u00e8 cintura nera, l\u2019abbia aiutata a difendersi meglio.<\/b><br \/>\u00abS\u00ec, ma anche gli anni di terapia\u00bb.<\/p>\n<p class=\"chapter-paragraph\"><b>Prima era un \u00abagnello in mezzo ai lupi\u00bb\u2026 Ora che animale \u00e8?<\/b><br \/>\u00abChe belva mi sento? Guardi che Francesca Fagnani mi ha gi\u00e0 intervistato\u00bb.<\/p>\n<p class=\"chapter-paragraph\"><b>Passiamo all\u2019orso nella stanza. C\u2019\u00e8 una scena del romanzo in cui Riccardo Mannoni, che di fatto \u00e8 Vincenzo Muccioli, uccide un orso che aveva accolto in comunit\u00e0, dove c\u2019erano molti altri animali. Orso che aveva chiesto di uccidere al padre della protagonista, che \u00e8 di fatto lei, in cambio del permesso di far uscire la ragazza a seguire lezioni di karate. Chi era Vincenzo Muccioli?<\/b><br \/>\u00ab\u00c8 stato il pap\u00e0 di tutti noi, anche di mio padre\u2026 Era una persona che ha creato un luogo che mi ha fatto sentire al sicuro, dove ci hanno insegnato molte cose, era naturale per noi amare profondamente quella situazione; una volta uscita dalla comunit\u00e0 e soprattutto vedendo tutto quello che aveva fatto di male attraverso i processi\u2026 beh, \u00e8 cambiato il mio modo di vederlo. Dentro di me resta questa dicotomia tra le luci e le ombre. Ci sono le ombre, le ho raccontate, ma c\u2019\u00e8 molto amore, c\u2019\u00e8 una storia di famiglia, c\u2019\u00e8 gente che si salva anche grazie a quei posti. All\u2019epoca lo Stato non aveva idea di quello che doveva fare, con i tossici, l\u2019Italia era allo sbando, c\u2019erano questi ragazzi che sembravano impossibili da recuperare, le famiglie erano allo stremo\u2026 E allora vai dove qualcuno ti aiuta senza chiederti il conto\u2026 C\u2019\u00e8 chi ha sbagliato, ci sono colpevoli, ma quei colpevoli in un certo senso sono anche innocenti, \u00e8 stata colpa di tutti, erano anni bui\u00bb.<\/p>\n<p class=\"chapter-paragraph\"><b>All\u2019epoca, per gli anni Ottanta e Novanta, il flagello era l\u2019eroina. Qual \u00e8 la dipendenza di oggi che la spaventa di pi\u00f9?<\/b><br \/>\u00abRispondo anche sulla base di dati che ho letto di recente: la dipendenza dal gioco \u00e8 la cosa che mi spaventa di pi\u00f9, perch\u00e9 porta una disperazione totale, a distruggere le famiglie, a non essere pi\u00f9 niente\u00bb.<\/p>\n<p class=\"chapter-paragraph\"><b>La ludopatia.<\/b><br \/>\u00abLa ludopatia \u00e8 un terrore, un male che sta distruggendo ragazzi giovanissimi, famiglie intere, veramente disintegrate. Ho conosciuto dei casi, ed \u00e8 la dipendenza peggiore che ci possa essere perch\u00e9 \u00e8 silente e viene raccontato come un gioco, invece non \u00e8 cos\u00ec\u00bb.<\/p>\n<p class=\"chapter-paragraph\"><b>Questo \u00e8 vero e poi c\u2019\u00e8 un rilancio continuo.<\/b><br \/>\u00abTu entri a prendere una bibita in un tabacchi, un bar, caramelle, o sigarette peggio ancora, e sei sempre a contatto con un desiderio continuo\u2026 Mi ha scioccata riconoscere il brivido delle persone che stanno attaccate a queste macchinette, le persone che giocano con i numeri&#8230; Il brivido che vedi in questi occhi \u00e8 la speranza di poter cambiare la propria vita in quei pochi secondi o in quell\u2019ora. E il problema \u00e8 che ci sono tanti minorenni\u00bb.<\/p>\n<p class=\"chapter-paragraph\"><b>Lei ha mai giocato con soldi?<\/b><br \/>\u00abNo, ma sono una giocatrice da Burraco, l\u00ec spacco\u00bb.<\/p>\n<p class=\"chapter-paragraph\"><b>Il contrario della dipendenza, la libert\u00e0. Cos\u2019\u00e8 per lei?<\/b><br \/>\u00abNon \u00e8 fare tutto ci\u00f2 che vuoi, ma poter scegliere fino a che punto poter resistere nel fare qualcosa che ti pu\u00f2 essere utile per imparare, crescere, vivere. La libert\u00e0, quando ero piccola, era soprattutto la leggerezza, la leggerezza di una bambina, che provi a portarti dentro. Crescendo mi sono resa conto, purtroppo con quello che succede nella vita, che la leggerezza piano piano la perdi camminando, diventando grande, non soltanto uscendo da una comunit\u00e0\u00bb.<\/p>\n<p class=\"chapter-paragraph\"><b>Qual \u00e8 stato un momento di leggerezza da adulta?<\/b><br \/>\u00abForse quando ho cantato al mio matrimonio T\u2019appartengo di Ambra\u00bb.<\/p>\n<p class=\"chapter-paragraph\"><b>Oggi se una donna cantasse \u00abT\u2019appartengo\u00bb verrebbe forse criticata da alcune neofemministe\u2026<\/b><br \/>\u00abNon lo so, io sono abbastanza woman power, per\u00f2 T\u2019appartengo era uno scherzo. Ai tempi del matrimonio, stavo vivendo la grande storia d\u2019amore, ho pensato a qualcuno che avesse fatto una promessa d\u2019amore pi\u00f9 bella di come avrei potuto farla io\u2026 Prima ho rotto le scatole a tanti, poi sono andata a bussare da Ambra\u00bb.<\/p>\n<p class=\"chapter-paragraph\"><b>Anagraficamente \u00e8 cresciuta con \u00abNon \u00e8 la Rai\u00bb, ma in tv guardava i VHS con le puntate registrate di \u00abIndietro tutta\u00bb. Poi ha anche lavorato con Renzo Arbore. Sono due televisioni molto diverse, credo. Che tv \u00e8 quella di Arbore?<\/b><br \/>\u00ab\u00c8 una televisione dove non sembra di essere in televisione, Arbore me l\u2019ha insegnato, lui prima di andare in onda, prima di andare in scena sa di essere con degli amici, quello che racconta succede l\u00ec, la televisione di Renzo \u00e8 l\u2019estemporaneit\u00e0, \u00e8 cantare una leggerezza. Cos\u00ec in un momento dove la gente si aspetta lacrime, arriva la leggerezza di vivere in maniera autentica, non preparata\u00bb.<\/p>\n<p class=\"chapter-paragraph\"><b>La vocazione per lo spettacolo da dove arriva?<\/b><br \/>\u00abHo fatto spettacolo perch\u00e9 volevo essere amata ed \u00e8 una cosa che penso che unisca tutti perch\u00e9 chi vuole essere cos\u00ec tanto guardato perch\u00e9 ha bisogno di affetto, attenzioni, di poter avere confidenza con gli altri, forse arriva veramente da dove sono cresciuta io, dove tutti abbiamo famiglia; e ora, grazie alla tv, quando vado al mercato tutti sono famiglia, perch\u00e9 mi riconoscono, mi salutano, facciamo quattro chiacchiere\u00bb.<\/p>\n<p class=\"chapter-paragraph\"><b>Sul piano personale, privato, non pubblico, quando si \u00e8 sentita amata?<\/b><br \/>\u00abSu diversi livelli. Da bambina, dai miei familiari, nelle piccole cose, quando pap\u00e0 tornava dai viaggi, o quando mamma mi insegnava a leggere e scrivere; sono i tanti momenti di amore che ti rendono la persona che sei\u00bb.<\/p>\n<p class=\"chapter-paragraph\"><b>E da adulta?<\/b><br \/>\u00abMi sento amata quando la persona che amo si ricorda delle piccole cose che dico. Ma \u00e8 tosta, non sono facile come persona\u00bb.<\/p>\n<p class=\"chapter-paragraph\"><b>Anche perch\u00e9 suo padre aveva la pistola. Non deve esser facile amare una donna che \u00e8 cresciuta da bambina con un padre che aveva una pistola con s\u00e9\u2026 La turbava quell\u2019arma?<\/b><br \/>\u00abNo, era uno strumento di lavoro, mio padre era una guardia del corpo\u2026 Era come la macchina. Mi avevano spiegato cosa fosse, la mettevano subito in sicurezza, nella cassaforte\u2026 Non ho mai avuto motivo di allarme\u00bb.<\/p>\n<p class=\"chapter-paragraph\"><b>Per concludere, lei prima diceva che ha perso questa antica leggerezza. Quando?<\/b><br \/>\u00abNegli ultimi mesi&#8230; \u00bb<\/p>\n<p class=\"chapter-paragraph\"><b>\u00c8 mancato suo fratello\u2026<\/b><br \/>\u00abL\u00ec \u00e8 finita una certa leggerezza. Prima la leggerezza ce l\u2019avevo, me lo sono guadagnata la leggerezza, perch\u00e9 comunque la vita \u00e8 sempre stata intensa e l\u2019ho vissuta molto intensamente, quindi i miei momenti di leggerezza li ho sempre tenuti da conto, e non me li sono mai fatti rubare. Poi, di colpo, la sacca della leggerezza si buca. In questo momento, la mia battaglia \u00e8 cucirla, piano piano. E se si scuce di nuovo, la ricucio\u00bb.<\/p>\n<p>    CHI E&#8217;\u00a0<\/p>\n<p class=\"chapter-paragraph\"><b>La carriera<\/b><br \/>Maria Andrea Delogu nasce a Cesena il 23 maggio 1982. Nei primi anni cresce all\u2019interno della comunit\u00e0 di San Patrignano dove si sono conosciuti i genitori. Nel 2002 partecipa a Veline, ma viene eliminata. L\u2019esordio in tv arriva nello stesso anno con Mai dire domenica dove \u00e8 nel corpo di ballo delle \u201cLetteronze\u201d. Nel 2004 comincia la carriera di conduttrice con Vetrina su Sky Canale 109. Negli anni successivi \u00e8 alla guida di programmi come Stracult con Marco Giusti (2014) e Il processo del luned\u00ec. Dal 2015 \u00e8 tra le conduttrici di Rai Radio2. Segue numerosi eventi, tra cui il Festival di Sanremo di cui conduce il Primafestival nel 2023. Nel 2025 vince Ballando con le stelle in coppia con Nikita Perotti. \u00c8 Cavaliere dell\u2019Ordine al Merito della Repubblica italiana.<\/p>\n<p><b>Il libro<\/b><br \/>Per HarperCollins esce la riedizione de La Collina (Fandango, 2014), il libro in cui Delogu con Andrea Cedrola racconta la vita a San Patrignano<\/p>\n<p class=\"is-last-update\" datetime=\"2026-09-05T16:06:44+02:00\">5 settembre 2026 ( modifica il 5 settembre 2026 | 16:06)<\/p>\n<p class=\"is-copyright\">\n            \u00a9 RIPRODUZIONE RISERVATA\n        <\/p>\n","protected":false},"excerpt":{"rendered":"di Luca Mastrantonio La conduttrice torna in libreria con il romanzo autobiografico sull\u2019infanzia a San Patrignano, di cui&hellip;\n","protected":false},"author":3,"featured_media":666466,"comment_status":"","ping_status":"","sticky":false,"template":"","format":"standard","meta":{"footnotes":"","_share_on_mastodon":"0"},"categories":[174],"tags":[28239,27239,367219,2271,27244,20812,5466,24538,87,32,1961,13245,2700,4713,78035,5213,2478,2766,367220,52845,2821,86846,931,42,2944,3591,122,30204,5223,2146,1731,203,3452,69346,2606,1909,943,4031,3688,4965,2024,3606,17579,5345,4040,204,1537,90,89,46049,36632,367221,1914,2504,2451,1211,3075,135370,2091,16453,9793,8866,1412,4003,964,322424,53981,78807,66112,3608,367222,690,53977,1915,975,212708,14381,60621,10301,1380,33415,6894,9608,6148,15348,1918,8015,1989,1699,44131,3544,532,23628,2986,214,1567,5248,5486,253,26465,367218,4006],"class_list":["post-666465","post","type-post","status-publish","format-standard","has-post-thumbnail","category-intrattenimento","tag-adulta","tag-agnello","tag-agnello-lupi","tag-allarme","tag-amare","tag-amata","tag-amato","tag-ambra","tag-amore","tag-andare","tag-andata","tag-andava","tag-andrea","tag-andrea-delogu","tag-appartengo","tag-arbore","tag-arriva","tag-bambina","tag-bambina-collina","tag-brivido","tag-collina","tag-colpevoli","tag-comunita","tag-continuo","tag-conto","tag-corpo","tag-cose","tag-cresciuta","tag-delogu","tag-dipendenza","tag-donna","tag-entertainment","tag-epoca","tag-eroina","tag-facile","tag-famiglia","tag-famiglie","tag-fatti","tag-fratello","tag-gente","tag-gioco","tag-guardia","tag-guardia-corpo","tag-infanzia","tag-insegnato","tag-intrattenimento","tag-it","tag-italia","tag-italy","tag-karate","tag-leggerezza","tag-leggerezza-leggerezza","tag-li","tag-libera","tag-liberta","tag-libro","tag-luci","tag-luci-ombre","tag-ludopatia","tag-lupi","tag-mancato","tag-matrimonio","tag-mercato","tag-momenti","tag-morte","tag-morte-fratello","tag-muccioli","tag-ombre","tag-orso","tag-padre","tag-padre-pistola","tag-papa","tag-patrignano","tag-persona","tag-piano","tag-piano-piano","tag-piccole","tag-piccole-cose","tag-pistola","tag-poter","tag-potevo","tag-privato","tag-propria","tag-pubblicato","tag-qual","tag-quei","tag-quell","tag-racconta","tag-ragazzi","tag-renzo","tag-romanzo","tag-san","tag-san-patrignano","tag-scena","tag-spettacolo","tag-storia","tag-tanti","tag-televisione","tag-tv","tag-vincenzo","tag-vincenzo-muccioli","tag-vivere"],"share_on_mastodon":{"url":"","error":"Validation failed: Text character limit of 500 exceeded"},"_links":{"self":[{"href":"https:\/\/www.europesays.com\/it\/wp-json\/wp\/v2\/posts\/666465","targetHints":{"allow":["GET"]}}],"collection":[{"href":"https:\/\/www.europesays.com\/it\/wp-json\/wp\/v2\/posts"}],"about":[{"href":"https:\/\/www.europesays.com\/it\/wp-json\/wp\/v2\/types\/post"}],"author":[{"embeddable":true,"href":"https:\/\/www.europesays.com\/it\/wp-json\/wp\/v2\/users\/3"}],"replies":[{"embeddable":true,"href":"https:\/\/www.europesays.com\/it\/wp-json\/wp\/v2\/comments?post=666465"}],"version-history":[{"count":0,"href":"https:\/\/www.europesays.com\/it\/wp-json\/wp\/v2\/posts\/666465\/revisions"}],"wp:featuredmedia":[{"embeddable":true,"href":"https:\/\/www.europesays.com\/it\/wp-json\/wp\/v2\/media\/666466"}],"wp:attachment":[{"href":"https:\/\/www.europesays.com\/it\/wp-json\/wp\/v2\/media?parent=666465"}],"wp:term":[{"taxonomy":"category","embeddable":true,"href":"https:\/\/www.europesays.com\/it\/wp-json\/wp\/v2\/categories?post=666465"},{"taxonomy":"post_tag","embeddable":true,"href":"https:\/\/www.europesays.com\/it\/wp-json\/wp\/v2\/tags?post=666465"}],"curies":[{"name":"wp","href":"https:\/\/api.w.org\/{rel}","templated":true}]}}