{"id":666473,"date":"2026-09-05T14:34:11","date_gmt":"2026-09-05T14:34:11","guid":{"rendered":"https:\/\/www.europesays.com\/it\/666473\/"},"modified":"2026-09-05T14:34:11","modified_gmt":"2026-09-05T14:34:11","slug":"il-caldo-ha-le-ore-contate-ecco-quando-arriva-la-pioggia-in-toscana-stop-allestate-record","status":"publish","type":"post","link":"https:\/\/www.europesays.com\/it\/666473\/","title":{"rendered":"Il caldo ha le ore contate.\u00a0Ecco quando arriva la pioggia in Toscana: stop all\u2019estate record"},"content":{"rendered":"<p>Firenze, 5 settembre 2026 \u2013 Ancora qualche giorno di caldo intenso, poi in Toscana cambier\u00e0 tutto. La svolta \u00e8 attesa da <strong>mercoled\u00ec 9 settembre<\/strong>, quando l\u2019ingresso di una perturbazione atlantica dovrebbe portare le prime piogge, temporali pi\u00f9 diffusi e una sensibile diminuzione delle temperature massime.<\/p>\n<p>Il cambiamento dovrebbe consolidarsi entro gioved\u00ec 10, riportando gradualmente i valori <strong>in linea con le medie <\/strong>del periodo. Fino a marted\u00ec 8 settembre, invece, il promontorio di alta pressione di matrice africana continuer\u00e0 a garantire tempo prevalentemente stabile e temperature decisamente superiori alla norma.<\/p>\n<p>Secondo il consorzio Lamma, l\u2019aumento dell\u2019instabilit\u00e0 si concentrer\u00e0 tra il 9 e il 10 settembre. A provocarlo sar\u00e0 il flusso perturbato collegato ad un sistema atlantico che, nelle prossime ore, si sposter\u00e0 dalla zona compresa tra Islanda e Groenlandia<strong> verso il Mediterraneo centrale<\/strong>.<\/p>\n<p>Il caldo resiste fino a marted\u00ec <\/p>\n<p>Il fine settimana manterr\u00e0 caratteristiche pienamente estive. Domenica 6 settembre il caldo aumenter\u00e0 soprattutto nelle zone interne. Il termometro potr\u00e0 raggiungere i <strong>37 gradi a Firenze<\/strong>, 36 a Prato e Pistoia e 35 a Lucca, Siena e Arezzo. Pi\u00f9 contenuti i valori lungo la costa, con 30 gradi attesi a Massa e Livorno.<\/p>\n<p>Anche luned\u00ec 7 settembre sar\u00e0 una giornata molto calda. Firenze toccher\u00e0 ancora i 37 gradi, Prato 36, Pistoia 35 e Arezzo 34. Nel pomeriggio potranno formarsi<strong> addensamenti sulle zone interne <\/strong>e sui rilievi, accompagnati da brevi e isolati temporali. Le temperature minime resteranno elevate: 23 gradi a Firenze, Prato, Pisa, Massa e Grosseto, fino a 25 a Livorno.<\/p>\n<p><strong>Marted\u00ec 8 settembre <\/strong>rappresenter\u00e0 la coda dell\u2019ondata di calore. Le massime sono previste in lieve diminuzione, ma raggiungeranno ancora 35 gradi a Firenze e Prato, 34 a Pistoia, Siena e Arezzo, 33 a Lucca e Pisa. Sono <strong>possibili isolati rovesci<\/strong> pomeridiani, mentre i venti resteranno deboli occidentali e i mari poco mossi.<\/p>\n<p>Mercoled\u00ec 9 arriva la perturbazione <\/p>\n<p>La giornata della svolta sar\u00e0 mercoled\u00ec. Il Lamma prevede un cielo inizialmente parzialmente nuvoloso, con possibili precipitazioni sparse gi\u00e0 durante la prima parte della giornata. In serata \u00e8 atteso un ulteriore peggioramento, con <strong>rovesci e temporali <\/strong>pi\u00f9 estesi sulla regione.<\/p>\n<p>I venti saranno moderati meridionali e i mari tenderanno a diventare mossi. Il passaggio perturbato sar\u00e0 accompagnato soprattutto da una <strong>diminuzione delle temperature massime<\/strong>, mentre i valori notturni resteranno ancora piuttosto miti.<\/p>\n<p><strong>Arezzo <\/strong>dovrebbe essere il <strong>capoluogo pi\u00f9 caldo<\/strong>, con una massima di 32 gradi e una minima di 19. A Firenze sono previsti 31 gradi, quattro in meno rispetto a marted\u00ec, mentre Prato, Lucca, Livorno, Grosseto e Siena si fermeranno a 30. Pisa non dovrebbe superare i 29 gradi e Pistoia i 28. La <strong>citt\u00e0 pi\u00f9 fresca sar\u00e0 Massa<\/strong>, dove il termometro osciller\u00e0 fra 22 e 25 gradi. Tra Arezzo e Massa ci sar\u00e0 quindi una differenza di sette gradi nelle massime.<\/p>\n<p>Possibili temporali intensi, ma la previsione pu\u00f2 cambiare <\/p>\n<p>La massa d\u2019aria in arrivo potrebbe essere<strong> tra 6 e 10 gradi pi\u00f9 fresca<\/strong> rispetto a quella che alimenta l\u2019attuale ondata di calore. I modelli indicano per gioved\u00ec un riassorbimento dell\u2019anomalia termica anche in quota, con il ritorno verso valori pi\u00f9 tipici della prima met\u00e0 di settembre.<\/p>\n<p>Resta da valutare l\u2019intensit\u00e0 dei fenomeni. Il contrasto fra l\u2019aria atlantica e quella molto calda e umida presente sul Mediterraneo potrebbe favorire <strong>temporali localmente forti<\/strong>, accompagnati da grandine e raffiche di vento. La previsione, tuttavia, \u00e8 ancora a diversi giorni di distanza e non consente di stabilire dove si concentreranno le precipitazioni pi\u00f9 abbondanti.<\/p>\n<p>Durante <strong>gioved\u00ec 10 settembre<\/strong>\u00a0il fronte dovrebbe spostarsi progressivamente verso le regioni centrali e meridionali, anche se il Lamma mantiene per la Toscana una fase instabile fra il 9 e il 10. Per conoscere intensit\u00e0, orari e aree maggiormente interessate sar\u00e0 quindi necessario attendere gli aggiornamenti e gli eventuali bollettini di allerta.<\/p>\n<p>Il calo termico non significa necessariamente<strong> la fine definitiva dell\u2019estate<\/strong>. La tendenza del Lamma indica, per i giorni successivi, un\u2019alternanza fra fasi stabili e momenti moderatamente instabili, con temperature in media o leggermente superiori alla norma.<\/p>\n","protected":false},"excerpt":{"rendered":"Firenze, 5 settembre 2026 \u2013 Ancora qualche giorno di caldo intenso, poi in Toscana cambier\u00e0 tutto. La svolta&hellip;\n","protected":false},"author":3,"featured_media":666474,"comment_status":"","ping_status":"","sticky":false,"template":"","format":"standard","meta":{"footnotes":"","_share_on_mastodon":"0"},"categories":[79],"tags":[2478,1534,67536,14,93,94,1533,1537,90,89,7,15,634,3421,11922,11,84,91,12,85,92],"class_list":["post-666473","post","type-post","status-publish","format-standard","has-post-thumbnail","category-italia","tag-arriva","tag-caldo","tag-contate","tag-cronaca","tag-cronaca-italiana","tag-cronacaitaliana","tag-estate","tag-it","tag-italia","tag-italy","tag-news","tag-notizie","tag-pioggia","tag-record","tag-toscana","tag-ultime-notizie","tag-ultime-notizie-e-news-di-oggi","tag-ultime-notizie-italia","tag-ultimenotizie","tag-ultimenotizieenewsdioggi","tag-ultimenotizieitalia"],"share_on_mastodon":{"url":"https:\/\/pubeurope.com\/@it\/117218932878658135","error":""},"_links":{"self":[{"href":"https:\/\/www.europesays.com\/it\/wp-json\/wp\/v2\/posts\/666473","targetHints":{"allow":["GET"]}}],"collection":[{"href":"https:\/\/www.europesays.com\/it\/wp-json\/wp\/v2\/posts"}],"about":[{"href":"https:\/\/www.europesays.com\/it\/wp-json\/wp\/v2\/types\/post"}],"author":[{"embeddable":true,"href":"https:\/\/www.europesays.com\/it\/wp-json\/wp\/v2\/users\/3"}],"replies":[{"embeddable":true,"href":"https:\/\/www.europesays.com\/it\/wp-json\/wp\/v2\/comments?post=666473"}],"version-history":[{"count":0,"href":"https:\/\/www.europesays.com\/it\/wp-json\/wp\/v2\/posts\/666473\/revisions"}],"wp:featuredmedia":[{"embeddable":true,"href":"https:\/\/www.europesays.com\/it\/wp-json\/wp\/v2\/media\/666474"}],"wp:attachment":[{"href":"https:\/\/www.europesays.com\/it\/wp-json\/wp\/v2\/media?parent=666473"}],"wp:term":[{"taxonomy":"category","embeddable":true,"href":"https:\/\/www.europesays.com\/it\/wp-json\/wp\/v2\/categories?post=666473"},{"taxonomy":"post_tag","embeddable":true,"href":"https:\/\/www.europesays.com\/it\/wp-json\/wp\/v2\/tags?post=666473"}],"curies":[{"name":"wp","href":"https:\/\/api.w.org\/{rel}","templated":true}]}}