{"id":666475,"date":"2026-09-05T14:35:12","date_gmt":"2026-09-05T14:35:12","guid":{"rendered":"https:\/\/www.europesays.com\/it\/666475\/"},"modified":"2026-09-05T14:35:12","modified_gmt":"2026-09-05T14:35:12","slug":"f1-monza-russell-il-piu-veloce-nelle-fp3-antonelli-4-scintille-verstappen-hamilton","status":"publish","type":"post","link":"https:\/\/www.europesays.com\/it\/666475\/","title":{"rendered":"F1 Monza, Russell il pi\u00f9 veloce nelle FP3. Antonelli 4\u00b0, scintille Verstappen-Hamilton"},"content":{"rendered":"<p>                                Il pilota Mercedes al comando nelle FP3. Cresce l&#8217;attesa per le qualifiche dopo un acceso confronto tra Max e Lewis\u00a0<\/p>\n<p>                    5 settembre &#8211; 14:03  &#8211; MONZA<\/p>\n<p class=\"paragraph\" spellcheck=\"true\">Che la sfida abbia inizio. A Monza vanno in archivio le ultime Prove Libere del fine settimana, quelle tradizionalmente pi\u00f9 indicative delle reali forze in gioco in vista delle qualifiche, lasciando grande attesa tra i tifosi italiani sulle tribune del circuito brianzolo per quella che si preannuncia essere una serrata lotta per la pole position. L\u2019ora di lavoro delle FP3 ha visto emergere la Mercedes di George Russell, autore del miglior tempo in 1\u201922\u2019\u2019219, seguito dalla Ferrari di Lewis Hamilton, dalla Red Bull di Max Verstappen e dall\u2019altra Mercedes, quella del leader del Mondiale Kimi Antonelli, quarto. Quinta posizione per l\u2019iridato in carica Lando Norris, che strappa il tempo alla Ferrari di Charles Leclerc, solo sesto in questa sessione e non pienamente soddisfatto del feeling di questa mattina con la sua monoposto, rispetto a quanto invece sentito ieri durante le prime Libere. Chiudono la top dieci la Racing Bulls di Arvid Lindblad, settimo, la McLaren di Oscar Piastri, ottavo, e le Alpine di Pierre Gasly e Franco Colapinto, in nona e decima posizione.\u00a0<\/p>\n<p>    il duello\u2014 \u00a0<\/p>\n<p class=\"paragraph is-inline\" spellcheck=\"true\">Una sessione che si \u00e8 accesa soprattutto nei minuti finali, dopo un\u2019ora di lavoro in pista piuttosto lineare per tutti i team, con un\u2019azione tra Max Verstappen e Lewis Hamilton aggressiva, un duello da gara pi\u00f9 che da Prove Libere: l\u2019olandese si \u00e8 infuriato (esponendo anche un pollice alzato fuori dall\u2019abitacolo in direzione di Hamilton) per il sorpasso del britannico prima della parabolica, mentre Verstappen stava probabilmente cercando una scia per l\u2019ultimo tentativo. Un\u2019azione che \u00e8 proseguita  in Prima Variante, dove i due hanno rischiato un contatto e si sono poi accusati via radio a vicenda. Scintille che fanno intendere quanto la tensione in pista sia alta prima del via delle qualifiche, soprattutto considerando le posizioni dei due, che hanno chiuso le FP3 rispettivamente in seconda posizione per Hamilton e terza per Verstappen, separati da un solo decimo.\u00a0<\/p>\n<p>    le scie\u00a0\u2014 \u00a0<\/p>\n<p class=\"paragraph is-inline\" spellcheck=\"true\">Duelli tra campioni a parte, quella del venerd\u00ec mattina \u00e8 stata una sessione interessante soprattutto dal punto di vista strategico, nella quale \u00e8 stato messo in luce quello che sar\u00e0 un tema fondamentale nel corso della qualifica: le scie che i piloti proveranno a prendere per migliorare i giri lanciati e il conseguente traffico che rischia di tornare protagonista dei concitati momenti finali delle qualifiche. In casa Mercedes le prove di scia tra Antonelli e Russell hanno confermato le parole dei due piloti in questi ultimi giorni: sar\u00e0 Kimi, costretto a partire dal fondo della griglia per la sostituzione della sua power unit, a dare al compagno di squadra un aiuto importante durante la lotta per la pole. L\u2019italiano durante le FP3 ha provato due volte a dare la scia a Russell, con un errore al primo tentativo che ha in parte vanificato il vantaggio, mentre al secondo passaggio la soluzione studiata dal team \u00e8 stata eseguita alla perfezione, permettendo al britannico di restare in scia ad Antonelli fino alla Roggia, cos\u00ec ha guadagnato pi\u00f9 di due decimi sul tempo finale.\u00a0<\/p>\n<p><a class=\"is-partner-link\" href=\"https:\/\/www.nowtv.it\/sport?dcmp=SPORT_SOCIAL_AW_PROS_Motori_CairoRCS_Gazzetta_CTA&amp;ead-publisher=N1792338.340088CAIRORCSMEDIAS.P.&amp;ead-name=N1792338.340088CAIRORCSMEDIAS.P.-35025367&amp;ead-location=439955329&amp;ead-creative=249314339&amp;ead-creativetype=1x1&amp;dya=4b3d5\" rel=\"nofollow noopener\" target=\"_blank\">Non perderti tutti i Gran Premi di Formula 1\u00ae e MotoGP\u2122 in esclusiva streaming su NOW! Attiva il Pass Sport da 19,99\u20ac al mese.<\/a><\/p>\n<p class=\"paragraph\" spellcheck=\"true\">Un gioco di squadra che non verr\u00e0 utilizzato in casa Ferrari, dove i due piloti cercheranno forse \u2013 come faranno in molti nel pomeriggio \u2013 di sfruttare scie involontarie durante il giro, senza per\u00f2 poter contare su un eventuale aiuto da parte del compagno di team: \u201cCapisco quello che far\u00e0 Mercedes \u2013 ha confermato Vasseur \u2013 perch\u00e9 loro hanno Antonelli che comunque partir\u00e0 dal fondo, quindi dare la scia \u00e8 normale. Ma noi no, abbiamo due macchine e vogliamo essere davanti con entrambe\u201d. Toccher\u00e0 quindi a Hamilton e Leclerc \u2013 e al loro muretto &#8211; cercare il miglior momento per scendere in pista e lanciarsi a caccia della pole, consapevoli gi\u00e0 nelle FP3 di quanto un secondo di differenza sulle tempistiche possa fare la differenza. In mezzo, il sogno pi\u00f9 grande: quello di ottenere la pole position davanti ai tifosi di casa.<\/p>\n<p class=\"is-copyright\">\u00a9 RIPRODUZIONE RISERVATA<\/p>\n","protected":false},"excerpt":{"rendered":"Il pilota Mercedes al comando nelle FP3. Cresce l&#8217;attesa per le qualifiche dopo un acceso confronto tra Max&hellip;\n","protected":false},"author":3,"featured_media":666476,"comment_status":"","ping_status":"","sticky":false,"template":"","format":"standard","meta":{"footnotes":"","_share_on_mastodon":"0"},"categories":[6],"tags":[24,3993,289828,2482,2304,3340,1079,14,2276,367231,3451,2238,368,27587,45,2024,3337,8,1537,90,89,3994,7754,2312,2244,6233,4948,50297,3444,1772,7,15,82,9,83,10,3335,696,16590,6324,5810,6229,4005,6523,240731,10864,337,3339,13,11,80,84,12,81,85,10860],"class_list":["post-666475","post","type-post","status-publish","format-standard","has-post-thumbnail","category-ultime-notizie","tag-aiuto","tag-antonelli","tag-antonelli-quarto","tag-azione","tag-britannico","tag-compagno","tag-confermato","tag-cronaca","tag-dare","tag-dare-scia","tag-differenza","tag-duello","tag-ferrari","tag-finali","tag-fondo","tag-gioco","tag-hamilton","tag-headlines","tag-it","tag-italia","tag-italy","tag-kimi","tag-leclerc","tag-lewis","tag-lewis-hamilton","tag-libere","tag-lotta","tag-lotta-pole","tag-max","tag-mercedes","tag-news","tag-notizie","tag-notizie-di-cronaca","tag-notizie-principali","tag-notiziedicronaca","tag-notizieprincipali","tag-piloti","tag-pista","tag-pole","tag-posizione","tag-prove","tag-qualifiche","tag-russell","tag-scia","tag-scie","tag-sessione","tag-soprattutto","tag-team","tag-titoli","tag-ultime-notizie","tag-ultime-notizie-di-cronaca","tag-ultime-notizie-e-news-di-oggi","tag-ultimenotizie","tag-ultimenotiziedicronaca","tag-ultimenotizieenewsdioggi","tag-verstappen"],"share_on_mastodon":{"url":"","error":"Validation failed: Text character limit of 500 exceeded"},"_links":{"self":[{"href":"https:\/\/www.europesays.com\/it\/wp-json\/wp\/v2\/posts\/666475","targetHints":{"allow":["GET"]}}],"collection":[{"href":"https:\/\/www.europesays.com\/it\/wp-json\/wp\/v2\/posts"}],"about":[{"href":"https:\/\/www.europesays.com\/it\/wp-json\/wp\/v2\/types\/post"}],"author":[{"embeddable":true,"href":"https:\/\/www.europesays.com\/it\/wp-json\/wp\/v2\/users\/3"}],"replies":[{"embeddable":true,"href":"https:\/\/www.europesays.com\/it\/wp-json\/wp\/v2\/comments?post=666475"}],"version-history":[{"count":0,"href":"https:\/\/www.europesays.com\/it\/wp-json\/wp\/v2\/posts\/666475\/revisions"}],"wp:featuredmedia":[{"embeddable":true,"href":"https:\/\/www.europesays.com\/it\/wp-json\/wp\/v2\/media\/666476"}],"wp:attachment":[{"href":"https:\/\/www.europesays.com\/it\/wp-json\/wp\/v2\/media?parent=666475"}],"wp:term":[{"taxonomy":"category","embeddable":true,"href":"https:\/\/www.europesays.com\/it\/wp-json\/wp\/v2\/categories?post=666475"},{"taxonomy":"post_tag","embeddable":true,"href":"https:\/\/www.europesays.com\/it\/wp-json\/wp\/v2\/tags?post=666475"}],"curies":[{"name":"wp","href":"https:\/\/api.w.org\/{rel}","templated":true}]}}