{"id":666494,"date":"2026-09-05T14:55:15","date_gmt":"2026-09-05T14:55:15","guid":{"rendered":"https:\/\/www.europesays.com\/it\/666494\/"},"modified":"2026-09-05T14:55:15","modified_gmt":"2026-09-05T14:55:15","slug":"belotti-il-ritorno-del-gallo-e-vicino-il-passaggio-al-modena","status":"publish","type":"post","link":"https:\/\/www.europesays.com\/it\/666494\/","title":{"rendered":"Belotti, il ritorno del Gallo: \u00e8 vicino il passaggio al Modena"},"content":{"rendered":"<p class=\"isSelectedEnd\">Il Gallo \u00e8 pronto a tornare a cantare. L\u2019ex capitano del Torino Andrea <strong>Belotti<\/strong> \u00e8 infatti sempre pi\u00f9 vicino al <strong>Modena<\/strong>, club che pu\u00f2 diventare la sua nuova destinazione dopo l\u2019ultima esperienza al Cagliari. L\u2019attaccante classe 1993 \u00e8 attualmente svincolato e arriva da una stagione pesante, condizionata dal grave infortunio al ginocchio che lo ha tenuto fermo per 186 giorni e gli ha fatto saltare 26 partite.<\/p>\n<p class=\"isSelectedEnd\">Il passaggio in Serie B permetterebbe a Belotti di tornare a giocare con continuit\u00e0 e rimettersi al centro del progetto. Dopo mesi trascorsi pi\u00f9 in infermeria che sul campo, il primo obiettivo sar\u00e0 ritrovare ritmo e condizione. Il Torino resta il capitolo pi\u00f9 importante della sua carriera. In granata Belotti ha giocato dal 2015 al 2022, diventando capitano e totalizzando 251 presenze, 113 gol e 28 assist. Sette stagioni durante le quali si \u00e8 imposto per intensit\u00e0, forza fisica e spirito di sacrificio, diventando uno dei principali riferimenti della squadra. Con l\u2019Italia ha poi conquistato l\u2019Europeo nel 2021. Oggi, per\u00f2, Belotti riparte da un\u2019altra categoria e da un\u2019altra maglia. Il Modena pu\u00f2 essere la sua occasione per tornare protagonista.<\/p>\n<p>        <img src=\"https:\/\/www.europesays.com\/it\/wp-content\/uploads\/2026\/09\/GettyImages-2270867831-ccde8a159469-1200x800.jpg\"   width=\"5088\" height=\"3392\" alt=\"Cagliari Calcio v US Cremonese - Serie A\" title=\"Cagliari Calcio v US Cremonese - Serie A\" loading=\"eager\" fetchpriority=\"high\" decoding=\"sync\" class=\"w-full h-auto aspect-3\/2 object-cover object-top rounded-lg\"\/><\/p>\n","protected":false},"excerpt":{"rendered":"Il Gallo \u00e8 pronto a tornare a cantare. L\u2019ex capitano del Torino Andrea Belotti \u00e8 infatti sempre pi\u00f9&hellip;\n","protected":false},"author":3,"featured_media":666495,"comment_status":"","ping_status":"","sticky":false,"template":"","format":"standard","meta":{"footnotes":"","_share_on_mastodon":"0"},"categories":[176],"tags":[2537,74789,8230,4415,29744,8033,15829,2885,207400,1537,90,89,7742,2511,245,244,1899],"class_list":["post-666494","post","type-post","status-publish","format-standard","has-post-thumbnail","category-sport","tag-altra","tag-belotti","tag-capitano","tag-continuita","tag-diventando","tag-gallo","tag-ginocchio","tag-infortunio","tag-infortunio-ginocchio","tag-it","tag-italia","tag-italy","tag-modena","tag-passaggio","tag-sport","tag-sports","tag-tornare"],"share_on_mastodon":{"url":"https:\/\/pubeurope.com\/@it\/117219015875331439","error":""},"_links":{"self":[{"href":"https:\/\/www.europesays.com\/it\/wp-json\/wp\/v2\/posts\/666494","targetHints":{"allow":["GET"]}}],"collection":[{"href":"https:\/\/www.europesays.com\/it\/wp-json\/wp\/v2\/posts"}],"about":[{"href":"https:\/\/www.europesays.com\/it\/wp-json\/wp\/v2\/types\/post"}],"author":[{"embeddable":true,"href":"https:\/\/www.europesays.com\/it\/wp-json\/wp\/v2\/users\/3"}],"replies":[{"embeddable":true,"href":"https:\/\/www.europesays.com\/it\/wp-json\/wp\/v2\/comments?post=666494"}],"version-history":[{"count":0,"href":"https:\/\/www.europesays.com\/it\/wp-json\/wp\/v2\/posts\/666494\/revisions"}],"wp:featuredmedia":[{"embeddable":true,"href":"https:\/\/www.europesays.com\/it\/wp-json\/wp\/v2\/media\/666495"}],"wp:attachment":[{"href":"https:\/\/www.europesays.com\/it\/wp-json\/wp\/v2\/media?parent=666494"}],"wp:term":[{"taxonomy":"category","embeddable":true,"href":"https:\/\/www.europesays.com\/it\/wp-json\/wp\/v2\/categories?post=666494"},{"taxonomy":"post_tag","embeddable":true,"href":"https:\/\/www.europesays.com\/it\/wp-json\/wp\/v2\/tags?post=666494"}],"curies":[{"name":"wp","href":"https:\/\/api.w.org\/{rel}","templated":true}]}}