{"id":666589,"date":"2026-09-05T16:18:16","date_gmt":"2026-09-05T16:18:16","guid":{"rendered":"https:\/\/www.europesays.com\/it\/666589\/"},"modified":"2026-09-05T16:18:16","modified_gmt":"2026-09-05T16:18:16","slug":"amorim-chivu-non-mi-interessa-quello-che-dice-la-juve-da-giocatore-lho-battuta","status":"publish","type":"post","link":"https:\/\/www.europesays.com\/it\/666589\/","title":{"rendered":"Amorim: &#8220;Chivu? Non mi interessa quello che dice. La Juve? Da giocatore l&#8217;ho battuta&#8221;"},"content":{"rendered":"<p>                                        Il tecnico liquida la polemica con il tecnico dell&#8217;Inter e si concentra sulla squadra di Spalletti: &#8220;Abbiamo lavorato sul possesso palla.\u00a0Pavlovic e Mario Gila a volte si sentono numeri 10, va bene ma ci fa correre qualche rischio&#8221;<\/p>\n<p class=\"paragraph\" spellcheck=\"true\">Ci sono due nuovi studenti all\u2019ultimo banco durante la conferenza stampa di Ruben Amorim: Gerry Cardinale, proprietario del Milan con il fondo RedBird, e l\u2019amministratore delegato Massimo Calvelli. Al Milan, comandano loro. Si siedono a fondo sala e ascoltano il loro allenatore per la prima volta. \u201cParlo con Cardinale e Calvelli ogni giorno, non \u00e8 abituale averli in conferenza ma per me \u00e8 normale averli qui\u201d, dice Amorim. E, davanti a chi ha deciso con lui, approva il mercato in tutto: \u201cDo 10 al mercato del Milan, per me i miei giocatori sono i migliori al mondo. Sono felice del mercato, abbiamo nuovi giocatori che sono top player, ci aiuteranno in stagione e in futuro. Ognuno nel club deve essere allineato sui giocatori che arrivano, se non siamo d\u2019accordo preferiamo tornare a pensare\u201d. A margine, la spiegazione attesa sul reintegro di Fikayo Tomori: \u201cAbbiamo avuto un problema con Gabbia, che non sappiamo quanto durer\u00e0, e una situazione simile con Gila nella preseason. Tomori \u00e8 in buona forma e l\u2019importante \u00e8 la squadra: la cosa migliore era riportarlo in squadra\u201d.\u00a0<\/p>\n<p>    polemica con chivu\u2014 \u00a0<\/p>\n<p class=\"paragraph is-inline\" spellcheck=\"true\">Amorim, davanti a Cardinale, deve affrontare la prima polemica dell\u2019anno. Christian Chivu si \u00e8 chiesto che scontro diretto sia Juve-Milan, visto che a maggio sono arrivate dietro in classifica, e Amorim non raccoglie la provocazione (sempre che di provocazione si tratti\u2026): \u201cChe cosa rispondo a Chivu? Niente. So solo che, se dovessimo vincere, saremmo in testa alla classifica. Sono molto concentrato sulla partita\u201d. E ancora: \u201cSe devo motivare i giocatori appendendo dei cartelli con le frasi di Chivu, abbiamo un problema. Dobbiamo essere onesti con i tifosi, abbiamo molto da fare per portare la squadra dove merita. Per me il Milan \u00e8 il miglior club italiano, abbiamo sette Champions ma in 20 anni abbiamo vinto due scudetti e nessuna Coppa Italia. Non mi importa quello che Chivu ha detto, mi importa capire perch\u00e9 siamo arrivati indietro in classifica\u201d.\u00a0<\/p>\n<p>    il calendario\u2014 \u00a0<\/p>\n<p class=\"paragraph is-inline\" spellcheck=\"true\">Ah, c\u2019\u00e8 un\u2019altra polemica: il calendario. Tema caro da anni ai milanisti, che si sentono penalizzati. Amorim risponde a una domanda sulle sequenze di 4 partite in 10 giorni e non si tira indietro: \u201cNon mi \u00e8 mai capitata una cosa cos\u00ec, una sequenza cos\u00ec di partite, non l\u2019ho mai vista nemmeno in Premier League. Sar\u00e0 dura ma ruoteremo, faremo turnover, e tutti avranno minuti. Fino a gennaio voglio vederli tutti\u201d. Di questo risentiremo parlare.\u00a0<\/p>\n<p><a class=\"is-partner-link\" href=\"https:\/\/ad.doubleclick.net\/ddm\/trackclk\/N1792338.340088CAIRORCSMEDIAS.P.\/B28038690.452531709;dc_trk_aid=646241311;dc_trk_cid=173665161;dc_lat=;dc_rdid=;tag_for_child_directed_treatment=;tfua=;gdpr=%24%7BGDPR%7D;gdpr_consent=%24%7BGDPR_CONSENT_755%7D;ltd=;dc_tdv=1\" rel=\"nofollow noopener\" target=\"_blank\">Guarda tutte le partite di Serie A Enilive in esclusiva nei locali Sky! Trova il locale pi\u00f9 vicino a te.<\/a><\/p>\n<p>    la juve\u2014 \u00a0<\/p>\n<p class=\"paragraph is-inline\" spellcheck=\"true\">S\u00ec, ma la partita? Amorim non d\u00e0 indizi di formazione e prova a normalizzarla: \u201cSono eccitato, non preoccupato. \u00c8 un giorno normale nel mio lavoro. Penso che la squadra sia pronta e io sono pronto. Una grande partita per me \u00e8 uguale a una piccola, tutti sono big match per me, e il problema in passato sono state le partite con le piccole\u201d. Poi racconta su che cosa ha lavorato in settimana. \u201cAbbiamo avuto problemi con il possesso palla. Abbiamo lavorato molto sulle marcature preventive questa settimana. Certo, abbiamo Pavlovic e Mario Gila che a volte si sentono numeri 10 e questo mi piace ma ci pu\u00f2 fare correre qualche rischio di troppo\u201d. Alla fine, quasi in chiusura, c\u2019\u00e8 un messaggino per la Juve: \u201cHo eliminato la Juve da calciatore in semifinale di Europa League col Benfica ma non ho mai vinto contro di lei da allenatore. Domani sar\u00f2 pronto a farlo per la prima volta\u2026\u201d. Sfida lanciata.<\/p>\n<p>la sfida\u00a0\u2014 \u00a0<\/p>\n<p>Juventus e Milan si affrontano a Torino per la terza giornata di andata. Le grandi deluse della scorsa stagione hanno iniziato il campionato con due vittorie e ora si sfidano nel primo big match del loro calendario domani alle 20.45<\/p>\n<p class=\"is-copyright\">\u00a9 RIPRODUZIONE RISERVATA<\/p>\n","protected":false},"excerpt":{"rendered":"Il tecnico liquida la polemica con il tecnico dell&#8217;Inter e si concentra sulla squadra di Spalletti: &#8220;Abbiamo lavorato&hellip;\n","protected":false},"author":3,"featured_media":666590,"comment_status":"","ping_status":"","sticky":false,"template":"","format":"standard","meta":{"footnotes":"","_share_on_mastodon":"0"},"categories":[176],"tags":[1960,50020,64210,8597,206790,843,2839,1932,554,877,57473,367271,45,3028,367272,367273,3412,23811,52,1537,90,89,565,8427,1980,4902,323517,367274,1412,553,231,1294,4483,3171,1290,4283,8012,3968,1885,46658,245,244,1857],"class_list":["post-666589","post","type-post","status-publish","format-standard","has-post-thumbnail","category-sport","tag-allenatore","tag-amorim","tag-averli","tag-calendario","tag-calvelli","tag-cardinale","tag-chivu","tag-classifica","tag-club","tag-conferenza","tag-correre","tag-correre-rischio","tag-fondo","tag-gila","tag-gila-sentono","tag-gila-sentono-numeri","tag-giocatori","tag-importa","tag-indietro","tag-it","tag-italia","tag-italy","tag-juve","tag-lavorato","tag-league","tag-mario","tag-mario-gila","tag-mario-gila-sentono","tag-mercato","tag-milan","tag-normale","tag-numeri","tag-nuovi","tag-palla","tag-partita","tag-partite","tag-pavlovic","tag-polemica","tag-problema","tag-sentono","tag-sport","tag-sports","tag-squadra"],"share_on_mastodon":{"url":"","error":"Validation failed: Text character limit of 500 exceeded"},"_links":{"self":[{"href":"https:\/\/www.europesays.com\/it\/wp-json\/wp\/v2\/posts\/666589","targetHints":{"allow":["GET"]}}],"collection":[{"href":"https:\/\/www.europesays.com\/it\/wp-json\/wp\/v2\/posts"}],"about":[{"href":"https:\/\/www.europesays.com\/it\/wp-json\/wp\/v2\/types\/post"}],"author":[{"embeddable":true,"href":"https:\/\/www.europesays.com\/it\/wp-json\/wp\/v2\/users\/3"}],"replies":[{"embeddable":true,"href":"https:\/\/www.europesays.com\/it\/wp-json\/wp\/v2\/comments?post=666589"}],"version-history":[{"count":0,"href":"https:\/\/www.europesays.com\/it\/wp-json\/wp\/v2\/posts\/666589\/revisions"}],"wp:featuredmedia":[{"embeddable":true,"href":"https:\/\/www.europesays.com\/it\/wp-json\/wp\/v2\/media\/666590"}],"wp:attachment":[{"href":"https:\/\/www.europesays.com\/it\/wp-json\/wp\/v2\/media?parent=666589"}],"wp:term":[{"taxonomy":"category","embeddable":true,"href":"https:\/\/www.europesays.com\/it\/wp-json\/wp\/v2\/categories?post=666589"},{"taxonomy":"post_tag","embeddable":true,"href":"https:\/\/www.europesays.com\/it\/wp-json\/wp\/v2\/tags?post=666589"}],"curies":[{"name":"wp","href":"https:\/\/api.w.org\/{rel}","templated":true}]}}