{"id":666637,"date":"2026-09-05T16:59:15","date_gmt":"2026-09-05T16:59:15","guid":{"rendered":"https:\/\/www.europesays.com\/it\/666637\/"},"modified":"2026-09-05T16:59:15","modified_gmt":"2026-09-05T16:59:15","slug":"anna-danesi-fidanzato-lauree-universita-dieta-e-tutte-le-curiosita","status":"publish","type":"post","link":"https:\/\/www.europesays.com\/it\/666637\/","title":{"rendered":"Anna Danesi: fidanzato, lauree, universit\u00e0, dieta e tutte le curiosit\u00e0"},"content":{"rendered":"<p class=\"paragraph\" spellcheck=\"true\">Chi \u00e8 <b>Anna Danesi<\/b>? Un po&#8217; come un prisma, ci sono tanti lati dalla quale ammirare la stessa campionessa. Tante sfumature, in campo e fuori.\u00a0L&#8217;ItalVolley di Velasco sta giocando l&#8217;unico torneo che manca a questo gruppo, e in mezzo alla rete c&#8217;\u00e8 sempre la stessa giocatrice: numero 11, un metro e novantasei, fascia al braccio. Anna Danesi \u00e8 in campo dal primo pallone dell&#8217;Europeo, come \u00e8 in campo da dieci anni.  <b>Non \u00e8 la pi\u00f9 appariscente di questa squadra<\/b>. Non segna venti punti a partita, non finisce nei titoli, non ha un soprannome. Ma quando le hanno chiesto una volta se preferisse un punto a muro o una schiacciata, non ha avuto esitazioni: il muro, sempre. Perch\u00e9 dietro un muro c&#8217;\u00e8 una preparazione mentale, e a lei piace l&#8217;idea che il proprio cervello vada un passo avanti rispetto al corpo.<\/p>\n","protected":false},"excerpt":{"rendered":"Chi \u00e8 Anna Danesi? Un po&#8217; come un prisma, ci sono tanti lati dalla quale ammirare la stessa&hellip;\n","protected":false},"author":3,"featured_media":666638,"comment_status":"","ping_status":"","sticky":false,"template":"","format":"standard","meta":{"footnotes":"","_share_on_mastodon":"0"},"categories":[1474],"tags":[8165,911,2537,15059,238291,6050,13300,2478,36,3550,11016,2482,37,1856,921,367296,367297,6880,1902,59897,925,2094,1061,844,631,12060,4415,3591,4933,6719,13222,1277,8506,5316,3451,6927,13035,14429,3889,3074,27048,4704,32408,830,6852,2885,832,1537,90,4945,89,11913,15261,1980,5779,20571,5735,4046,2163,2197,2051,8588,1353,11121,17358,4092,4423,4424,51542,59540,5917,207975,2347,1289,49243,1915,20479,6324,4565,11873,4425,1292,494,1989,10016,23820,13243,2181,337,245,244,577,17516,1928,6663,1869],"class_list":["post-666637","post","type-post","status-publish","format-standard","has-post-thumbnail","category-volley","tag-alimentazione","tag-alimenti","tag-altra","tag-ama","tag-ama-mangiare","tag-anna","tag-anna-danesi","tag-arriva","tag-arrivare","tag-atleta","tag-atterraggio","tag-azione","tag-bisogno","tag-campionato","tag-campo","tag-campo-anna","tag-campo-anna-danesi","tag-capire","tag-carriera","tag-caviglie","tag-centrale","tag-cervello","tag-chiesto","tag-cibo","tag-cinque","tag-conoscere","tag-continuita","tag-corpo","tag-costruire","tag-costruita","tag-danesi","tag-dato","tag-davide","tag-dieci","tag-differenza","tag-difficile","tag-diventata","tag-esercizi","tag-europeo","tag-fascia","tag-fermarsi","tag-gambe","tag-giocatrice","tag-grave","tag-immagine","tag-infortunio","tag-internazionale","tag-it","tag-italia","tag-italiana","tag-italy","tag-laurea","tag-lauree","tag-league","tag-leggere","tag-longevita","tag-mangiare","tag-mantenere","tag-mentale","tag-miglior","tag-migliore","tag-mobilita","tag-mondiale","tag-monza","tag-muri","tag-muro","tag-nations","tag-nations-league","tag-normalita","tag-nutraceutica","tag-olimpiadi","tag-olimpiadi-parigi","tag-pallavolo","tag-parigi","tag-pause","tag-persona","tag-picco","tag-posizione","tag-possibile","tag-preparazione","tag-prime","tag-punti","tag-punto","tag-racconta","tag-salto","tag-scegliere","tag-semplicemente","tag-serve","tag-soprattutto","tag-sport","tag-sports","tag-stagione","tag-stagioni","tag-testa","tag-torneo","tag-volley"],"share_on_mastodon":{"url":"","error":"Validation failed: Text character limit of 500 exceeded"},"_links":{"self":[{"href":"https:\/\/www.europesays.com\/it\/wp-json\/wp\/v2\/posts\/666637","targetHints":{"allow":["GET"]}}],"collection":[{"href":"https:\/\/www.europesays.com\/it\/wp-json\/wp\/v2\/posts"}],"about":[{"href":"https:\/\/www.europesays.com\/it\/wp-json\/wp\/v2\/types\/post"}],"author":[{"embeddable":true,"href":"https:\/\/www.europesays.com\/it\/wp-json\/wp\/v2\/users\/3"}],"replies":[{"embeddable":true,"href":"https:\/\/www.europesays.com\/it\/wp-json\/wp\/v2\/comments?post=666637"}],"version-history":[{"count":0,"href":"https:\/\/www.europesays.com\/it\/wp-json\/wp\/v2\/posts\/666637\/revisions"}],"wp:featuredmedia":[{"embeddable":true,"href":"https:\/\/www.europesays.com\/it\/wp-json\/wp\/v2\/media\/666638"}],"wp:attachment":[{"href":"https:\/\/www.europesays.com\/it\/wp-json\/wp\/v2\/media?parent=666637"}],"wp:term":[{"taxonomy":"category","embeddable":true,"href":"https:\/\/www.europesays.com\/it\/wp-json\/wp\/v2\/categories?post=666637"},{"taxonomy":"post_tag","embeddable":true,"href":"https:\/\/www.europesays.com\/it\/wp-json\/wp\/v2\/tags?post=666637"}],"curies":[{"name":"wp","href":"https:\/\/api.w.org\/{rel}","templated":true}]}}