{"id":666644,"date":"2026-09-05T17:07:18","date_gmt":"2026-09-05T17:07:18","guid":{"rendered":"https:\/\/www.europesays.com\/it\/666644\/"},"modified":"2026-09-05T17:07:18","modified_gmt":"2026-09-05T17:07:18","slug":"nanni-moretti-vita-privata-la-moglie-silvia-nono-il-figlio-pietro-e-chiara-palmieri","status":"publish","type":"post","link":"https:\/\/www.europesays.com\/it\/666644\/","title":{"rendered":"Nanni Moretti vita privata: la moglie Silvia Nono, il figlio Pietro e Chiara Palmieri"},"content":{"rendered":"<p data-journey-content=\"true\" data-node-id=\"3\" class=\"css-1ood0zq emevuu60\">Alla <a href=\"https:\/\/www.elle.com\/it\/showbiz\/cinema\/a73517919\/cose-da-sapere-sul-festival-del-cinema-di-venezia-2026\/\" target=\"_blank\" data-vars-ga-outbound-link=\"https:\/\/www.elle.com\/it\/showbiz\/cinema\/a73517919\/cose-da-sapere-sul-festival-del-cinema-di-venezia-2026\/\" data-vars-ga-ux-element=\"Hyperlink\" data-vars-ga-call-to-action=\"Mostra del Cinema di Venezia\" data-node-id=\"3.1\" class=\"body-link css-ohbdae emevuu60\" rel=\"nofollow noopener\"><strong data-node-id=\"3.1.0\">Mostra del Cinema di Venezia<\/strong><\/a> quest&#8217;anno accadr\u00e0 una cosa che in Laguna non si vedeva da 37 anni: <a href=\"https:\/\/www.elle.com\/it\/showbiz\/cinema\/a73244848\/nanni-moretti-film-venezia-dopo-37-anni\/\" target=\"_blank\" data-vars-ga-outbound-link=\"https:\/\/www.elle.com\/it\/showbiz\/cinema\/a73244848\/nanni-moretti-film-venezia-dopo-37-anni\/\" data-vars-ga-ux-element=\"Hyperlink\" data-vars-ga-call-to-action=\"Nanni Moretti torner\u00e0 (in concorso) al Festival\" data-node-id=\"3.3\" class=\"body-link css-ohbdae emevuu60\" rel=\"nofollow noopener\"><strong data-node-id=\"3.3.0\">Nanni Moretti<\/strong> torner\u00e0 (in concorso) al Festival<\/a> con il film Succeder\u00e0 questa notte. Si tratta di un vero e proprio evento, perch\u00e9 il rapporto tra il regista e la Mostra \u00e8 conflittuale da quasi 4 decenni: finalmente, con il passaggio nell&#8217;edizione al via dal 2 settembre, il legame tra Moretti e <a href=\"https:\/\/www.elle.com\/it\/showbiz\/cinema\/a73431213\/perche-fa-notizia-che-a-venezia-ci-sia-una-sola-regista-donna\/\" target=\"_blank\" data-vars-ga-outbound-link=\"https:\/\/www.elle.com\/it\/showbiz\/cinema\/a73431213\/perche-fa-notizia-che-a-venezia-ci-sia-una-sola-regista-donna\/\" data-vars-ga-ux-element=\"Hyperlink\" data-vars-ga-call-to-action=\"Venezia\" data-node-id=\"3.7\" class=\"body-link css-ohbdae emevuu60\" rel=\"nofollow noopener\">Venezia<\/a> potrebbe risolversi nel giorno in cui il regista presenter\u00e0 il suo nuovo lavoro, film che conta la presenza di un cast eccezionale, da <strong data-node-id=\"3.9\">Jasmine Trinca a Louis Garrel fino ad Angela Finocchiaro<\/strong>.<\/p>\n<p data-journey-content=\"true\" data-node-id=\"7\" class=\"css-1ood0zq emevuu60\">Dopo l&#8217;affair Palombella Rossa &#8211; il film che, nel 1989, fu rifiutato tra i film in concorso, sgarbo che il regista, appunto, non ha perdonato per quasi 4 decenni &#8211; Moretti ha disertato la Mostra del Cinema di Venezia per 4 decenni, prediligendo invece il competitor francese, il Festival di Cannes, dove \u00e8 andato a presentare diversi altri suoi lavori. Al 1998, immortalati proprio sulla Croisette, <strong data-node-id=\"7.5\">risalgono gli ultimi ritratti di Moretti con l&#8217;ex compagna Silvia Nono, <\/strong>con lui sul red carpet per presentare il film Aprile di cui entrambi erano protagonisti.<strong data-node-id=\"7.9\"> Sono fotogrammi preziosi di un passato oggi lontano che raccontano una delle storie d&#8217;amore pi\u00f9 importanti vissute dal regista, oggi 73 anni <\/strong>e padre di un unico figlio avuto proprio dalla collega, <strong data-node-id=\"7.13\">Pietro<\/strong>, trentenne, di professione pittore.<strong data-node-id=\"7.15\"\/><\/p>\n<p><img draggable=\"true\" alt=\"nanni moretti con la moglie silvia nono e gli attori \ufeff silvio orlando e andrea molaioli al festival del cinema di cannes nel 1998 \ufeff\" title=\"CANNES98-MORETTI STEPS\" loading=\"lazy\" width=\"1912\" height=\"1420\" decoding=\"async\" data-nimg=\"1\" style=\"color:transparent;width:100%;height:auto;\"   src=\"https:\/\/www.europesays.com\/it\/wp-content\/uploads\/2026\/09\/8e63dacd-6b74-4d36-89f9-683e4b531ab8.jpeg\" class=\"css-0 e1ddfba50\"\/><a target=\"_blank\" rel=\"noopener nofollow\" data-theme-key=\"base-link\" href=\"https:\/\/pinterest.com\/pin\/create\/button\/?url=https:\/\/www.elle.com\/it\/showbiz\/celebrities\/a73590128\/nanni-moretti-vita-privata-moglie-silvia-nono-figlio-pietro-chiara-palmieri\/&amp;description=elleitalia&amp;media=https:\/\/hips.hearstapps.com\/hmg-prod\/images\/8e63dacd-6b74-4d36-89f9-683e4b531ab8.jpeg?resize=1600:*\" class=\"pinterest css-on9hn5 e1socmtw0\"><img decoding=\"async\" data-dynamic-svg=\"true\" src=\"https:\/\/www.elle.com\/_assets\/design-tokens\/fre\/static\/icons\/social\/pinterest.e8cf655.svg?primary=%2523ffffff\" loading=\"lazy\" data-testid=\"dynamic-svg-base\" height=\"auto\" width=\"auto\" alt=\"pinterest\" class=\"css-4lml0h e1mlxuuw1\"\/><\/a>CHRISTOPHE SIMON\/\/Getty Images<\/p>\n<p>Nanni Moretti con la moglie Silvia Nono e gli attori Silvio Orlando e Andrea Molaioli al Festival del Cinema di Cannes nel 1998<\/p>\n<p>La storia d&#8217;amore tra Nanni Moretti e Silvia Nono<\/p>\n<p data-journey-content=\"true\" data-node-id=\"20\" class=\"css-1ood0zq emevuu60\">Aprile \u00e8 un racconto autobiografico e meta-cinematografico in cui il regista, impegnato nella realizzazione di un documentario sulla vita di Silvio Berlusconi, scopre la gravidanza della compagna Silvia, in procinto di dargli il suo primo figlio Pietro. Tutti gli attori, nella pellicola, interpretano loro stessi, <strong data-node-id=\"20.2\">in un forsennato gioco di specchi che, per la prima volta, ha rivelato molto al pubblico della sfera privata del protagonista<\/strong>, solitamente trincerata dietro il silenzio e la discrezione. Anche Silvia Nono, attrice di origini veneziane classe 1959, all&#8217;epoca ancora partner di Nanni Moretti, compare nel film nei suoi stessi panni: figlia di <strong data-node-id=\"20.4\">Nuria Schoenberg e di Luigi Nono<\/strong>, celebre compositore e scrittore, \u00e8 rimasta accanto al regista per un decennio, oltre la <strong data-node-id=\"20.6\">nascita del figlio Pietro nel 1996<\/strong> e fino ai primi anni Duemila, quando la relazione \u00e8 poi naufragata.<\/p>\n<p data-journey-content=\"true\" data-node-id=\"25\" class=\"css-1ood0zq emevuu60\">Diplomata al Liceo Scientifico e dopo una Laurea in Filosofia a Firenze, Nono ha cominciato a lavorare nel mondo del cinema alla fine degli anni Ottanta: n\u00e9 lei n\u00e9 Moretti hanno mai raccontato il loro primo incontro, n\u00e9 alcun retroscena della loro storia. Dopo Aprile, l&#8217;attrice ha lavorato nei film Non \u00e8 giusto di Antonietta De Lillo e poi Le parole di mio padre di <strong data-node-id=\"25.5\">Francesca Comencini<\/strong>, entrambi nel 2001. Da allora Nono \u00e8 sparita dalle scene e negli ultimi anni si sono perse le sue tracce. Moretti, dal canto suo, non ha mai rilasciato dichiarazioni sul suo legame con la collega, lasciando la parola a uno dei suoi film pi\u00f9 belli, Aprile, appunto.<\/p>\n<p>Chi \u00e8 Pietro Moretti, ammirato pittore<\/p>\n<p id=\"header_\" data-journey-content=\"true\" data-node-id=\"31\" class=\"body-text css-1ood0zq emevuu60\">Il frutto del legame tra Nanni Moretti e Silvia Nono si chiama Pietro: oggi ha 30 anni ed \u00e8 un pittore molto apprezzato in Italia e all&#8217;estero. Residente a Berlino, ha studiato a Londra, dove si \u00e8 diplomato nel 2020 alla <strong data-node-id=\"31.1\">Slade School of Art di Londra. <\/strong>Il talento artistico di <a href=\"https:\/\/www.elle.com\/it\/showbiz\/celebrities\/a43752025\/pietro-moretti-chi-e-figlio-nanni-moretti\/\" target=\"_blank\" data-vars-ga-outbound-link=\"https:\/\/www.elle.com\/it\/showbiz\/celebrities\/a43752025\/pietro-moretti-chi-e-figlio-nanni-moretti\/\" data-vars-ga-ux-element=\"Hyperlink\" data-vars-ga-call-to-action=\"Pietro Moretti\" data-node-id=\"31.3\" class=\"body-link css-ohbdae emevuu60\" rel=\"nofollow noopener\">Pietro Moretti<\/a>, che ha debuttato ancora nel grembo della madre proprio nel film Aprile, \u00e8 stato sancito da diversi traguardi professionali, mostre ed esposizioni in cui i suoi quadri hanno ottenuto un grande consenso. Nel 2022, a 26 anni, un suo quadro La visita, un&#8217;altra visita \u00e8 finito nel Museo di Arte Contemporanea del Castello di Rivoli a Torino. <\/p>\n<p>Dopo Silvia Nono: la storia di Nanni Moretti con Chiara Palmieri<img draggable=\"true\" alt=\"65th anniversary party red carpet arrivals 65th annual cannes film festival\" title=\"65th Anniversary Party Red Carpet Arrivals - 65th Annual Cannes Film Festival\" loading=\"lazy\" width=\"3264\" height=\"4896\" decoding=\"async\" data-nimg=\"1\" style=\"color:transparent;width:100%;height:auto;\"   src=\"https:\/\/www.europesays.com\/it\/wp-content\/uploads\/2026\/09\/bb17af7c-6847-4b49-b69f-22bdb9fd2c6a.jpeg\" class=\"css-0 e1ddfba50\"\/><a target=\"_blank\" rel=\"noopener nofollow\" data-theme-key=\"base-link\" href=\"https:\/\/pinterest.com\/pin\/create\/button\/?url=https:\/\/www.elle.com\/it\/showbiz\/celebrities\/a73590128\/nanni-moretti-vita-privata-moglie-silvia-nono-figlio-pietro-chiara-palmieri\/&amp;description=elleitalia&amp;media=https:\/\/hips.hearstapps.com\/hmg-prod\/images\/bb17af7c-6847-4b49-b69f-22bdb9fd2c6a.jpeg?resize=1600:*\" class=\"pinterest css-on9hn5 e1socmtw0\"><img decoding=\"async\" data-dynamic-svg=\"true\" src=\"https:\/\/www.elle.com\/_assets\/design-tokens\/fre\/static\/icons\/social\/pinterest.e8cf655.svg?primary=%2523ffffff\" loading=\"lazy\" data-testid=\"dynamic-svg-base\" height=\"auto\" width=\"auto\" alt=\"pinterest\" class=\"css-4lml0h e1mlxuuw1\"\/><\/a>Vittorio Zunino Celotto\/\/Getty Images<\/p>\n<p>Chiara Palmieri \u00e8 stata la compagna di Nanni Moretti nel 2011<\/p>\n<p><img decoding=\"async\" data-dynamic-svg=\"true\" src=\"https:\/\/www.elle.com\/_assets\/design-tokens\/fre\/static\/icons\/arrow-right.7440adc.svg?primary=%2523D4D4D4\" loading=\"lazy\" data-testid=\"dynamic-svg-base\" height=\"auto\" width=\"auto\" aria-label=\"Prev carousel button\" alt=\"Chevron Left Icon\" data-theme-key=\"icon-button-icon\" transform=\"scaleX(-1)\" class=\"css-14vtfey erhb41k0\"\/><img decoding=\"async\" data-dynamic-svg=\"true\" src=\"https:\/\/www.elle.com\/_assets\/design-tokens\/fre\/static\/icons\/arrow-right.7440adc.svg?primary=%25230f0f15\" loading=\"lazy\" data-testid=\"dynamic-svg-base\" height=\"auto\" width=\"auto\" aria-label=\"Next carousel button\" alt=\"Chevron Right Icon\" data-theme-key=\"icon-button-icon\" class=\"css-18znc9e erhb41k0\"\/><\/p>\n","protected":false},"excerpt":{"rendered":"Alla Mostra del Cinema di Venezia quest&#8217;anno accadr\u00e0 una cosa che in Laguna non si vedeva da 37&hellip;\n","protected":false},"author":3,"featured_media":666645,"comment_status":"","ping_status":"","sticky":false,"template":"","format":"standard","meta":{"footnotes":"","_share_on_mastodon":"0"},"categories":[1451],"tags":[1621,1620,330172,618,367302,620,203,204,259632,1537,90,89,619,367301,310758,194017],"class_list":["post-666644","post","type-post","status-publish","format-standard","has-post-thumbnail","category-celebrita","tag-celebrita","tag-celebrities","tag-collection-mostra-del-cinema-di-venezia-tutti-gli-articoli-sui-film-e-i-protagonisti","tag-content-type-news","tag-contentid-a4af507f-192d-4f5a-a75e-948d14f978c5","tag-displaytype-standard-article","tag-entertainment","tag-intrattenimento","tag-issyndicated-false","tag-it","tag-italia","tag-italy","tag-locale-it","tag-shorttitle-dentro-la-vita-privata-di-nanni-moretti","tag-sponsored-false","tag-subsection-celebrities"],"share_on_mastodon":{"url":"https:\/\/pubeurope.com\/@it\/117219534700832176","error":""},"_links":{"self":[{"href":"https:\/\/www.europesays.com\/it\/wp-json\/wp\/v2\/posts\/666644","targetHints":{"allow":["GET"]}}],"collection":[{"href":"https:\/\/www.europesays.com\/it\/wp-json\/wp\/v2\/posts"}],"about":[{"href":"https:\/\/www.europesays.com\/it\/wp-json\/wp\/v2\/types\/post"}],"author":[{"embeddable":true,"href":"https:\/\/www.europesays.com\/it\/wp-json\/wp\/v2\/users\/3"}],"replies":[{"embeddable":true,"href":"https:\/\/www.europesays.com\/it\/wp-json\/wp\/v2\/comments?post=666644"}],"version-history":[{"count":0,"href":"https:\/\/www.europesays.com\/it\/wp-json\/wp\/v2\/posts\/666644\/revisions"}],"wp:featuredmedia":[{"embeddable":true,"href":"https:\/\/www.europesays.com\/it\/wp-json\/wp\/v2\/media\/666645"}],"wp:attachment":[{"href":"https:\/\/www.europesays.com\/it\/wp-json\/wp\/v2\/media?parent=666644"}],"wp:term":[{"taxonomy":"category","embeddable":true,"href":"https:\/\/www.europesays.com\/it\/wp-json\/wp\/v2\/categories?post=666644"},{"taxonomy":"post_tag","embeddable":true,"href":"https:\/\/www.europesays.com\/it\/wp-json\/wp\/v2\/tags?post=666644"}],"curies":[{"name":"wp","href":"https:\/\/api.w.org\/{rel}","templated":true}]}}