{"id":666648,"date":"2026-09-05T17:10:16","date_gmt":"2026-09-05T17:10:16","guid":{"rendered":"https:\/\/www.europesays.com\/it\/666648\/"},"modified":"2026-09-05T17:10:16","modified_gmt":"2026-09-05T17:10:16","slug":"be-my-sunshine-le-anticipazioni-delle-ultime-puntate-5-e-6-settembre","status":"publish","type":"post","link":"https:\/\/www.europesays.com\/it\/666648\/","title":{"rendered":"Be My Sunshine, le anticipazioni delle ultime puntate 5 e 6 settembre"},"content":{"rendered":"<p class=\"paragraph\" spellcheck=\"true\">Ultimo weekend su Canale 5 per <b>Be My Sunshine.<\/b> Domenica 6 settembre andr\u00e0 infatti in onda il finale della serie tv turca gi\u00e0 interamente disponibile in streaming. Distribuita in Turchia con il titolo di\u00a0Ada Masal\u0131 nel 2021, la serie ha infatti 83 puntate nella versione italiana da 45 minuti.<b> Be My Sunshine<\/b> ha fatto sognare il pubblico televisivo durante l&#8217;estate con le atmosfere dell&#8217;isola di Creta dove \u00e8 ambientata la storia d&#8217;amore (tormentato) tra Haziran e Poyraz.\u00a0<\/p>\n<p class=\"paragraph\" spellcheck=\"true\">Prima di scoprire quello che ci aspetta nelle puntate del<b> 5 e 6 settembre<\/b>, vediamo dove eravamo rimasti.\u00a0Nehir ha scelto di andare a studiare a Singapore e non in Inghilterra, Selma \u00e8 per\u00f2 preoccupata per la scelta della figlia ed \u00e8 convinta che si sia fatta influenzare da Hasan, il quale \u00e8 rimasto sull&#8217;isola per seguire la maratona cos\u00ec gli ha intimato di starle lontano. Gli uomini hanno perso la sfida contro le donne organizzata da Biricik e cos\u00ec per 24 ore devono fare tutto quello che vogliono le compagne. Alper ha portato la colazione a letto a Melisa, Poyraz si \u00e8 dovuto mettere a chiacchierare con Harizan del loro futuro.\u00a0<b\/><\/p>\n","protected":false},"excerpt":{"rendered":"Ultimo weekend su Canale 5 per Be My Sunshine. Domenica 6 settembre andr\u00e0 infatti in onda il finale&hellip;\n","protected":false},"author":3,"featured_media":666649,"comment_status":"","ping_status":"","sticky":false,"template":"","format":"standard","meta":{"footnotes":"","_share_on_mastodon":"0"},"categories":[1444],"tags":[326634,32,1518,24893,259025,260974,1112,203,204,1537,90,89,1565,314084,320454,314085,8835,1821,407,233157,253],"class_list":["post-666648","post","type-post","status-publish","format-standard","has-post-thumbnail","category-tv","tag-aliye","tag-andare","tag-anticipazioni","tag-be","tag-be-my","tag-be-my-sunshine","tag-domenica","tag-entertainment","tag-intrattenimento","tag-it","tag-italia","tag-italy","tag-my","tag-my-sunshine","tag-nehir","tag-poyraz","tag-puntate","tag-serie","tag-settembre","tag-sunshine","tag-tv"],"share_on_mastodon":{"url":"https:\/\/pubeurope.com\/@it\/117219546112950160","error":""},"_links":{"self":[{"href":"https:\/\/www.europesays.com\/it\/wp-json\/wp\/v2\/posts\/666648","targetHints":{"allow":["GET"]}}],"collection":[{"href":"https:\/\/www.europesays.com\/it\/wp-json\/wp\/v2\/posts"}],"about":[{"href":"https:\/\/www.europesays.com\/it\/wp-json\/wp\/v2\/types\/post"}],"author":[{"embeddable":true,"href":"https:\/\/www.europesays.com\/it\/wp-json\/wp\/v2\/users\/3"}],"replies":[{"embeddable":true,"href":"https:\/\/www.europesays.com\/it\/wp-json\/wp\/v2\/comments?post=666648"}],"version-history":[{"count":0,"href":"https:\/\/www.europesays.com\/it\/wp-json\/wp\/v2\/posts\/666648\/revisions"}],"wp:featuredmedia":[{"embeddable":true,"href":"https:\/\/www.europesays.com\/it\/wp-json\/wp\/v2\/media\/666649"}],"wp:attachment":[{"href":"https:\/\/www.europesays.com\/it\/wp-json\/wp\/v2\/media?parent=666648"}],"wp:term":[{"taxonomy":"category","embeddable":true,"href":"https:\/\/www.europesays.com\/it\/wp-json\/wp\/v2\/categories?post=666648"},{"taxonomy":"post_tag","embeddable":true,"href":"https:\/\/www.europesays.com\/it\/wp-json\/wp\/v2\/tags?post=666648"}],"curies":[{"name":"wp","href":"https:\/\/api.w.org\/{rel}","templated":true}]}}