{"id":66665,"date":"2025-08-24T18:47:11","date_gmt":"2025-08-24T18:47:11","guid":{"rendered":"https:\/\/www.europesays.com\/it\/66665\/"},"modified":"2025-08-24T18:47:11","modified_gmt":"2025-08-24T18:47:11","slug":"probabili-formazioni-biglietti-dove-vederla-in-tv-e-streaming","status":"publish","type":"post","link":"https:\/\/www.europesays.com\/it\/66665\/","title":{"rendered":"probabili formazioni, biglietti, dove vederla in tv e streaming"},"content":{"rendered":"<p>Dopo la vittoria per 1-0 con il <strong>Bologna<\/strong>, la <strong>Roma <\/strong>scende in campo sabato 30 agosto alle 20.45 contro il <strong>Pisa <\/strong>nella sfida valevole la seconda giornata di campionato. <strong>Ecco tutto quello che c&#8217;\u00e8 da sapere sul match<\/strong>, dalle probabili formazioni al modo in cui guardare la partita in tv e streaming.<\/p>\n<p>Le probabili formazioni\u00a0<\/p>\n<p><strong>Pisa (3-4-2-1):<\/strong> Semper; Calabresi, Caracciolo, Canestrelli; Tour\u00e9, Aebischer, Marin, Angori; Tramoni, Moreo; Lind<br \/><strong>Allenatore: <\/strong>Gilardino\u00a0<\/p>\n<p><strong>Roma (3-4-2-1): <\/strong>Svilar; Celik, Mancini, Ndicka; Wesley, Cristante, Kon\u00e9, Angeli\u00f1o; El Aynaoui; Soul\u00e9, Ferguson<br \/><strong>Allenatore:\u00a0<\/strong>Gasperini\u00a0<\/p>\n<p><strong>Biglietti<\/strong><\/p>\n<p>Si attende di capire se l&#8217;<strong>Arena Garibaldi<\/strong> di <strong>Pisa <\/strong>sia agibile o meno per poter disputare la gara.\u00a0<\/p>\n<p><strong>Dove vederla in TV e streaming<\/strong><\/p>\n<p><strong>Pisa-Roma<\/strong>, in programma sabato 30 agosto alle 20.45, sar\u00e0 visibile in <strong>diretta tv<\/strong>\u00a0su\u00a0<strong>Sky Sport<\/strong>\u00a0e in\u00a0<strong>diretta streaming<\/strong>\u00a0su\u00a0<strong>Dazn, Sky Go e Now Tv.<\/strong><\/p>\n<p><strong>Su ilromanista.eu sar\u00e0 inoltre possibile seguire il live testuale della partita, con tutti gli aggiornamenti live.\u00a0<\/strong><\/p>\n","protected":false},"excerpt":{"rendered":"Dopo la vittoria per 1-0 con il Bologna, la Roma scende in campo sabato 30 agosto alle 20.45&hellip;\n","protected":false},"author":3,"featured_media":66666,"comment_status":"","ping_status":"","sticky":false,"template":"","format":"standard","meta":{"footnotes":""},"categories":[1452],"tags":[721,1740,1537,90,89,1739,245,244],"class_list":{"0":"post-66665","1":"post","2":"type-post","3":"status-publish","4":"format-standard","5":"has-post-thumbnail","7":"category-calcio","8":"tag-calcio","9":"tag-football","10":"tag-it","11":"tag-italia","12":"tag-italy","13":"tag-soccer","14":"tag-sport","15":"tag-sports"},"share_on_mastodon":{"url":"","error":""},"_links":{"self":[{"href":"https:\/\/www.europesays.com\/it\/wp-json\/wp\/v2\/posts\/66665","targetHints":{"allow":["GET"]}}],"collection":[{"href":"https:\/\/www.europesays.com\/it\/wp-json\/wp\/v2\/posts"}],"about":[{"href":"https:\/\/www.europesays.com\/it\/wp-json\/wp\/v2\/types\/post"}],"author":[{"embeddable":true,"href":"https:\/\/www.europesays.com\/it\/wp-json\/wp\/v2\/users\/3"}],"replies":[{"embeddable":true,"href":"https:\/\/www.europesays.com\/it\/wp-json\/wp\/v2\/comments?post=66665"}],"version-history":[{"count":0,"href":"https:\/\/www.europesays.com\/it\/wp-json\/wp\/v2\/posts\/66665\/revisions"}],"wp:featuredmedia":[{"embeddable":true,"href":"https:\/\/www.europesays.com\/it\/wp-json\/wp\/v2\/media\/66666"}],"wp:attachment":[{"href":"https:\/\/www.europesays.com\/it\/wp-json\/wp\/v2\/media?parent=66665"}],"wp:term":[{"taxonomy":"category","embeddable":true,"href":"https:\/\/www.europesays.com\/it\/wp-json\/wp\/v2\/categories?post=66665"},{"taxonomy":"post_tag","embeddable":true,"href":"https:\/\/www.europesays.com\/it\/wp-json\/wp\/v2\/tags?post=66665"}],"curies":[{"name":"wp","href":"https:\/\/api.w.org\/{rel}","templated":true}]}}