{"id":666654,"date":"2026-09-05T17:13:15","date_gmt":"2026-09-05T17:13:15","guid":{"rendered":"https:\/\/www.europesays.com\/it\/666654\/"},"modified":"2026-09-05T17:13:15","modified_gmt":"2026-09-05T17:13:15","slug":"fiorentina-torino-i-convocati-di-abate-assenti-rodriguez-e-casadei","status":"publish","type":"post","link":"https:\/\/www.europesays.com\/it\/666654\/","title":{"rendered":"Fiorentina-Torino, i convocati di Abate: assenti Rodriguez e Casadei"},"content":{"rendered":"<p>\nIl Toro ha bisogno di punti, ma soprattutto ha bisogno di mostrare ai tifosi segnali importanti di progresso. Per farlo, Abate chiama in adunata 26 uomini per la sfida al Franchi contro la Fiorentina, e non mancano le sorprese. Tra gli assenti, infatti, figura Cesare <strong>Casadei<\/strong>: uno degli uomini che in questa stagione il mister sembra intenzionato a lanciare, non presenzier\u00e0 nell&#8217;importante sfida odierna. Tra gli assenti ci sono anche Tino <strong>Anjorin<\/strong> e <strong>Rodriguez<\/strong>: il primo perch\u00e9 \u00e8 in partenza verso il G\u00f6ztepe a titolo temporaneo, il secondo perch\u00e9 \u00e8 l&#8217;ultimo acquisto di mercato, appena arrivato in granata. Torna invece a presenziare <strong>Carrascosa<\/strong>. Tra i pali debutter\u00e0 in Serie A Lucas <strong>Perri<\/strong> dopo l&#8217;esordio in granata in Coppa Italia. Vediamo tutti i convocati per la gara di oggi.\n<\/p>\n<p>        <img src=\"https:\/\/www.europesays.com\/it\/wp-content\/uploads\/2026\/09\/GettyImages-2293043158-e9d1185472f1-1200x800.jpg\"   width=\"8256\" height=\"5504\" alt=\"Torino FC v AC Monza - Coppa Italia\" title=\"Torino FC v AC Monza - Coppa Italia\" loading=\"eager\" fetchpriority=\"high\" decoding=\"sync\" class=\"w-full h-auto aspect-3\/2 object-cover object-top rounded-lg\"\/><\/p>\n<p>            I convocati di Abate per la Fiorentina<\/p>\n<p data-path-to-node=\"3,0,0\"><b data-path-to-node=\"3,0,0\" data-index-in-node=\"0\">Portieri<\/b>: Mascardi, Perri, Siviero.<\/p>\n<p data-path-to-node=\"3,1,0\"><b data-path-to-node=\"3,1,0\" data-index-in-node=\"0\">Difensori<\/b>: Belghali, Biraghi, Carrascosa, Coco, C\u00f6mert, Comuzzo, Fortini, Patterson, Ismajli.<\/p>\n<p data-path-to-node=\"3,2,0\"><b data-path-to-node=\"3,2,0\" data-index-in-node=\"0\">Centrocampisti<\/b>: Bragan\u00e7a, Cacciamani, Fitz-Jim, Gineitis, Ilkhan, Luongo, Mandragora, Oristanio.<\/p>\n<p data-path-to-node=\"3,3,0\"><b data-path-to-node=\"3,3,0\" data-index-in-node=\"0\">Attaccanti<\/b>: Aboukhlal, Adams, Kulenovic, Simeone, Vlasic, Zapata.<\/p>\n","protected":false},"excerpt":{"rendered":"Il Toro ha bisogno di punti, ma soprattutto ha bisogno di mostrare ai tifosi segnali importanti di progresso.&hellip;\n","protected":false},"author":3,"featured_media":666655,"comment_status":"","ping_status":"","sticky":false,"template":"","format":"standard","meta":{"footnotes":"","_share_on_mastodon":"0"},"categories":[176],"tags":[63862,367305,8356,37,32391,7590,2205,10111,321429,2263,41027,5197,1537,90,89,242721,32898,3461,245,244],"class_list":["post-666654","post","type-post","status-publish","format-standard","has-post-thumbnail","category-sport","tag-abate","tag-abate-chiama","tag-assenti","tag-bisogno","tag-carrascosa","tag-casadei","tag-chiama","tag-convocati","tag-convocati-abate","tag-fiorentina","tag-franchi","tag-granata","tag-it","tag-italia","tag-italy","tag-perri","tag-rodriguez","tag-sfida","tag-sport","tag-sports"],"share_on_mastodon":{"url":"https:\/\/pubeurope.com\/@it\/117219558570731814","error":""},"_links":{"self":[{"href":"https:\/\/www.europesays.com\/it\/wp-json\/wp\/v2\/posts\/666654","targetHints":{"allow":["GET"]}}],"collection":[{"href":"https:\/\/www.europesays.com\/it\/wp-json\/wp\/v2\/posts"}],"about":[{"href":"https:\/\/www.europesays.com\/it\/wp-json\/wp\/v2\/types\/post"}],"author":[{"embeddable":true,"href":"https:\/\/www.europesays.com\/it\/wp-json\/wp\/v2\/users\/3"}],"replies":[{"embeddable":true,"href":"https:\/\/www.europesays.com\/it\/wp-json\/wp\/v2\/comments?post=666654"}],"version-history":[{"count":0,"href":"https:\/\/www.europesays.com\/it\/wp-json\/wp\/v2\/posts\/666654\/revisions"}],"wp:featuredmedia":[{"embeddable":true,"href":"https:\/\/www.europesays.com\/it\/wp-json\/wp\/v2\/media\/666655"}],"wp:attachment":[{"href":"https:\/\/www.europesays.com\/it\/wp-json\/wp\/v2\/media?parent=666654"}],"wp:term":[{"taxonomy":"category","embeddable":true,"href":"https:\/\/www.europesays.com\/it\/wp-json\/wp\/v2\/categories?post=666654"},{"taxonomy":"post_tag","embeddable":true,"href":"https:\/\/www.europesays.com\/it\/wp-json\/wp\/v2\/tags?post=666654"}],"curies":[{"name":"wp","href":"https:\/\/api.w.org\/{rel}","templated":true}]}}