{"id":666694,"date":"2026-09-05T17:43:16","date_gmt":"2026-09-05T17:43:16","guid":{"rendered":"https:\/\/www.europesays.com\/it\/666694\/"},"modified":"2026-09-05T17:43:16","modified_gmt":"2026-09-05T17:43:16","slug":"ferrari-brevetto-per-trasformare-i-fari-posteriori-in-alettoni","status":"publish","type":"post","link":"https:\/\/www.europesays.com\/it\/666694\/","title":{"rendered":"Ferrari: brevetto per trasformare i fari posteriori in alettoni"},"content":{"rendered":"<p>                                Un&#8217;idea fortemente innovativa tra le centinaia di brevetti depositati dalla casa di Maranello: dei fanali sulla coda che possono estendersi verso l\u2019esterno per aumentare il carico aerodinamico. Ecco come sono<\/p>\n<p>\n                                                                    Maurizio Bertera\n                            <\/p>\n<p>                    5 settembre &#8211; 11:09  &#8211; MILANO<\/p>\n<p class=\"paragraph\" spellcheck=\"true\">Non fa notizia che una grande casa come <b>Ferrari <\/b>depositi brevetti su brevetti di soluzioni tecniche destinate ai futuri modelli. Altre innovazioni sono, invece, unicamente un modo di tutelare un\u2019idea senza che per forza di cose debba essere trasferita su una vettura stradale. Comunque sia nei <b>114 depositati solo in agosto <\/b>&#8211; e questo fa capire quante idee nascano a Maranello &#8211; una sta facendo parlare molto. Vistata dall\u2019ufficio brevetti degli Stati Uniti il 20 agosto 2026, \u00e8 una soluzione di <b>aerodinamica attiva<\/b>, immaginata intorno alle forme di una hypercar estrema in stile del Cavallino come anche nell\u2019applicazione (semplificata) sul Purosangue. I disegni rivelano un&#8217;auto rivoluzionaria con fari che fungono da spoiler attivi. Con un frontale che ricorda la <a href=\"https:\/\/video.gazzetta.it\/motori\/ferrari-849-testarossa-prova-in-pista-hot-lap-sul-bagnato-a-monteblanco-con-1-050-cv\/8f12f487-6d02-4840-b6c5-6d70dd930xlk\" title=\"Ferrari 849 Testarossa: 1.050 Cv di traverso nell\u2019inferno d\u2019acqua di Monteblanco\" rel=\"nofollow noopener\" target=\"_blank\">849 Testarossa<\/a> e un&#8217;ispirazione alla <a href=\"https:\/\/www.gazzetta.it\/motori\/la-mia-auto\/30-07-2026\/trimestrale-ferrari-risultati-utili-ebitda-bilancio-consegne.shtml?intcmp=hyperlink-articolo-gazit\" title=\"Ferrari torna a correre: F80 e personalizzazioni guidano la crescita degli utili\" rel=\"nofollow noopener\" target=\"_blank\">F80<\/a>, il design generale \u00e8 quasi identico alla concept car che molti hanno dimenticato: la Ferrari F76. Originariamente concepita per l&#8217;era digitale, progettata per celebrare i 76 anni di partecipazione della Ferrari alla <a href=\"https:\/\/www.gazzetta.it\/Motori\/13-06-2026\/24-ore-di-le-mans-2026-live-tutti-gli-aggiornamenti-in-diretta.shtml?intcmp=hyperlink-articolo-gazit\" title=\"24 Ore di Le Mans 2026: Toyota torna al successo, Ferrari chiude al quinto posto\" rel=\"nofollow noopener\" target=\"_blank\">24 Ore di Le Mans<\/a>, quest&#8217;auto verr\u00e0 infine venduta come prodotto digitale-digitale (Nft). Questa <b>hypercar <\/b>su sfondo bianco non presenta n\u00e9 portiere n\u00e9 vano motore dietro l&#8217;abitacolo: lo spazio dietro questa sporgenza \u00e8 infatti lasciato aperto per creare quello che la casa di Maranello descrive nel brevetto come &#8220;un canale aerodinamico assiale che si estende dietro l&#8217;abitacolo&#8221;. Curioso, originale e mai visto prima.<\/p>\n<p>    il richiamo alla mclaren\u00a0\u2014 \u00a0<\/p>\n<p class=\"paragraph is-inline\" spellcheck=\"true\">Questo disegno potrebbe anche rappresentare solo un progetto di presentazione, forse per annunciare una futura integrazione di un nuovo sistema di illuminazione aerodinamica sui loro modelli.\u00a0L&#8217;innovazione presenta una <b>striscia luminosa a Led<\/b> nascosta sotto l&#8217;alettone posteriore e appena sopra il diffusore, che pu\u00f2 assumere fino a tre diverse posizioni per due funzioni distinte. In questo modo, non solo svolge la sua funzione di illuminazione, ma estende anche la lunghezza e l&#8217;ala della vettura, creando una &#8220;coda lunga&#8221;, simile all&#8217;alettone posteriore attivo della <b>McLaren W1,<\/b>\u00a0hypercar ibrida presentata nell&#8217;ottobre del 2024 ed erede spirtuale della F1 e della <a href=\"https:\/\/www.gazzetta.it\/motori\/la-mia-auto\/storie\/12-12-2025\/mclaren-le-auto-figlie-della-formula-1-dalla-f1-di-murray-alla-p1-con-il-kers\/\" title=\"McLaren: dalla Formula 1 alla strada. La F1 di Murray, la P1 con il Kers e le altre\" rel=\"nofollow noopener\" target=\"_blank\">P1<\/a>. In realt\u00e0, in posizione normale, queste luci non hanno altra funzione se non quella di illuminare, ma quando il sistema viene attivato, l&#8217;unit\u00e0 ottica si muove simultaneamente all&#8217;indietro e verso l&#8217;alto, uscendo dal canale aerodinamico per intercettare il flusso d&#8217;aria a valle dell&#8217;ala. E quindi finisce per creare un <b>alettone.<\/b><\/p>\n<p>    LA FRASE DEL DRAKE\u2014 \u00a0<\/p>\n<p class=\"paragraph is-inline\" spellcheck=\"true\">L&#8217;alloggiamento del fanale posteriore diventa quindi un&#8217;ulteriore superficie aerodinamica, progettata <b>per aumentare la deportanza<\/b> al posteriore. Una terza posizione, pi\u00f9 radicale, ostruirebbe addirittura il canale tra il diffusore e l&#8217;alettone. Come ulteriore vantaggio, i due fanali posteriori sono alloggiati in involucri separati, consentendo un controllo indipendente del flusso d&#8217;aria su ciascun lato della vettura, in modo simile alla\u00a0<a href=\"https:\/\/www.gazzetta.it\/motori\/la-mia-auto\/storie\/12-07-2025\/pagani-le-10-auto-indimenticabili-da-zonda-a-utopia\/\" title=\"Dieci Pagani indimenticabili, da Zonda a Utopia\" rel=\"nofollow noopener\" target=\"_blank\">Pagani Huayra<\/a>.\u00a0All&#8217;inizio del brevetto, un disegno utilizza la <a href=\"https:\/\/www.gazzetta.it\/motori\/la-mia-auto\/03-10-2024\/ferrari-purosangue-tuning-mansory-pugnator.shtml?intcmp=hyperlink-articolo-gazit\" title=\"Pugnator, la Ferrari Purosangue \" trasformata=\"\" da=\"\" mansory=\"\" rel=\"nofollow noopener\" target=\"_blank\">Purosangue<\/a>: sul primo Suv del Cavallino viene presentata una versione semplificata del dispositivo di illuminazione mobile, senza alettone, spoiler o diffusore. Non presenta quindi componenti aerodinamici aggiuntivi rispetto alla versione base n\u00e8 si vede neppure un canale aerodinamico dedicato; il gruppo ottico del Suv ruota semplicemente all&#8217;indietro e verso l&#8217;alto, estendendosi oltre il bordo d&#8217;uscita dell&#8217;alettone, <b>quasi a creare uno spoiler<\/b>, sufficiente a modificare il flusso d&#8217;aria.\u00a0Ha senso non lasciarsi prendere dall&#8217;entusiasmo perch\u00e9 un brevetto depositato non implica necessariamente la produzione ma l&#8217;idea appare molto interessante. E smentisce, una volta tanto, una storica frase di <a href=\"https:\/\/www.gazzetta.it\/motori\/la-mia-auto\/storie\/23-08-2026\/ferrari-gto-e-fast-and-furious-film-e-serie-tv-in-streaming-in-arrivo\/\" title=\"Ferrari Gto e Fast and Furious, film e serie in arrivo\" rel=\"nofollow noopener\" target=\"_blank\">Enzo Ferrari.<\/a>\u00a0Il Drake sosteneva che &#8220;L&#8217;aerodinamica \u00e8 per chi non sa costruire motori&#8221;. Ma la realt\u00e0 racconta che nei modelli prestazionali del Cavallino, l&#8217;aspetto \u00e8 sempre pi\u00f9 curato (giustamente) per ragioni tecniche ed estetiche.<\/p>\n<p class=\"is-copyright\">\u00a9 RIPRODUZIONE RISERVATA<\/p>\n","protected":false},"excerpt":{"rendered":"Un&#8217;idea fortemente innovativa tra le centinaia di brevetti depositati dalla casa di Maranello: dei fanali sulla coda che&hellip;\n","protected":false},"author":3,"featured_media":666695,"comment_status":"","ping_status":"","sticky":false,"template":"","format":"standard","meta":{"footnotes":"","_share_on_mastodon":"0"},"categories":[173],"tags":[7643,10549,64920,2699,5594,197646,4197,7488,2135,2111,2765,39778,39146,2773,367311,37481,28025,2665,78126,262575,4916,2448,51124,52398,316051,74145,368,15078,156745,10408,2612,20839,128,88190,52,1537,90,89,9266,5919,14521,195,198,199,197,200,201,9438,194,196,11546],"class_list":["post-666694","post","type-post","status-publish","format-standard","has-post-thumbnail","category-scienza-e-tecnologia","tag-abitacolo","tag-aerodinamica","tag-aerodinamico","tag-agosto","tag-ala","tag-alettone","tag-alto","tag-aria","tag-attivi","tag-aumentare","tag-auto","tag-brevetti","tag-brevetto","tag-canale","tag-canale-aerodinamico","tag-cavallino","tag-coda","tag-creare","tag-depositati","tag-diffusore","tag-digitale","tag-disegno","tag-drake","tag-estende","tag-fanali","tag-fari","tag-ferrari","tag-flusso","tag-flusso-aria","tag-frase","tag-funzione","tag-hypercar","tag-idea","tag-illuminazione","tag-indietro","tag-it","tag-italia","tag-italy","tag-maranello","tag-modelli","tag-presenta","tag-science","tag-science-and-technology","tag-scienceandtechnology","tag-scienza","tag-scienza-e-tecnologia","tag-scienzaetecnologia","tag-spoiler","tag-technology","tag-tecnologia","tag-vettura"],"share_on_mastodon":{"url":"","error":"Validation failed: Text character limit of 500 exceeded"},"_links":{"self":[{"href":"https:\/\/www.europesays.com\/it\/wp-json\/wp\/v2\/posts\/666694","targetHints":{"allow":["GET"]}}],"collection":[{"href":"https:\/\/www.europesays.com\/it\/wp-json\/wp\/v2\/posts"}],"about":[{"href":"https:\/\/www.europesays.com\/it\/wp-json\/wp\/v2\/types\/post"}],"author":[{"embeddable":true,"href":"https:\/\/www.europesays.com\/it\/wp-json\/wp\/v2\/users\/3"}],"replies":[{"embeddable":true,"href":"https:\/\/www.europesays.com\/it\/wp-json\/wp\/v2\/comments?post=666694"}],"version-history":[{"count":0,"href":"https:\/\/www.europesays.com\/it\/wp-json\/wp\/v2\/posts\/666694\/revisions"}],"wp:featuredmedia":[{"embeddable":true,"href":"https:\/\/www.europesays.com\/it\/wp-json\/wp\/v2\/media\/666695"}],"wp:attachment":[{"href":"https:\/\/www.europesays.com\/it\/wp-json\/wp\/v2\/media?parent=666694"}],"wp:term":[{"taxonomy":"category","embeddable":true,"href":"https:\/\/www.europesays.com\/it\/wp-json\/wp\/v2\/categories?post=666694"},{"taxonomy":"post_tag","embeddable":true,"href":"https:\/\/www.europesays.com\/it\/wp-json\/wp\/v2\/tags?post=666694"}],"curies":[{"name":"wp","href":"https:\/\/api.w.org\/{rel}","templated":true}]}}