{"id":666708,"date":"2026-09-05T17:56:16","date_gmt":"2026-09-05T17:56:16","guid":{"rendered":"https:\/\/www.europesays.com\/it\/666708\/"},"modified":"2026-09-05T17:56:16","modified_gmt":"2026-09-05T17:56:16","slug":"brenner-vince-tappa-14-vuelta-spagna","status":"publish","type":"post","link":"https:\/\/www.europesays.com\/it\/666708\/","title":{"rendered":"Brenner vince tappa 14 vuelta spagna"},"content":{"rendered":"<p>                                Il tedesco conquista la frazione di montagna con arrivo a Sierra de la Pandera, lo spagnolo guadagna 25&#8243; secondi sullo sloveno, ora superato in classifica da Gall<\/p>\n<p>            <a class=\"image is-50x50\" href=\"https:\/\/www.gazzetta.it\/redazione\/sergio-arcobelli\/\" rel=\"nofollow noopener\" target=\"_blank\"><br \/>\n                <img decoding=\"async\" class=\"is-rounded\" src=\"https:\/\/www.europesays.com\/it\/wp-content\/uploads\/2026\/04\/sergio-arcobelli-avatar.png\" alt=\"Sergio Arcobelli\"\/><br \/>\n            <\/a><\/p>\n<p>Giornalista<\/p>\n<p>                    5 settembre (modifica alle 19:42)  &#8211; MILANO<\/p>\n<p class=\"paragraph\" spellcheck=\"true\">Un grintoso Marco Brenner (Tudor) si impone nella 14esima tappa della Vuelta, 154,5 km da Ja\u00e9n a Sierra de Pandera. Il 24enne tedesco di Augsburg ha battuto in salita un osso duro come Santiago Buitrago, 26enne colombiano della Bahrain Victorious, gi\u00e0 in maglia a pois di leader della classifica degli scalatori, ottenendo la sua prima vittoria in un grande Giro. Terzo posto per Cristian Rodriguez (XDS Astana), giunto a 11\u201d da Brenner. C\u2019erano anche alcuni corridori italiani nella fuga di giornata, tra questi Filippo Zana (Soudal Quick-Step), ottavo a 43\u201d e Walter Calzoni (Pinarello Q36.5 Pro Cycling Team) a 1\u201906\u201d, mentre Lorenzo Fortunato (XDS Astana) \u00e8 13\u00b0 a 1&#8217;50&#8221;. I primi big della classifica sono arrivati al traguardo a oltre 4 minuti dal vincitore di giornata. E ancora una volta la maglia rossa Enric Mas (Movistar) ha guadagnato 25&#8243; in salita sullo sloveno Primoz Roglic (Red Bull Bora Hansgrohe), peraltro superato in classifica dall\u2019austriaco Felix Gall (Decathlon CMA CGM), giunto in meta subito davanti allo spagnolo e ora secondo. Il maiorchino Mas guida la classifica generale con un vantaggio di 2\u201906\u201d su Gall, l\u2019unico a resistergli oggi nel finale, e a Roglic, terzo a 2\u201910\u201d. Da quando si \u00e8 ritirato Tadej Pogacar, Mas \u00e8 saldamente leader della classifica generale della Vuelta 26 dall&#8217;ottava tappa e domani indosser\u00e0 la maglia rossa per il settimo giorno consecutivo.<\/p>\n<p>    che finale\u2014 \u00a0<\/p>\n<p class=\"paragraph is-inline\" spellcheck=\"true\">Oggi, in un\u2019altra giornata segnata dal grandissimo caldo, una durissima tappa con arrivo in salita sull&#8217;iconica Sierra de la Pandera. Una tappa di 154,5 km partita dalla citt\u00e0 di Ja\u00e9n e che presentava tre salite classificate come Gran Premi della Montagna (per un dislivello totale di 4.338 metri). L\u2019ultima di questa, la salita alla Sierra de Pandera (GPM di 1\u00b0 categoria) era lunga 11,9 chilometri con una pendenza media del 7,2%, con tratti che raggiungevano il 17%. \u00c8 la settima volta che la Sierra de la Pandera ha ospitato l&#8217;arrivo di una tappa della Vuelta a Espa\u00f1a. Il primo vincitore sulle sue pendici \u00e8 stato Roberto Heras (2002), seguito da Alejandro Valverde (2003) in un arrivo ricordato per la sua incredibile rimonta in discesa nell&#8217;ultimo chilometro, Andrey Kashechkin (2006), Damiano Cunego (2009), Rafal Majka (2017) e Richard Carapaz (2022). Ora, nella lista dei vincitori c\u2019\u00e8 Marco Brenner. Tra i ritiri di giornata c\u2019\u00e8 da segnalare quello del francese Christophe Laporte, uno dei gregari del britannico Matthew Brennan per la Visma-Lease a Bike, per problemi intestinali. A pi\u00f9 di una settimana dalla partenza, dei 184 corridori partiti a Monaco, restano in gara 149.<\/p>\n<p>    la tappa di domenica\u2014 \u00a0<\/p>\n<p class=\"paragraph is-inline\" spellcheck=\"true\">In programma la 15esima frazione da Palma del R\u00edo a C\u00f3rdoba, una tappa di media montagna di 189,7 km. Le montagne della Sierra Morena di C\u00f3rdoba ospiteranno una tappa tortuosa e collinare prima dell&#8217;ultima giornata di riposo. Il percorso prevede tre salite di terza categoria e oltre 3.000 metri di dislivello totale. Prima del chilometro 30, inizia l&#8217;ascesa al Puerto de la Forestal, una salita di 6,7 km con una pendenza media del 4,1%, terreno ideale per permettere alla fuga di giornata di consolidare il proprio vantaggio. La successiva ascesa si presenta dopo il chilometro 120 con l&#8217;Alto del Villaviciosa de C\u00f3rdoba (5,8 km al 4,8%), mentre il Puerto de Artafi (5,9 km al 5,6%) si affronta a oltre 35 km dal traguardo.<\/p>\n<p class=\"is-copyright\">\u00a9 RIPRODUZIONE RISERVATA<\/p>\n","protected":false},"excerpt":{"rendered":"Il tedesco conquista la frazione di montagna con arrivo a Sierra de la Pandera, lo spagnolo guadagna 25&#8243;&hellip;\n","protected":false},"author":3,"featured_media":666709,"comment_status":"","ping_status":"","sticky":false,"template":"","format":"standard","meta":{"footnotes":"","_share_on_mastodon":"0"},"categories":[1456],"tags":[1262,28193,62095,51056,3080,34871,1824,1932,311244,15956,1825,277,367333,20032,367336,1426,2241,2242,367337,236531,5183,9812,1537,90,89,367338,4639,381,367339,2219,52421,4047,345118,45433,793,3203,14274,367334,157074,14387,3547,203934,265972,367335,245,244,2218,14374],"class_list":["post-666708","post","type-post","status-publish","format-standard","has-post-thumbnail","category-ciclismo","tag-arrivo","tag-ascesa","tag-astana","tag-brenner","tag-categoria","tag-chilometro","tag-ciclismo","tag-classifica","tag-cordoba","tag-corridori","tag-cycling","tag-de","tag-de-pandera","tag-dislivello","tag-dislivello-totale","tag-finale","tag-frazione","tag-fuga","tag-fuga-giornata","tag-gall","tag-giornata","tag-giunto","tag-it","tag-italia","tag-italy","tag-jaen","tag-km","tag-leader","tag-leader-classifica","tag-maglia","tag-maglia-rossa","tag-marco","tag-marco-brenner","tag-mas","tag-media","tag-metri","tag-montagna","tag-pandera","tag-pendenza","tag-roglic","tag-salita","tag-sierra","tag-sierra-de","tag-sierra-de-pandera","tag-sport","tag-sports","tag-tappa","tag-vuelta"],"share_on_mastodon":{"url":"","error":"Validation failed: Text character limit of 500 exceeded"},"_links":{"self":[{"href":"https:\/\/www.europesays.com\/it\/wp-json\/wp\/v2\/posts\/666708","targetHints":{"allow":["GET"]}}],"collection":[{"href":"https:\/\/www.europesays.com\/it\/wp-json\/wp\/v2\/posts"}],"about":[{"href":"https:\/\/www.europesays.com\/it\/wp-json\/wp\/v2\/types\/post"}],"author":[{"embeddable":true,"href":"https:\/\/www.europesays.com\/it\/wp-json\/wp\/v2\/users\/3"}],"replies":[{"embeddable":true,"href":"https:\/\/www.europesays.com\/it\/wp-json\/wp\/v2\/comments?post=666708"}],"version-history":[{"count":0,"href":"https:\/\/www.europesays.com\/it\/wp-json\/wp\/v2\/posts\/666708\/revisions"}],"wp:featuredmedia":[{"embeddable":true,"href":"https:\/\/www.europesays.com\/it\/wp-json\/wp\/v2\/media\/666709"}],"wp:attachment":[{"href":"https:\/\/www.europesays.com\/it\/wp-json\/wp\/v2\/media?parent=666708"}],"wp:term":[{"taxonomy":"category","embeddable":true,"href":"https:\/\/www.europesays.com\/it\/wp-json\/wp\/v2\/categories?post=666708"},{"taxonomy":"post_tag","embeddable":true,"href":"https:\/\/www.europesays.com\/it\/wp-json\/wp\/v2\/tags?post=666708"}],"curies":[{"name":"wp","href":"https:\/\/api.w.org\/{rel}","templated":true}]}}