{"id":666716,"date":"2026-09-05T18:02:17","date_gmt":"2026-09-05T18:02:17","guid":{"rendered":"https:\/\/www.europesays.com\/it\/666716\/"},"modified":"2026-09-05T18:02:17","modified_gmt":"2026-09-05T18:02:17","slug":"tiziano-vecellio-ultimato-il-restauro-della-statua-taglio-del-nastro-nello-stesso-giorno-in-cui-fu-inaugurata-nel-1880","status":"publish","type":"post","link":"https:\/\/www.europesays.com\/it\/666716\/","title":{"rendered":"Tiziano Vecellio, ultimato il restauro della statua: taglio del nastro nello stesso giorno in cui fu inaugurata nel 1880"},"content":{"rendered":"<p><a href=\"https:\/\/www.ilgazzettino.it\/t\/pieve-di-cadore\" rel=\"nofollow noopener\" target=\"_blank\">PIEVE DI CADORE<\/a> (BELLUNO) &#8211; \u00abSiamo molto soddisfatti del risultato, questa <a href=\"https:\/\/www.ilgazzettino.it\/t\/statua\" rel=\"nofollow noopener\" target=\"_blank\">statua<\/a> \u00e8 un simbolo per tutto il <a href=\"https:\/\/www.ilgazzettino.it\/t\/cadore\" rel=\"nofollow noopener\" target=\"_blank\">Cadore<\/a> e noi ne sentiamo la responsabilit\u00e0 nel conservarla\u00bb. Cos\u00ec la sindaca di Pieve Sindi Manushi nella giornata che ufficializza la fine dei lavori che hanno riportato all&#8217;originario splendore il <a href=\"https:\/\/www.ilgazzettino.it\/t\/monumento\" rel=\"nofollow noopener\" target=\"_blank\">monumento<\/a> che celebra il cadorino pi\u00f9 celebre: <a href=\"https:\/\/www.ilgazzettino.it\/t\/tiziano-vecellio\" rel=\"nofollow noopener\" target=\"_blank\">Tiziano Vecellio<\/a>. Oggi alle 19 c&#8217;\u00e8 il taglio del nastro dell&#8217;importante <a href=\"https:\/\/www.ilgazzettino.it\/t\/restauro\" rel=\"nofollow noopener\" target=\"_blank\">restauro<\/a>, possibile grazie al contributo di 75mila euro di CortinaBanca, nella stessa giornata in cui venne inaugurato nel 1880.<\/p>\n<p>    &#13;<\/p>\n<p>APPROFONDIMENTI<\/p>\n<p>&#13;<\/p>\n<p>                            &#13;<br \/>\n                                            &#13;<br \/>\n                            <a href=\"https:\/\/www.ilgazzettino.it\/nordest\/belluno\/statua_tiziano_ritorna_paese-9726206.html\" rel=\"nofollow noopener\" target=\"_blank\">&#13;<br \/>\n                                                                <img decoding=\"async\" src=\"https:\/\/www.europesays.com\/it\/wp-content\/uploads\/2026\/09\/9726206_26110435_foto_statua.jpg\"\/>&#13;<br \/>\n                            <\/a>&#13;<br \/>\n                        &#13;<br \/>\n                                        &#13;<\/p>\n<p>                            &#13;<br \/>\n                                            &#13;<br \/>\n                            <a href=\"https:\/\/www.ilgazzettino.it\/cultura\/tiziano_laguna_montagna_mostra_pieve_di_cadore-9720606.html\" rel=\"nofollow noopener\" target=\"_blank\">&#13;<br \/>\n                                                                <img decoding=\"async\" src=\"https:\/\/www.europesays.com\/it\/wp-content\/uploads\/2026\/09\/9720606_23094009_tiziano_laguna_montagna_mostra_pieve_di_cadore.jpg\"\/>&#13;<br \/>\n                            <\/a>&#13;<br \/>\n                        &#13;<br \/>\n                                        &#13;<\/p>\n<p>        &#13;<\/p>\n<p>Il restauro <\/p>\n<p>Alle 18 in auditorium Cosmo ci sar\u00e0 l&#8217;illustrazione dei lavori affidati alla ditta Altinate di Sedico, che ha redatto il progetto di restauro dell&#8217;opera bronzea e del piedistallo del monumento e della restauratrice Anna Collarin di Belluno. \u00abSi \u00e8 trattato di un lavoro soddisfacente e molto complesso, che avrebbe potuto essere svolto soltanto nelle settimane pi\u00f9 calde dell&#8217;anno, in quanto i prodotti di pulizia e protezione del bronzo agiscono efficacemente a temperature minime elevate\u00bb.<br \/>Quello che viene consegnato \u00e8 il primo restauro completo della statua da quando \u00e8 stata inaugurata per la prima volta il 5 settembre del 1880. Ma non \u00e8 finita perch\u00e9 l&#8217;amministrazione comunale ha affidato il progetto per la nuova illuminazione del monumento, che metta maggiormente in risalto la statua, e progetta anche una pubblicazione che raccolga iter, testimonianze e documentazioni del restauro.<\/p>\n<p>L&#8217;Ex Tempore <\/p>\n<p>L&#8217;estate all&#8217;insegna di Tiziano continua. Sono in arrivo le celebrazioni per il patrono di Pieve, Santa Maria Nascente, e per la festa ecco la quinta edizione dell&#8217;ex tempore che avr\u00e0 per tema &#8220;Tiziano e il paesaggio&#8221;. \u00c8 un&#8217;iniziativa dell&#8217;Arcidiaconato del Cadore, Magnifica Comunit\u00e0 di Cadore, del Comune, del Rotary Club Cadore Cortina, della Fondazione Centro Studi Tiziano e Cadore e della Pro Loco Tiziano. La tradizione artistica cadorina ha nel tempo incentivato e sostenuto la volont\u00e0 di riscoperta e di promozione attraverso l&#8217;operato dei vari artisti presenti in Cadore, sostenendo con forza una serie di ex tempore realizzate nei vari luoghi del territorio. Nel 2026, considerato l&#8217;importante anniversario dei 450 anni dalla morte di Tiziano Vecellio, gli artisti partecipanti saranno invitati a confrontarsi sul tema &#8220;Tiziano e il paesaggio&#8221;, stimolati anche dalla mostra in atto in Magnifica Comunit\u00e0 di Cadore e nella Casa natale di Tiziano.<br \/>Le iscrizioni all&#8217;ex tempore saranno aperte dalle 8.30 di marted\u00ec 8 settembre in Galleria d&#8217;arte Romano Tabacchi, con la vidimazione delle tele, mentre le opere ultimate andranno consegnate entro le 15.30. Per partecipare ogni artista dovr\u00e0 essere munito di una sola tela o tavola. Ogni artista potr\u00e0 realizzare una sola opera, con o senza cornice e di dimensioni massime 100 per 100 centimetri. I partecipanti dovranno provvedere in proprio al materiale di lavoro.<\/p>\n","protected":false},"excerpt":{"rendered":"PIEVE DI CADORE (BELLUNO) &#8211; \u00abSiamo molto soddisfatti del risultato, questa statua \u00e8 un simbolo per tutto il&hellip;\n","protected":false},"author":3,"featured_media":666717,"comment_status":"","ping_status":"","sticky":false,"template":"","format":"standard","meta":{"footnotes":"","_share_on_mastodon":"0"},"categories":[1446],"tags":[1615,1613,1614,1611,1610,1612,203,204,1537,90,89,34209,356416,38149,7452,356417],"class_list":["post-666716","post","type-post","status-publish","format-standard","has-post-thumbnail","category-arte-e-design","tag-arte","tag-arte-e-design","tag-arteedesign","tag-arts","tag-arts-and-design","tag-design","tag-entertainment","tag-intrattenimento","tag-it","tag-italia","tag-italy","tag-monumento","tag-pieve-di-cadore","tag-restauro","tag-statua","tag-tiziano-vecellio"],"share_on_mastodon":{"url":"https:\/\/pubeurope.com\/@it\/117219751497209299","error":""},"_links":{"self":[{"href":"https:\/\/www.europesays.com\/it\/wp-json\/wp\/v2\/posts\/666716","targetHints":{"allow":["GET"]}}],"collection":[{"href":"https:\/\/www.europesays.com\/it\/wp-json\/wp\/v2\/posts"}],"about":[{"href":"https:\/\/www.europesays.com\/it\/wp-json\/wp\/v2\/types\/post"}],"author":[{"embeddable":true,"href":"https:\/\/www.europesays.com\/it\/wp-json\/wp\/v2\/users\/3"}],"replies":[{"embeddable":true,"href":"https:\/\/www.europesays.com\/it\/wp-json\/wp\/v2\/comments?post=666716"}],"version-history":[{"count":0,"href":"https:\/\/www.europesays.com\/it\/wp-json\/wp\/v2\/posts\/666716\/revisions"}],"wp:featuredmedia":[{"embeddable":true,"href":"https:\/\/www.europesays.com\/it\/wp-json\/wp\/v2\/media\/666717"}],"wp:attachment":[{"href":"https:\/\/www.europesays.com\/it\/wp-json\/wp\/v2\/media?parent=666716"}],"wp:term":[{"taxonomy":"category","embeddable":true,"href":"https:\/\/www.europesays.com\/it\/wp-json\/wp\/v2\/categories?post=666716"},{"taxonomy":"post_tag","embeddable":true,"href":"https:\/\/www.europesays.com\/it\/wp-json\/wp\/v2\/tags?post=666716"}],"curies":[{"name":"wp","href":"https:\/\/api.w.org\/{rel}","templated":true}]}}