{"id":666720,"date":"2026-09-05T18:05:21","date_gmt":"2026-09-05T18:05:21","guid":{"rendered":"https:\/\/www.europesays.com\/it\/666720\/"},"modified":"2026-09-05T18:05:21","modified_gmt":"2026-09-05T18:05:21","slug":"freddie-mercury-80-anni-fa-nasceva-il-leggendario-frontman-dei-queen","status":"publish","type":"post","link":"https:\/\/www.europesays.com\/it\/666720\/","title":{"rendered":"Freddie Mercury, 80 anni fa nasceva il leggendario frontman dei Queen"},"content":{"rendered":"<p>Nato a Zanzibar il 5 settembre 1946 con il nome di Farrokh Bulsara, Freddie Mercury avrebbe compiuto oggi 80 anni. Cresciuto in una famiglia parsi e formatosi tra l&#8217;India e il Regno Unito, trasform\u00f2 la propria identit\u00e0 artistica in un simbolo universale del rock. Nel 1970 fond\u00f2 i Queen insieme a Brian May e Roger Taylor, ai quali si un\u00ec poco dopo John Deacon: nacque cos\u00ec una delle band pi\u00f9 influenti di sempre. Con la sua estensione vocale eccezionale, il gusto teatrale e una presenza scenica ineguagliabile, Mercury riscrisse le regole del frontman moderno, regalando al mondo capolavori come Bohemian Rhapsody, Somebody to Love, We Are the Champions, Under Pressure e The Show Must Go On. La sua esibizione al Live Aid del 1985 resta ancora oggi uno dei momenti pi\u00f9 iconici della storia della musica dal vivo.<\/p>\n<p>\t\t \til mito dei Queen<\/p>\n<p>La morte, avvenuta il 24 novembre 1991 a Londra per le complicazioni legate all&#8217;Aids, arriv\u00f2 appena un giorno dopo la scelta di rendere pubblica la malattia, custodita fino agli ultimi istanti con estrema riservatezza. Da allora Freddie Mercury \u00e8 diventato molto pi\u00f9 di una rockstar: \u00e8 un&#8217;icona culturale capace di attraversare epoche e linguaggi. Il suo lascito continua a essere celebrato in tutto il mondo, dai Freddie Days di Montreux alle nuove generazioni che scoprono i Queen attraverso lo streaming e il cinema. Quest&#8217;anno, inoltre, i fan potranno rivivere sul grande schermo lo storico concerto di Budapest del 1986, restaurato in 4K: l&#8217;ultima esibizione dei Queen con Freddie Mercury a essere immortalata dalle telecamere, testimonianza definitiva di un artista il cui carisma rimane, ancora oggi, irripetibile.<\/p>\n<p>\t\t\t<a class=\"c-inline-card j-inline-card c-inline-card--with-image\" href=\"https:\/\/tg24.sky.it\/spettacolo\/cinema\/2026\/08\/26\/queen-budapest-cinema\" rel=\"follow nofollow noopener\" data-intcmp=\"skytg24_articolo_approfondimenti_inline\" target=\"_blank\"><\/p>\n<p>\t\t\t         <img decoding=\"async\" crossorigin=\"anonymous\" alt=\"\"  loading=\"lazy\"  src=\"https:\/\/www.europesays.com\/it\/wp-content\/uploads\/2026\/09\/Courtesy_of_Sony_Music_Queen_Budapest_3b.jpg\"\/><\/p>\n<p>\n\t\t\t         Approfondimento<br \/>\n\t\t\t         Queen Budapest, il live del 1986 torna al cinema restaurato in 4K\n\t\t\t      <\/p>\n<p>\t\t\t<\/a><\/p>\n","protected":false},"excerpt":{"rendered":"Nato a Zanzibar il 5 settembre 1946 con il nome di Farrokh Bulsara, Freddie Mercury avrebbe compiuto oggi&hellip;\n","protected":false},"author":3,"featured_media":666721,"comment_status":"","ping_status":"","sticky":false,"template":"","format":"standard","meta":{"footnotes":"","_share_on_mastodon":"0"},"categories":[1443],"tags":[5163,203,32785,204,1537,90,89,1538,1539,12055],"class_list":["post-666720","post","type-post","status-publish","format-standard","has-post-thumbnail","category-musica","tag-compleanno","tag-entertainment","tag-freddie-mercury","tag-intrattenimento","tag-it","tag-italia","tag-italy","tag-music","tag-musica","tag-queen"],"share_on_mastodon":{"url":"https:\/\/pubeurope.com\/@it\/117219762977784286","error":""},"_links":{"self":[{"href":"https:\/\/www.europesays.com\/it\/wp-json\/wp\/v2\/posts\/666720","targetHints":{"allow":["GET"]}}],"collection":[{"href":"https:\/\/www.europesays.com\/it\/wp-json\/wp\/v2\/posts"}],"about":[{"href":"https:\/\/www.europesays.com\/it\/wp-json\/wp\/v2\/types\/post"}],"author":[{"embeddable":true,"href":"https:\/\/www.europesays.com\/it\/wp-json\/wp\/v2\/users\/3"}],"replies":[{"embeddable":true,"href":"https:\/\/www.europesays.com\/it\/wp-json\/wp\/v2\/comments?post=666720"}],"version-history":[{"count":0,"href":"https:\/\/www.europesays.com\/it\/wp-json\/wp\/v2\/posts\/666720\/revisions"}],"wp:featuredmedia":[{"embeddable":true,"href":"https:\/\/www.europesays.com\/it\/wp-json\/wp\/v2\/media\/666721"}],"wp:attachment":[{"href":"https:\/\/www.europesays.com\/it\/wp-json\/wp\/v2\/media?parent=666720"}],"wp:term":[{"taxonomy":"category","embeddable":true,"href":"https:\/\/www.europesays.com\/it\/wp-json\/wp\/v2\/categories?post=666720"},{"taxonomy":"post_tag","embeddable":true,"href":"https:\/\/www.europesays.com\/it\/wp-json\/wp\/v2\/tags?post=666720"}],"curies":[{"name":"wp","href":"https:\/\/api.w.org\/{rel}","templated":true}]}}