{"id":666741,"date":"2026-09-05T18:28:14","date_gmt":"2026-09-05T18:28:14","guid":{"rendered":"https:\/\/www.europesays.com\/it\/666741\/"},"modified":"2026-09-05T18:28:14","modified_gmt":"2026-09-05T18:28:14","slug":"cardinale-e-il-milan-un-nuovo-capo-dellarea-sportiva","status":"publish","type":"post","link":"https:\/\/www.europesays.com\/it\/666741\/","title":{"rendered":"Cardinale e il Milan: un nuovo capo dell&#8217;area sportiva"},"content":{"rendered":"<p>                                Il fondatore di RedBird in estate ha scelto di fare il mercato in prima persona e ha puntato forte sul rapporto diretto con Amorim. Ora \u00e8 presentissimo e ha partecipato anche alla conferenza dei tecnico. Nei prossimi mesi potrebbe creare una nuova struttura per il mercato, con un innesto in dirigenza<\/p>\n<p>\n                                                                    Luca Bianchin e Andrea Ramazzotti\n                            <\/p>\n<p>                    5 settembre &#8211; 19:04  &#8211; MILANO<\/p>\n<p class=\"paragraph\" spellcheck=\"true\">Gerry Cardinale ormai vive con il Milan. Ha visto la prima partita col Toro, la seconda col Venezia e domani sar\u00e0 allo Juventus Stadium per la terza di campionato. Non \u00e8 scaramanzia \u2013 il Milan finora vince\u2026 &#8211; ma voglia di prendere in mano il club e gestirlo in prima persona. Cardinale in estate ha condotto le trattative pi\u00f9 importanti di calciomercato sfruttando le sue relazioni con i proprietari delle altre societ\u00e0 e sta dedicando molto tempo al Milan. Lo far\u00e0 anche nei prossimi mesi perch\u00e9 ha capito che cosa non ha funzionato nei quattro anni della sua gestione a distanza, dallo scudetto 2022 all\u2019esclusione dalla Champions con Allegri. A Milanello e a Casa Milan, quindi, molto \u00e8 cambiato. Cardinale \u00e8 presente, partecipa alle riunioni, cambia i processi decisionali che adesso sono frutto di consultazioni con i suoi collaboratori e Ruben Amorim. In questo sabato pomeriggio di settembre, ad esempio, ha partecipato alla conferenza stampa del tecnico portoghese, come mai aveva fatto in precedenza e come i proprietari non fanno mai. L\u2019allenatore che parla e il proprietario in fondo alla sala: curioso.<\/p>\n<p>        CARDINALE E AMORIM\u2014 \u00a0<\/p>\n<p class=\"paragraph\" spellcheck=\"true\">\u00a0Il legame con l\u2019allenatore \u00e8 molto forte, probabilmente il singolo rapporto pi\u00f9 forte costruito in questi mesi di Milan. Cardinale, quando spiega le sue idee, chiarisce sempre di aver voluto scegliere in prima persona il tecnico. Ha ribaltato il modello italiano, che non ama, per dare una scossa all\u2019ambiente. Nella tradizione del nostro calcio, la propriet\u00e0 nomina un direttore sportivo e si affida a lui per la scelta dell&#8217;allenatore, che in caso di risultati non soddisfacenti paga per tutti. Cardinale ha rotto questo paradigma e, del resto, GC \u00e8 un uomo di cambiamenti, che non ama seguire il corso del fiume. Ha preso una decisione sui principi \u2013 il Milan per lui deve giocare un calcio offensivo e non giocare mai per il pareggio, il contrario del corto muso allegriano \u2013 e ha valutato allenatori che seguissero quella strada. Dal casting \u00e8 emerso Amorim. A quel punto, ha lavorato direttamente con lui sul mercato, senza l\u2019intermediazione di un direttore sportivo. Per questo, Cardinale per la prima volta nella sua era ha messo la faccia <a href=\"https:\/\/www.gazzetta.it\/Calcio\/Serie-A\/Milan\/08-07-2026\/milan-amorim-la-presentazione-e-la-conferenza.shtml?intcmp=hyperlink-articolo-gazit\" rel=\"nofollow noopener\" target=\"_blank\">il giorno della presentazione di Amorim<\/a> e da l\u00ec in poi non ha pi\u00f9 smesso di prendersi responsabilit\u00e0.<\/p>\n<p><a class=\"is-partner-link\" href=\"https:\/\/ad.doubleclick.net\/ddm\/trackclk\/N1792338.340088CAIRORCSMEDIAS.P.\/B28038690.452531709;dc_trk_aid=646241311;dc_trk_cid=173665161;dc_lat=;dc_rdid=;tag_for_child_directed_treatment=;tfua=;gdpr=%24%7BGDPR%7D;gdpr_consent=%24%7BGDPR_CONSENT_755%7D;ltd=;dc_tdv=1\" rel=\"nofollow noopener\" target=\"_blank\">Guarda tutte le partite di Serie A Enilive in esclusiva nei locali Sky! Trova il locale pi\u00f9 vicino a te.<\/a><\/p>\n<p>        UN NUOVO DIRETTORE SPORTIVO\u2014 \u00a0<\/p>\n<p class=\"paragraph\" spellcheck=\"true\">\u00a0La partita con la Juventus dir\u00e0 qualcosa sulla capacit\u00e0 di questo Milan di andare faccia a faccia con le squadre migliori d\u2019Italia ma non cambier\u00e0 il percorso di crescita. L\u2019idea di Cardinale in questo senso \u00e8 chiara: nei prossimi mesi \u2013 diciamo tra l\u2019autunno e la primavera \u2013 cambier\u00e0 qualcosa nel gruppo di lavoro. Metter\u00e0 sotto contratto un capo dell\u2019area sportiva? S\u00ec, \u00e8 possibile. Ne ha incontrati molti in passato e molti ne incontrer\u00e0. Quello che \u00e8 certo \u00e8 che il fondatore di RedBird non dar\u00e0 mai pi\u00f9 le chiavi della macchina Milan a una persona, come accaduto in passato con Giorgio Furlani. Non sar\u00e0 pi\u00f9 un proprietario che segue la squadra a distanza dagli Stati Uniti e si limita a tenere regolari contatti telefonici. Dal 2026 in avanti, sar\u00e0 sempre presente, prender\u00e0 decisioni e, soprattutto, si assicurer\u00e0 che il modello impostato in questa estate continui a vivere. Un modello in cui le decisioni sono condivise \u2013 Ramos, Gila e Moreira piacevano a tecnico, direttore sportivo, direttore della Football Intelligence \u2013 e l\u2019allenatore ha peso. Cardinale (forse) non sar\u00e0 pi\u00f9 protagonista a tutto campo come in questa estate ma detter\u00e0 la linea, user\u00e0 le sue relazioni con altre propriet\u00e0 per agevolare le trattative e dir\u00e0 l\u2019ultima parola sulle scelte. Insomma, sar\u00e0 il (possibile) nuovo capo dell\u2019area sportiva ad adattarsi al modello, non il contrario. Tutto questo funzioner\u00e0? Nessuno pu\u00f2 saperlo, ma il Milan di sicuro vuole andare in questa direzione. Prendere o lasciare.<\/p>\n<p class=\"is-copyright\">\u00a9 RIPRODUZIONE RISERVATA<\/p>\n","protected":false},"excerpt":{"rendered":"Il fondatore di RedBird in estate ha scelto di fare il mercato in prima persona e ha puntato&hellip;\n","protected":false},"author":3,"featured_media":666742,"comment_status":"","ping_status":"","sticky":false,"template":"","format":"standard","meta":{"footnotes":"","_share_on_mastodon":"0"},"categories":[1452],"tags":[1960,1495,15059,50020,32,841,278991,721,58821,777,283867,283868,843,877,5372,19552,26945,1109,47040,3669,1533,15291,329891,1740,3440,1889,1537,90,89,558,1412,553,2506,2378,367340,1290,489,1915,4565,8004,6520,1739,245,28176,2284,244,3375],"class_list":["post-666741","post","type-post","status-publish","format-standard","has-post-thumbnail","category-calcio","tag-allenatore","tag-altre","tag-ama","tag-amorim","tag-andare","tag-area","tag-area-sportiva","tag-calcio","tag-cambiera","tag-capo","tag-capo-area","tag-capo-area-sportiva","tag-cardinale","tag-conferenza","tag-contrario","tag-decisioni","tag-dira","tag-direttore","tag-direttore-sportivo","tag-distanza","tag-estate","tag-fondatore","tag-fondatore-redbird","tag-football","tag-forte","tag-giocare","tag-it","tag-italia","tag-italy","tag-juventus","tag-mercato","tag-milan","tag-modello","tag-partecipato","tag-partecipato-conferenza","tag-partita","tag-passato","tag-persona","tag-possibile","tag-prendere","tag-prossimi","tag-soccer","tag-sport","tag-sportiva","tag-sportivo","tag-sports","tag-tecnico"],"share_on_mastodon":{"url":"","error":"Validation failed: Text character limit of 500 exceeded"},"_links":{"self":[{"href":"https:\/\/www.europesays.com\/it\/wp-json\/wp\/v2\/posts\/666741","targetHints":{"allow":["GET"]}}],"collection":[{"href":"https:\/\/www.europesays.com\/it\/wp-json\/wp\/v2\/posts"}],"about":[{"href":"https:\/\/www.europesays.com\/it\/wp-json\/wp\/v2\/types\/post"}],"author":[{"embeddable":true,"href":"https:\/\/www.europesays.com\/it\/wp-json\/wp\/v2\/users\/3"}],"replies":[{"embeddable":true,"href":"https:\/\/www.europesays.com\/it\/wp-json\/wp\/v2\/comments?post=666741"}],"version-history":[{"count":0,"href":"https:\/\/www.europesays.com\/it\/wp-json\/wp\/v2\/posts\/666741\/revisions"}],"wp:featuredmedia":[{"embeddable":true,"href":"https:\/\/www.europesays.com\/it\/wp-json\/wp\/v2\/media\/666742"}],"wp:attachment":[{"href":"https:\/\/www.europesays.com\/it\/wp-json\/wp\/v2\/media?parent=666741"}],"wp:term":[{"taxonomy":"category","embeddable":true,"href":"https:\/\/www.europesays.com\/it\/wp-json\/wp\/v2\/categories?post=666741"},{"taxonomy":"post_tag","embeddable":true,"href":"https:\/\/www.europesays.com\/it\/wp-json\/wp\/v2\/tags?post=666741"}],"curies":[{"name":"wp","href":"https:\/\/api.w.org\/{rel}","templated":true}]}}