{"id":666745,"date":"2026-09-05T18:32:16","date_gmt":"2026-09-05T18:32:16","guid":{"rendered":"https:\/\/www.europesays.com\/it\/666745\/"},"modified":"2026-09-05T18:32:16","modified_gmt":"2026-09-05T18:32:16","slug":"affari-tuoi-riparte-dai-nuovi-studi-di-milano-quando-comincia-la-nuova-mascotte-e-il-pacco-speciale-il-giornale","status":"publish","type":"post","link":"https:\/\/www.europesays.com\/it\/666745\/","title":{"rendered":"Affari Tuoi riparte dai nuovi studi di Milano: quando comincia, la nuova mascotte e il pacco speciale \u2013 il Giornale"},"content":{"rendered":"<p class=\"c-paragraph\">Tutto \u00e8 pronto per il ritorno in onda di<a href=\"https:\/\/www.ilgiornale.it\/tag\/affari-tuoi\/\" rel=\"nofollow noopener\" target=\"_blank\"> <b>Affari Tuoi<\/b><\/a><b>.<\/b> Domenica 6 settembre alle ore 20.40 Stefano De Martino accoglier\u00e0 il pubblico di Rai1 nei nuovi studi di Milano con un\u2019edizione decisamente rinnovata a partire dalla location. <\/p>\n<p class=\"c-paragraph\">La nuova stagione del preserale di Rai1 ruoter\u00e0 attorno ai nuovi <b>studi televisivi<\/b> che si trovano nel centro Rai di Milano.<b> <\/b><a href=\"https:\/\/www.ilgiornale.it\/tag\/stefano-de-martino\/\" rel=\"nofollow noopener\" target=\"_blank\"><b>Stefano De Martino <\/b><\/a>e la produzione hanno puntato su uno studio versatile contanti ledwall per mille cambi di luce e di scena, che porteranno il format dall\u2019essere un semplice gameshow a un format di intrattenimento a 360 gradi. In studio arriveranno tanti ospiti, torneranno gli stacchetti curati dalla ballerina <b>Martina Miliddi<\/b>, le incursioni ironiche di <b>Herbert Ballerina<\/b> e nel corso dell\u2019edizione ci saranno numerosi <b>speciali <\/b>in diretta, a partire da quello del 4 dicembre per poi proseguire con la puntata speciale del 6 gennaio riservata alla Lotteria Italia.<\/p>\n<p>La nuova mascotte<\/p>\n<p class=\"c-paragraph\">Tra le novit\u00e0 della nuova edizione c\u2019\u00e8 la nuova mascotte. Dopo aver conquistato il pubblico nelle scorse stagioni, Gennarino ha lasciato il posto a <b>Tommasino<\/b>. Ad annunciare l\u2019arrivo \u00e8 lo stesso Stefano De Martino: \u201cGennarino lascia il posto a un nuovo cagnolino, che \u00e8 il suo nipotino. Ha un anno ed \u00e8 molto pi\u00f9 spontaneo perch\u00e9 non \u00e8 ammaestrato come Gennarino, quindi sar\u00e0 ancora pi\u00f9 divertente\u201d. Un passaggio di testimone a quattro zampe che promette di diventare una delle novit\u00e0 pi\u00f9 divertenti della nuova stagione di Affari Tuoi. <\/p>\n<p>Il pacco inedito<\/p>\n<p class=\"c-paragraph\">Sul fronte del gioco, invece, Affari Tuoi conferma la formula che ha conquistato il pubblico. Anche nella nuova stagione saranno i venti rappresentanti delle regioni italiane a sfidarsi tra pacchi da aprire, offerte e possibili cambi proposti dal Dottore. La dinamica della partita rester\u00e0 dunque invariata, ma ci sar\u00e0 una piccola <b>sorpresa<\/b>: un nuovo pacco inedito far\u00e0 il suo esordio e sar\u00e0 presente in ogni puntata, aggiungendo un ulteriore elemento di imprevedibilit\u00e0 alla sfida. <\/p>\n","protected":false},"excerpt":{"rendered":"Tutto \u00e8 pronto per il ritorno in onda di Affari Tuoi. Domenica 6 settembre alle ore 20.40 Stefano&hellip;\n","protected":false},"author":3,"featured_media":666746,"comment_status":"","ping_status":"","sticky":false,"template":"","format":"standard","meta":{"footnotes":"","_share_on_mastodon":"0"},"categories":[1444],"tags":[203,204,1537,90,89,3501,253],"class_list":["post-666745","post","type-post","status-publish","format-standard","has-post-thumbnail","category-tv","tag-entertainment","tag-intrattenimento","tag-it","tag-italia","tag-italy","tag-rai-1","tag-tv"],"share_on_mastodon":{"url":"https:\/\/pubeurope.com\/@it\/117219868549924011","error":""},"_links":{"self":[{"href":"https:\/\/www.europesays.com\/it\/wp-json\/wp\/v2\/posts\/666745","targetHints":{"allow":["GET"]}}],"collection":[{"href":"https:\/\/www.europesays.com\/it\/wp-json\/wp\/v2\/posts"}],"about":[{"href":"https:\/\/www.europesays.com\/it\/wp-json\/wp\/v2\/types\/post"}],"author":[{"embeddable":true,"href":"https:\/\/www.europesays.com\/it\/wp-json\/wp\/v2\/users\/3"}],"replies":[{"embeddable":true,"href":"https:\/\/www.europesays.com\/it\/wp-json\/wp\/v2\/comments?post=666745"}],"version-history":[{"count":0,"href":"https:\/\/www.europesays.com\/it\/wp-json\/wp\/v2\/posts\/666745\/revisions"}],"wp:featuredmedia":[{"embeddable":true,"href":"https:\/\/www.europesays.com\/it\/wp-json\/wp\/v2\/media\/666746"}],"wp:attachment":[{"href":"https:\/\/www.europesays.com\/it\/wp-json\/wp\/v2\/media?parent=666745"}],"wp:term":[{"taxonomy":"category","embeddable":true,"href":"https:\/\/www.europesays.com\/it\/wp-json\/wp\/v2\/categories?post=666745"},{"taxonomy":"post_tag","embeddable":true,"href":"https:\/\/www.europesays.com\/it\/wp-json\/wp\/v2\/tags?post=666745"}],"curies":[{"name":"wp","href":"https:\/\/api.w.org\/{rel}","templated":true}]}}