{"id":666758,"date":"2026-09-05T18:42:11","date_gmt":"2026-09-05T18:42:11","guid":{"rendered":"https:\/\/www.europesays.com\/it\/666758\/"},"modified":"2026-09-05T18:42:11","modified_gmt":"2026-09-05T18:42:11","slug":"meteo-giuliacci-ciclone-dallatlantico-e-crollo-termico-temperature-giu-fino-a-10-gradi-e-arrivano-eventi-estremi","status":"publish","type":"post","link":"https:\/\/www.europesays.com\/it\/666758\/","title":{"rendered":"Meteo, Giuliacci: \u00abCiclone dall&#8217;Atlantico e crollo termico, temperature gi\u00f9 fino a 10 gradi. E arrivano eventi estremi\u00bb"},"content":{"rendered":"<p>L&#8217;Italia \u00e8 nel pieno della <strong>sesta <a href=\"https:\/\/www.ilmessaggero.it\/t\/ondata-di-calore\" rel=\"nofollow noopener\" target=\"_blank\">ondata di calore<\/a><\/strong>. Un altro aumento di temperature in quasi tutto il Paese quando l&#8217;estate sembrava alle spalle. Eppure, una luce in fondo al tunnel c&#8217;\u00e8. Perch\u00e9 c&#8217;\u00e8 ancora da soffrire qualche giorno, ma siamo alla fine dell&#8217;anticiclone africano: 4-5 giorni, poi arriver\u00e0 un ciclone atlantico che porter\u00e0 aria fresca e crollo termico. Lo ha confermato anche <strong><a href=\"https:\/\/www.ilmessaggero.it\/t\/mario-giuliacci\" rel=\"nofollow noopener\" target=\"_blank\">Mario Giuliacci<\/a><\/strong>, colonnello e celebre meteorologo, con un video sui suoi canali social nel pomeriggio di sabato 5 settembre.<\/p>\n","protected":false},"excerpt":{"rendered":"L&#8217;Italia \u00e8 nel pieno della sesta ondata di calore. Un altro aumento di temperature in quasi tutto il&hellip;\n","protected":false},"author":3,"featured_media":666759,"comment_status":"","ping_status":"","sticky":false,"template":"","format":"standard","meta":{"footnotes":"","_share_on_mastodon":"0"},"categories":[79],"tags":[323030,14,93,94,251325,1537,90,89,218976,325623,7,15,243,11,84,91,12,85,92],"class_list":["post-666758","post","type-post","status-publish","format-standard","has-post-thumbnail","category-italia","tag-crollo-termico","tag-cronaca","tag-cronaca-italiana","tag-cronacaitaliana","tag-giuliacci","tag-it","tag-italia","tag-italy","tag-mario-giuliacci","tag-meteo-giuliacci","tag-news","tag-notizie","tag-ultima-ora","tag-ultime-notizie","tag-ultime-notizie-e-news-di-oggi","tag-ultime-notizie-italia","tag-ultimenotizie","tag-ultimenotizieenewsdioggi","tag-ultimenotizieitalia"],"share_on_mastodon":{"url":"https:\/\/pubeurope.com\/@it\/117219907835224960","error":""},"_links":{"self":[{"href":"https:\/\/www.europesays.com\/it\/wp-json\/wp\/v2\/posts\/666758","targetHints":{"allow":["GET"]}}],"collection":[{"href":"https:\/\/www.europesays.com\/it\/wp-json\/wp\/v2\/posts"}],"about":[{"href":"https:\/\/www.europesays.com\/it\/wp-json\/wp\/v2\/types\/post"}],"author":[{"embeddable":true,"href":"https:\/\/www.europesays.com\/it\/wp-json\/wp\/v2\/users\/3"}],"replies":[{"embeddable":true,"href":"https:\/\/www.europesays.com\/it\/wp-json\/wp\/v2\/comments?post=666758"}],"version-history":[{"count":0,"href":"https:\/\/www.europesays.com\/it\/wp-json\/wp\/v2\/posts\/666758\/revisions"}],"wp:featuredmedia":[{"embeddable":true,"href":"https:\/\/www.europesays.com\/it\/wp-json\/wp\/v2\/media\/666759"}],"wp:attachment":[{"href":"https:\/\/www.europesays.com\/it\/wp-json\/wp\/v2\/media?parent=666758"}],"wp:term":[{"taxonomy":"category","embeddable":true,"href":"https:\/\/www.europesays.com\/it\/wp-json\/wp\/v2\/categories?post=666758"},{"taxonomy":"post_tag","embeddable":true,"href":"https:\/\/www.europesays.com\/it\/wp-json\/wp\/v2\/tags?post=666758"}],"curies":[{"name":"wp","href":"https:\/\/api.w.org\/{rel}","templated":true}]}}