{"id":666781,"date":"2026-09-05T19:05:14","date_gmt":"2026-09-05T19:05:14","guid":{"rendered":"https:\/\/www.europesays.com\/it\/666781\/"},"modified":"2026-09-05T19:05:14","modified_gmt":"2026-09-05T19:05:14","slug":"da-lunedi-dieta-settembre-il-mese-del-pentimento-e-la-bilancia-presenta-il-conto-delle-vacanze","status":"publish","type":"post","link":"https:\/\/www.europesays.com\/it\/666781\/","title":{"rendered":"&#8220;Da luned\u00ec dieta&#8221;: settembre, il mese del pentimento. E la bilancia presenta il conto delle vacanze"},"content":{"rendered":"<p class=\"isSelectedEnd\">A settembre succede una cosa curiosa. Disfiamo la valigia, rimettiamo la sveglia sul comodino e, quasi contemporaneamente, iniziamo a guardare il frigorifero con sospetto. Il gelato delle undici di sera, l\u2019aperitivo diventato una categoria alimentare e quella cena che doveva essere \u201cleggera\u201d sembrano improvvisamente presentare il conto.<\/p>\n<p class=\"isSelectedEnd\">Ed ecco comparire la parola magica: <strong>detox<\/strong>. Tre giorni di succhi, digiuno intermittente improvvisato, tisane dal nome esotico e promesse di \u201celiminare le tossine\u201d. Come se il corpo, al ritorno dalle ferie, avesse bisogno del tagliando. Ma serve davvero?<\/p>\n<p><strong>Il corpo non aspetta settembre per depurarsi<\/strong><\/p>\n<p class=\"isSelectedEnd\">La prima buona notizia \u00e8 che possediamo gi\u00e0 un sistema detox. Anzi, diversi. <strong>Fegato e reni lavorano continuamente per trasformare ed eliminare molte sostanze di scarto<\/strong>, con la collaborazione di intestino, polmoni e altri sistemi dell&#8217;organismo.\u00a0Il termine \u201ctossine\u201d, invece, nelle pubblicit\u00e0 delle diete depurative \u00e8 spesso utilizzato in maniera molto pi\u00f9 vaga. Quali tossine? In quale quantit\u00e0? E attraverso quale meccanismo un succo dovrebbe eliminarle?<\/p>\n<p class=\"isSelectedEnd\">Una revisione pubblicata sul Journal of Human Nutrition and Dietetics ha rilevato che le prove cliniche a sostegno delle diete detox per eliminare tossine o controllare il peso sono scarse e metodologicamente deboli. Anche il National Center for Complementary and Integrative Health statunitense sottolinea che gli studi disponibili sui programmi \u201cdetox\u201d sono pochi e di qualit\u00e0 limitata.<\/p>\n<p class=\"isSelectedEnd\"><strong>In altre parole, dopo le vacanze non abbiamo bisogno di \u201cripulire\u201d l&#8217;organismo: abbiamo soprattutto bisogno di recuperare una routine.<\/strong><\/p>\n<p>    <a href=\"https:\/\/www.mondosanita.it\/news\/salute\/108881\/digiuno-intermittente-fa-davvero-dimagrire-piu-di-una-dieta-tradizionale.html?utm_source=VCMS_correlati\" class=\"vc_cont_image\" rel=\"nofollow noopener\" target=\"_blank\"><img decoding=\"async\" class=\"vc_image\" src=\"https:\/\/mondosanita.cdn.m33cloud.com\/resizer\/150\/-1\/true\/2026_08_31\/ChatGPT_Image_31_ago_2026%2C_16_02_56-1788185003806.jpg--digiuno_intermittente__fa_davvero_dimagrire_piu_di_una_dieta_tradizionale_.webp?1788185004261\"\/><\/a><\/p>\n<p><strong>Ma allora quei chili da dove arrivano?<\/strong><\/p>\n<p class=\"isSelectedEnd\">La bilancia di settembre pu\u00f2 effettivamente mostrare qualche numero in pi\u00f9. Non significa per\u00f2 che ogni grammo sia diventato grasso.\u00a0Pasti pi\u00f9 abbondanti, maggiore consumo di sale e carboidrati, alcol, meno movimento e orari irregolari possono modificare temporaneamente il peso anche attraverso acqua e contenuto intestinale. Ecco perch\u00e9 trasformare il primo luned\u00ec di settembre in una punizione alimentare \u00e8 una strategia poco sensata.<\/p>\n<p class=\"isSelectedEnd\">Le diete drasticamente ipocaloriche possono far scendere rapidamente il peso proprio perch\u00e9 introducono pochissima energia e modificano acqua e riserve di glicogeno. <strong>Il problema \u00e8 confondere una rapida variazione sulla bilancia con un risultato stabile.\u00a0<\/strong>E il corpo, per fortuna, non tiene un registro morale delle cene in vacanza. Non bisogna espiare la carbonara.<\/p>\n<p><strong>Il vero \u201creset\u201d si fa a tavola<\/strong><\/p>\n<p class=\"isSelectedEnd\">Per tornare alla normalit\u00e0 pu\u00f2 essere molto pi\u00f9 utile fare qualcosa di decisamente meno spettacolare: ricominciare a mangiare normalmente.\u00a0Le indicazioni aggiornate dell&#8217;Organizzazione mondiale della sanit\u00e0 mettono al centro quattro principi: adeguatezza, equilibrio, moderazione e variet\u00e0. Per adulti e ragazzi sopra i dieci anni l&#8217;OMS indica inoltre <strong>almeno 400 grammi al giorno di frutta e verdura e almeno 25 grammi di fibre alimentari<\/strong>, privilegiando cereali integrali, legumi, vegetali e alimenti poco o minimamente trasformati.<\/p>\n<p class=\"isSelectedEnd\">Tradotto nella cucina di settembre: verdure ai pasti, frutta, legumi, cereali preferibilmente integrali, fonti proteiche varie e acqua come bevanda abituale. E tornare a porzioni compatibili con fame e fabbisogno, invece di oscillare tra l&#8217;abbuffata e il digiuno.\u00a0Occhio anche ai succhi \u201csalutisti\u201d: <strong>il fatto che una bevanda venga da un frutto non significa che equivalga al frutto intero<\/strong>. L&#8217;OMS ricorda che anche i succhi senza zuccheri aggiunti possono fornire quantit\u00e0 significative di zuccheri liberi, da limitare.<\/p>\n<p class=\"isSelectedEnd\">\n    <a href=\"https:\/\/www.mondosanita.it\/news\/salute\/108858\/camminare-dopo-i-pasti-fa-davvero-bene-cosa-succede-a-glicemia-cuore-e-metabolismo.html?utm_source=VCMS_correlati\" class=\"vc_cont_image\" rel=\"nofollow noopener\" target=\"_blank\"><img decoding=\"async\" class=\"vc_image\" src=\"https:\/\/mondosanita.cdn.m33cloud.com\/resizer\/150\/-1\/true\/2026_08_31\/ChatGPT_Image_31_ago_2026%2C_12_31_57-1788172324869.jpg--camminare_dopo_i_pasti_fa_davvero_bene__cosa_succede_a_glicemia__cuore_e_metabolismo.webp?1788172325358\"\/><\/a><\/p>\n<p><strong>Anche le gambe fanno parte della dieta<\/strong><\/p>\n<p class=\"isSelectedEnd\">Il rientro in forma non passa soltanto dal piatto. Riprendere gradualmente a camminare, fare sport, usare le scale e interrompere le lunghe ore seduti aiuta a ristabilire il normale equilibrio tra energia introdotta e consumata.\u00a0E poi c&#8217;\u00e8 il grande dimenticato di settembre: il sonno. Tornare a orari pi\u00f9 regolari dopo settimane di giornate allungate e cene tardive significa ricostruire una routine complessiva, non soltanto alimentare.<\/p>\n<p class=\"isSelectedEnd\">Il punto \u00e8 proprio questo: <strong>non serve fare tutto perfettamente da luned\u00ec mattina. Serve riuscire a farlo abbastanza bene anche il luned\u00ec successivo.<\/strong><\/p>\n<p><strong>Quando il fai-da-te non \u00e8 una buona idea<\/strong><\/p>\n<p class=\"isSelectedEnd\">Digiuni prolungati e regimi estremamente restrittivi non sono innocui per tutti. Una recente revisione dedicata ai prodotti e alle tisane commercializzati come \u201cdiet\u201d e \u201cdetox tea\u201d ha trovato prove limitate sui benefici per il peso e segnalazioni di possibili effetti avversi, comprese alterazioni degli elettroliti e danni epatici.<\/p>\n<p class=\"isSelectedEnd\">Particolare prudenza \u00e8 necessaria in gravidanza e allattamento, nei minori, negli anziani fragili e per chi soffre di diabete, malattie renali, epatiche o altre patologie o assume farmaci. In questi casi, cambiamenti importanti dell&#8217;alimentazione vanno discussi con medico o professionista sanitario qualificato.\u00a0Se invece l&#8217;obiettivo \u00e8 perdere un aumento di peso significativo e persistente, meglio evitare scorciatoie e costruire un percorso adeguato alla propria situazione.<\/p>\n<p>A settembre, dunque, possiamo lasciare il frullatore tranquillo. <strong>Il miglior detox dopo le vacanze potrebbe essere molto meno esotico: tornare alla normalit\u00e0.<\/strong> E, possibilmente, senza dichiarare guerra al piatto di pasta.<\/p>\n<p><img loading=\"lazy\" decoding=\"async\" src=\"https:\/\/www.europesays.com\/it\/wp-content\/uploads\/2026\/09\/ChatGPT_Image_4_set_2026,_12_04_43-1788516306705.webp\" alt=\"\" width=\"1024\" height=\"1536\" caption=\"false\"\/><\/p>\n<p>\u2e3b<\/p>\n<p class=\"isSelectedEnd\">World Health Organization \u2013 Healthy diet \u2013 aggiornamento 26 gennaio 2026<\/p>\n<p class=\"isSelectedEnd\">Klein A.V., Kiat H. \u2013 Detox diets for toxin elimination and weight management: a critical review of the evidence \u2013 Journal of Human Nutrition and Dietetics, 2015<\/p>\n<p class=\"isSelectedEnd\">National Center for Complementary and Integrative Health (NIH) \u2013 \u201cDetoxes\u201d and \u201cCleanses\u201d: What You Need To Know<\/p>\n<p>Frontiers in Nutrition \u2013 Safety and effectiveness of diet and detox teas for weight loss: a mini-review \u2013 2026<\/p>\n","protected":false},"excerpt":{"rendered":"A settembre succede una cosa curiosa. Disfiamo la valigia, rimettiamo la sveglia sul comodino e, quasi contemporaneamente, iniziamo&hellip;\n","protected":false},"author":3,"featured_media":666782,"comment_status":"","ping_status":"","sticky":false,"template":"","format":"standard","meta":{"footnotes":"","_share_on_mastodon":"0"},"categories":[175],"tags":[54937,367430,171010,87916,367431,239,1537,90,89,357572,325067,324197,810,9222,240],"class_list":["post-666781","post","type-post","status-publish","format-standard","has-post-thumbnail","category-salute","tag-detox","tag-dieta-depurativa","tag-diete-detox","tag-digiuno-intermittente","tag-frutta-e-verdura","tag-health","tag-it","tag-italia","tag-italy","tag-journal-of-human-nutrition-and-dietetics","tag-mondosanita","tag-national-center-for-complementary-and-integrative-health","tag-oms","tag-organizzazione-mondiale-della-sanita","tag-salute"],"share_on_mastodon":{"url":"https:\/\/pubeurope.com\/@it\/117219999231864405","error":""},"_links":{"self":[{"href":"https:\/\/www.europesays.com\/it\/wp-json\/wp\/v2\/posts\/666781","targetHints":{"allow":["GET"]}}],"collection":[{"href":"https:\/\/www.europesays.com\/it\/wp-json\/wp\/v2\/posts"}],"about":[{"href":"https:\/\/www.europesays.com\/it\/wp-json\/wp\/v2\/types\/post"}],"author":[{"embeddable":true,"href":"https:\/\/www.europesays.com\/it\/wp-json\/wp\/v2\/users\/3"}],"replies":[{"embeddable":true,"href":"https:\/\/www.europesays.com\/it\/wp-json\/wp\/v2\/comments?post=666781"}],"version-history":[{"count":0,"href":"https:\/\/www.europesays.com\/it\/wp-json\/wp\/v2\/posts\/666781\/revisions"}],"wp:featuredmedia":[{"embeddable":true,"href":"https:\/\/www.europesays.com\/it\/wp-json\/wp\/v2\/media\/666782"}],"wp:attachment":[{"href":"https:\/\/www.europesays.com\/it\/wp-json\/wp\/v2\/media?parent=666781"}],"wp:term":[{"taxonomy":"category","embeddable":true,"href":"https:\/\/www.europesays.com\/it\/wp-json\/wp\/v2\/categories?post=666781"},{"taxonomy":"post_tag","embeddable":true,"href":"https:\/\/www.europesays.com\/it\/wp-json\/wp\/v2\/tags?post=666781"}],"curies":[{"name":"wp","href":"https:\/\/api.w.org\/{rel}","templated":true}]}}