{"id":666812,"date":"2026-09-05T19:32:14","date_gmt":"2026-09-05T19:32:14","guid":{"rendered":"https:\/\/www.europesays.com\/it\/666812\/"},"modified":"2026-09-05T19:32:14","modified_gmt":"2026-09-05T19:32:14","slug":"ds-napoli-mctominay-i-veri-tempi-di-recupero-sono-questi-il-rinnovo","status":"publish","type":"post","link":"https:\/\/www.europesays.com\/it\/666812\/","title":{"rendered":"Ds Napoli: \u201cMcTominay, i veri tempi di recupero sono questi! Il rinnovo\u2026\u201d"},"content":{"rendered":"<p>\nGiovanni <strong>Manna<\/strong>, direttore sportivo del Napoli, ha parlato ai microfoni di DAZN nel pre-partita di Napoli-Inter. Il dirigente azzurro ha parlato in particolare di Scott <strong>McTominay<\/strong>, che si operer\u00e0 in Inghilterra per risolvere in via definitiva il <a href=\"https:\/\/www.sosfanta.com\/squadra\/napoli\/napoli-intervento-mctominay-quando-rientra\/\" rel=\"nofollow noopener\" target=\"_blank\">problema di aritmia al cuore<\/a>. Queste le sue dichiarazioni:\n<\/p>\n<p>\n<strong>TEMPI DI RECUPERO<\/strong> &#8211; &#8220;Ci sono <strong>28 giorni per l&#8217;idoneit\u00e0 sportiva<\/strong> perch\u00e9 prender\u00e0 farmaci anticoagulanti vietati. Per due settimane deve stare a riposo, poi riprende l&#8217;attivit\u00e0 agonistica senza contatti. Quindi al contrario di quello che ho letto, i tempi sono questi, poi magari il ragazzo sar\u00e0 in ritardo di condizione o ci saranno complicazioni, questo lo vedremo strada facendo. Ma per questo abbiamo scelto questo momento per l&#8217;intervento cos\u00ec c&#8217;\u00e8 la sosta per averlo ad ottobre quando ci saranno nove partite&#8221;.\n<\/p>\n<p>        <img src=\"https:\/\/www.europesays.com\/it\/wp-content\/uploads\/2026\/09\/IMG_8810-b039e3e7a37a-1200x675.jpg\"   width=\"711\" height=\"400\" alt=\"IMG_8810\" title=\"IMG_8810\" loading=\"eager\" fetchpriority=\"high\" decoding=\"sync\" class=\"w-full h-auto aspect-3\/2 object-cover object-top rounded-lg\"\/><\/p>\n<p>\n<strong>RINNOVO<\/strong> &#8211; &#8220;Lui ha detto se non sa se rinnover\u00e0 ma perch\u00e9 non \u00e8 questo l&#8217;argomento principale del momento. Ha due anni di contratto ancora, lui vuole rinnovare e anche noi, per\u00f2 le cose vanno fatte coincidere e non sempre \u00e8 semplice. Per\u00f2 noi ci stiamo provando&#8221;.<\/p>\n","protected":false},"excerpt":{"rendered":"Giovanni Manna, direttore sportivo del Napoli, ha parlato ai microfoni di DAZN nel pre-partita di Napoli-Inter. Il dirigente&hellip;\n","protected":false},"author":3,"featured_media":666813,"comment_status":"","ping_status":"","sticky":false,"template":"","format":"standard","meta":{"footnotes":"","_share_on_mastodon":"0"},"categories":[176],"tags":[1109,47040,160941,2759,160943,367448,1537,90,89,50651,248,66,3279,245,244,3971,160980],"class_list":["post-666812","post","type-post","status-publish","format-standard","has-post-thumbnail","category-sport","tag-direttore","tag-direttore-sportivo","tag-direttore-sportivo-napoli","tag-giovanni","tag-giovanni-manna","tag-giovanni-manna-direttore","tag-it","tag-italia","tag-italy","tag-mctominay","tag-napoli","tag-parlato","tag-recupero","tag-sport","tag-sports","tag-tempi","tag-tempi-recupero"],"share_on_mastodon":{"url":"","error":""},"_links":{"self":[{"href":"https:\/\/www.europesays.com\/it\/wp-json\/wp\/v2\/posts\/666812","targetHints":{"allow":["GET"]}}],"collection":[{"href":"https:\/\/www.europesays.com\/it\/wp-json\/wp\/v2\/posts"}],"about":[{"href":"https:\/\/www.europesays.com\/it\/wp-json\/wp\/v2\/types\/post"}],"author":[{"embeddable":true,"href":"https:\/\/www.europesays.com\/it\/wp-json\/wp\/v2\/users\/3"}],"replies":[{"embeddable":true,"href":"https:\/\/www.europesays.com\/it\/wp-json\/wp\/v2\/comments?post=666812"}],"version-history":[{"count":0,"href":"https:\/\/www.europesays.com\/it\/wp-json\/wp\/v2\/posts\/666812\/revisions"}],"wp:featuredmedia":[{"embeddable":true,"href":"https:\/\/www.europesays.com\/it\/wp-json\/wp\/v2\/media\/666813"}],"wp:attachment":[{"href":"https:\/\/www.europesays.com\/it\/wp-json\/wp\/v2\/media?parent=666812"}],"wp:term":[{"taxonomy":"category","embeddable":true,"href":"https:\/\/www.europesays.com\/it\/wp-json\/wp\/v2\/categories?post=666812"},{"taxonomy":"post_tag","embeddable":true,"href":"https:\/\/www.europesays.com\/it\/wp-json\/wp\/v2\/tags?post=666812"}],"curies":[{"name":"wp","href":"https:\/\/api.w.org\/{rel}","templated":true}]}}