{"id":666823,"date":"2026-09-05T19:38:14","date_gmt":"2026-09-05T19:38:14","guid":{"rendered":"https:\/\/www.europesays.com\/it\/666823\/"},"modified":"2026-09-05T19:38:14","modified_gmt":"2026-09-05T19:38:14","slug":"rally-1000-miglia-interrotto-spettatore-investito-e-ucciso-da-unauto-in-gara","status":"publish","type":"post","link":"https:\/\/www.europesays.com\/it\/666823\/","title":{"rendered":"Rally 1000 Miglia interrotto, spettatore investito e ucciso da un&#8217;auto in gara"},"content":{"rendered":"<p>    di<br \/>\n    Luca Bertelli e Mara Rodella<\/p>\n<p class=\"summary-art is-line-h-12\">L&#8217;incidente a Bione, dopo la prova una vettura \u00e8 uscita di strada e ha travolto un 63enne del Torinese<\/p>\n<p class=\"chapter-paragraph\">Grande appassionato di motori, era partito dal Piemonte insieme alla moglie e alla figlia (illese),  per la precisione da Caselle Torinese, per raggiungere la provincia di Brescia e assistere alla 49esima edizione del Rally Mille Miglia. La sua ultima. Francesco De Pasquale, 63 anni, \u00e8 stato travolto e ucciso nel primo pomeriggio a Bione, in Valsabbia, da una delle vetture in gara: alle 14.56 la Skoda Fabia numero 42 guidata da Alessandro Zorzi \u2014 pilota 50enne di Castiglione delle Stiviere  (al suo fianco il navigatore Fabio Berisonzi, non correvano insieme da un anno, proprio dal Rally Mille Miglia 2025) \u2014  del team mantovano Erreffe l\u2019ha investito al termine della sesta prova, la quarta di giornata. Stando a quanto ricostruito, l\u2019auto sarebbe uscita di strada, dritta, all\u2019altezza del tornante successivo al cartello che indicava proprio la fine della prova speciale. Per  poi finire la sua corsa  in un fossato. Una zona di decelerazione dunque. Se all\u2019origine dello schianto possa esserci stato un problema tecnico lo chiariranno solo gli accertamenti.<\/p>\n<p class=\"chapter-paragraph\">In quel momento il 63enne pare stesse scattando alcune fotografie in prossimit\u00e0 della curva. La sua posizione esatta sar\u00e0 dirimente nella ricostruzione della dinamica dello schianto: da una prima ricostruzione per\u00f2 sembra che si trovasse in un punto \u00absicuro\u00bb quindi regolare,  consentito al pubblico.   Gli accertamenti dovranno inoltre ricostruire la traiettoria precisa della Skoda  e la sequenza esatta che ha portato all\u2019incidente mortale.<br \/>La gara \u00e8 stata prima interrotta, poi sospesa del tutto: annullato l\u2019arrivo degli equipaggi in centro storico a Brescia, come da programma. \u00abProfondo cordoglio alla famiglia della vittima\u00bb \u00e8 stato espresso dal presidente dell\u2019Aci di Brescia di Brescia, Aldo Bonomi, anche a nome dell\u2019Automobile Club Italia: \u00abNon ci sono molti commenti da fare, parole da aggiungere, il dolore \u00e8 grande. \u00c8 stata una disgrazia, ne prendiamo atto\u00bb ha detto con la voce spezzata, molto provato per quanto accaduto.    &#13;<br \/>\n&#13;<br \/>\n&#13;<br \/>\n&#13;<br \/>\n&#13;<br \/>\n&#13;<br \/>\n&#13;<br \/>\n&#13;<br \/>\n&#13;<br \/>\n&#13;<br \/>\n&#13;<br \/>\n&#13;<br \/>\n&#13;<br \/>\n&#13;<br \/>\n&#13;<br \/>\n&#13;<br \/>\n&#13;<br \/>\n&#13;<br \/>\n&#13;<br \/>\n&#13;<br \/>\n&#13;<br \/>\n&#13;<br \/>\n&#13;<br \/>\n&#13;<br \/>\n&#13;<br \/>\n&#13;<br \/>\n&#13;<br \/>\n&#13;<br \/>\n&#13;<br \/>\n&#13;<br \/>\n&#13;<br \/>\n&#13;<br \/>\n&#13;<br \/>\n&#13;<br \/>\n&#13;<br \/>\n&#13;<br \/>\n&#13;<br \/>\n&#13;<br \/>\n&#13;<br \/>\n&#13;<br \/>\n&#13;<br \/>\n&#13;<br \/>\n&#13;<br \/>\n&#13;<br \/>\n&#13;<br \/>\n&#13;<br \/>\n&#13;<br \/>\n&#13;<br \/>\n&#13;<br \/>\n&#13;<br \/>\n&#13;<br \/>\n&#13;<br \/>\n&#13;\n<\/p>\n<p class=\"chapter-paragraph\">Sull\u2019asfalto, restano i segni della frenata per circa sette metri. Alle 14.57 le partenze  sono state inibite. \u00abAbbiamo fatto partire immediatamente i soccorsi\u00bb, alle 14.59, ha spiegato il direttore di gara. Ma non c\u2019\u00e8 stato nulla da fare. Secondo il medico di gara, \u00ablo spettatore vittima dell\u2019incidente \u00e8 deceduto sul colpo, secondo i primi accertamenti\u00bb a causa dei politraumi riportati. La Procura ha aperto un\u2019inchiesta, titolare del fascicolo la pm di turno Francesca Sussarello, che dovr\u00e0 ora analizzare verbali e testimonianze utili: sotto sequestro \u00e8 finita la vettura coinvolta nell&#8217;incidente.\u00a0<\/p>\n<p class=\"chapter-paragraph\">Venerd\u00ec in fiamme era finita l&#8217;auto di Pedersoli, il pi\u00f9 atteso dai bresciani, sabato mattina, invece, <a href=\"https:\/\/brescia.corriere.it\/notizie\/cronaca\/26_settembre_05\/rally-mille-miglia-auto-esce-di-strada-e-finisce-nella-scarpata-7b280a94-db7d-40cb-9233-966501a22xlk.shtml\" title=\"Rally Mille Miglia, auto esce di strada e finisce nella scarpata\" rel=\"nofollow noopener\" target=\"_blank\">un&#8217;altra vettura \u00e8 finita in una scarpata<\/a>.\u00a0 La gara \u00e8 stata sospesa quando in testa c&#8217;era nettamente Andrea Crugnola.<\/p>\n<p class=\"chapter-paragraph\">In programma oggi, sabato 6 settembre, c&#8217;erano le ultime sei prove speciali, ricavate su tre tratti da ripetere due volte: \u201cBione\u201d (6,130 km), \u201cMarmentino\u201d (17,350 km) e \u201cSabbio Chiese-Dall\u2019Era Valerio\u201d (9,000 km). In mattinata li hanno percorsi tutti, alla prima tappa del secondo e ultimo giro a Bione il drammatico incidente. La gara non si chiuder\u00e0 in centro storico a Brescia come da programma, \u00e8 stata ufficialmente sospesa.\u00a0<\/p>\n<p class=\"is-mr-t-20 is-mr-b-20\"><b><br \/>\n                    <a href=\"https:\/\/brescia.corriere.it\/?intcmp=Notizielocali_nd_010623_corriere_ss_brescia\" target=\"_blank\" rel=\"nofollow noopener\">Vai a tutte le notizie di Brescia<\/a><br \/>\n            <\/b><\/p>\n<p class=\"is-last-update\" datetime=\"2026-09-05T21:07:59+02:00\">5 settembre 2026 ( modifica il 5 settembre 2026 | 21:07)<\/p>\n<p class=\"is-copyright\">\n            \u00a9 RIPRODUZIONE RISERVATA\n        <\/p>\n","protected":false},"excerpt":{"rendered":"di Luca Bertelli e Mara Rodella L&#8217;incidente a Bione, dopo la prova una vettura \u00e8 uscita di strada&hellip;\n","protected":false},"author":3,"featured_media":666824,"comment_status":"","ping_status":"","sticky":false,"template":"","format":"standard","meta":{"footnotes":"","_share_on_mastodon":"0"},"categories":[79],"tags":[2801,2765,367459,6073,367460,104,10494,367461,14,93,94,214220,846,629,298,23102,1537,90,89,4639,6172,61,295092,7,15,897,4696,30856,367462,367463,21393,2841,22469,24935,39950,15687,7946,367464,367465,3726,36896,43101,4584,11,84,91,12,85,92,11546],"class_list":["post-666823","post","type-post","status-publish","format-standard","has-post-thumbnail","category-italia","tag-accertamenti","tag-auto","tag-bione","tag-brescia","tag-brescia-programma","tag-centro","tag-centro-storico","tag-centro-storico-brescia","tag-cronaca","tag-cronaca-italiana","tag-cronacaitaliana","tag-esatta","tag-finita","tag-gara","tag-incidente","tag-investito","tag-it","tag-italia","tag-italy","tag-km","tag-miglia","tag-mille","tag-mille-miglia","tag-news","tag-notizie","tag-programma","tag-prova","tag-rally","tag-rally-mille","tag-rally-mille-miglia","tag-ricostruzione","tag-sabato","tag-schianto","tag-skoda","tag-sospesa","tag-spettatore","tag-storico","tag-storico-brescia","tag-storico-brescia-programma","tag-strada","tag-torinese","tag-travolto","tag-ucciso","tag-ultime-notizie","tag-ultime-notizie-e-news-di-oggi","tag-ultime-notizie-italia","tag-ultimenotizie","tag-ultimenotizieenewsdioggi","tag-ultimenotizieitalia","tag-vettura"],"share_on_mastodon":{"url":"","error":"Validation failed: Text character limit of 500 exceeded"},"_links":{"self":[{"href":"https:\/\/www.europesays.com\/it\/wp-json\/wp\/v2\/posts\/666823","targetHints":{"allow":["GET"]}}],"collection":[{"href":"https:\/\/www.europesays.com\/it\/wp-json\/wp\/v2\/posts"}],"about":[{"href":"https:\/\/www.europesays.com\/it\/wp-json\/wp\/v2\/types\/post"}],"author":[{"embeddable":true,"href":"https:\/\/www.europesays.com\/it\/wp-json\/wp\/v2\/users\/3"}],"replies":[{"embeddable":true,"href":"https:\/\/www.europesays.com\/it\/wp-json\/wp\/v2\/comments?post=666823"}],"version-history":[{"count":0,"href":"https:\/\/www.europesays.com\/it\/wp-json\/wp\/v2\/posts\/666823\/revisions"}],"wp:featuredmedia":[{"embeddable":true,"href":"https:\/\/www.europesays.com\/it\/wp-json\/wp\/v2\/media\/666824"}],"wp:attachment":[{"href":"https:\/\/www.europesays.com\/it\/wp-json\/wp\/v2\/media?parent=666823"}],"wp:term":[{"taxonomy":"category","embeddable":true,"href":"https:\/\/www.europesays.com\/it\/wp-json\/wp\/v2\/categories?post=666823"},{"taxonomy":"post_tag","embeddable":true,"href":"https:\/\/www.europesays.com\/it\/wp-json\/wp\/v2\/tags?post=666823"}],"curies":[{"name":"wp","href":"https:\/\/api.w.org\/{rel}","templated":true}]}}