{"id":666875,"date":"2026-09-05T20:26:15","date_gmt":"2026-09-05T20:26:15","guid":{"rendered":"https:\/\/www.europesays.com\/it\/666875\/"},"modified":"2026-09-05T20:26:15","modified_gmt":"2026-09-05T20:26:15","slug":"liam-e-noel-gallagher-presentano-a-venezia-il-documentario-sugli-oasis-prima-della-reunion-i-nostri-figli-non-si-conoscevano","status":"publish","type":"post","link":"https:\/\/www.europesays.com\/it\/666875\/","title":{"rendered":"Liam e Noel Gallagher presentano a Venezia il documentario sugli Oasis: \u00abPrima della reunion i nostri figli non si conoscevano\u00bb"},"content":{"rendered":"<p>    di<br \/>\n    Chiara Maffioletti<\/p>\n<p class=\"summary-art is-line-h-12\">\u00abOasis: Don\u2019t Look Back In Anger\u00bb al cinema dal 10 settembre e presentato Fuori Concorso alla Mostra racconta il dietro le quinte del ritorno della band<\/p>\n<p class=\"chapter-paragraph\">DALLA NOSTRA INVIATA<br \/>VENEZIA &#8211; Si affacciano assieme, dallo stesso motoscafo che li porta al Lido. Poi, in serata, il tappeto rosso, assieme. La folla urla impazzita, perch\u00e9 la storia di Liam e Noel Gallagher \u2014 i due fratelli geniali che hanno dato vita a una della band pi\u00f9 gigantesche di tutti i tempi, gli Oasis, ma che  nel tempo hanno trasformato i loro nomi nel  simbolo  della discordia e della rivalit\u00e0 \u2014 non \u00e8 solamente quella di due musicisti venerati in tutto il mondo, ma \u00e8 \u2014 forse soprattutto \u2014 quella di due fratelli che trovano il modo di riconciliarsi facendo assieme quello che sono pi\u00f9 bravi a fare:   musica. <b>Oasis: Don\u2019t Look Back In Anger, il documentario (al cinema dal 10 settembre) sulla reunion pi\u00f9 insperata di sempre, presentato Fuori Concorso alla Mostra<\/b>,  in poco pi\u00f9 di due ore immortala il piccolo miracolo che ha portato nuovamente sullo stesso palco, dopo quindici anni, i due ex ragazzi di Manchester, svelando finalmente che il loro ritorno non era solo una furba operazione mediatica.<\/p>\n<p class=\"chapter-paragraph\">Ideato da Steven Knight (che, confermando che non \u00e8 mai esistito nessun copione, ha detto ieri: \u00abNessuna finzione sarebbe mai stata meglio della realt\u00e0 di quello che \u00e8 successo\u00bb), il documentario si apre con le prove del tour di ritorno degli Oasis del 2025. Si vede Noel che arriva puntuale. Saluta, suona, canta, scherza con gli altri della band. <b>Di Liam nessuna traccia fino a due giorni dopo, quando entra nell\u2019hangar adibito a studio, di pessimo umore. La prima cosa che dice dopo 15 anni non \u00e8 \u00abciao\u00bb<\/b>, ma perch\u00e9 sui pedali della batteria siano stati messi dei cuscinetti. \u00ab\u00c8 entrato scorbutico e se ne va scorbutico\u00bb, spiega Noel nell\u2019intervista che \u00e8 poi tra le chicche di questo progetto, anche perch\u00e9 \u00e8 la prima che li rivede assieme.\u00a0    &#13;<br \/>\n&#13;<br \/>\n&#13;<br \/>\n&#13;<br \/>\n&#13;<br \/>\n&#13;<br \/>\n&#13;<br \/>\n&#13;<br \/>\n&#13;<br \/>\n&#13;<br \/>\n&#13;<br \/>\n&#13;<br \/>\n&#13;<br \/>\n&#13;<br \/>\n&#13;<br \/>\n&#13;<br \/>\n&#13;<br \/>\n&#13;<br \/>\n&#13;<br \/>\n&#13;<br \/>\n&#13;<br \/>\n&#13;<br \/>\n&#13;<br \/>\n&#13;<br \/>\n&#13;<br \/>\n&#13;<br \/>\n&#13;<br \/>\n&#13;<br \/>\n&#13;<br \/>\n&#13;<br \/>\n&#13;<br \/>\n&#13;<br \/>\n&#13;<br \/>\n&#13;<br \/>\n&#13;<br \/>\n&#13;<br \/>\n&#13;<br \/>\n&#13;<br \/>\n&#13;<br \/>\n&#13;<br \/>\n&#13;<br \/>\n&#13;<br \/>\n&#13;<br \/>\n&#13;<br \/>\n&#13;<br \/>\n&#13;<br \/>\n&#13;<br \/>\n&#13;<br \/>\n&#13;<br \/>\n&#13;<br \/>\n&#13;<br \/>\n&#13;<br \/>\n&#13;\n<\/p>\n<p class=\"chapter-paragraph\">Eppure, poco a poco, suonando quelle canzoni che tanti anni prima li avevano consacrati, qualcosa inizia a girare. Piccoli lampi di calore, forse gioia ritrovata. Niente di clamoroso, almeno fino  al debutto del tour. A Noel tremano le gambe, anche perch\u00e9 nel frattempo il mondo \u00e8 impazzito tra caccia ai biglietti e desiderio di esserci comunque, anche fuori dagli stadi. Liam, invece, arriva venti minuti prima di  salire sul palco, a Cardiff.<b> Guarda Noel e gli dice solo: \u00abCome \u00e8 il catering?\u00bb. <\/b>Poi per\u00f2, pochi istanti prima di salire sul palco,  succede qualcosa:<b>  il fratello pi\u00f9 piccolo prende la mano dell\u2019altro, proprio davanti alla folla che esplode. Gente che piange, ma piange di gioia. <\/b>Un\u2019emozione che passa anche dallo schermo, perch\u00e9 condivisa da una massa di persone che in quei due fratelli che si perdonano vede  un pezzo della propria vita. \u00abQuando mi ha preso la mano ho pensato: cosa sta facendo?\u00bb, ammette Noel nel documentario. Ma poi capisce  che il gesto \u00e8 sincero. Lo ripeteranno a ogni data, ritrovando ogni volta affiatamento e \u2014 incredibile \u2014 stima. Liam non fa che ripetere che le canzoni sono tutte di Noel: \u00abMi fa piacere vederlo cantare di nuovo, sono sue\u00bb<\/p>\n<p class=\"chapter-paragraph\">Noel riconosce le doti da frontman del fratello: \u00abHa iniziato a cantare e  di colpo aveva  30 anni di meno. <b>Nessuno tiene il palco come lui: si mette il tamburello in testa e sembra un figo,<\/b> se lo facessi io sembrerei un idiota (l\u2019espressione \u00e8 pi\u00f9 colorita, ndr.). Il racconto si intreccia con le storie di fan della band (\u00abper me il loro ritorno \u00e8 come la rinascita di Cristo\u00bb, dice uno), ma anche con aneddoti personali: \u00ab<b>I nostri figli finora non si conoscevano. Adesso sono diventati migliori amici, sono sempre assieme\u00bb<\/b>. Ed \u00e8 forse questo quello che colpisce, il fatto che aver scelto di perdonarsi abbia fatto  bene a tante persone. Compresi loro, che se singolarmente sono Liam e Noel Gallagher, solo insieme diventano gli Oasis<\/p>\n<p class=\"is-last-update\" datetime=\"2026-09-05T19:05:49+02:00\">5 settembre 2026 ( modifica il 5 settembre 2026 | 19:05)<\/p>\n<p class=\"is-copyright\">\n            \u00a9 RIPRODUZIONE RISERVATA\n        <\/p>\n","protected":false},"excerpt":{"rendered":"di Chiara Maffioletti \u00abOasis: Don\u2019t Look Back In Anger\u00bb al cinema dal 10 settembre e presentato Fuori Concorso&hellip;\n","protected":false},"author":3,"featured_media":666876,"comment_status":"","ping_status":"","sticky":false,"template":"","format":"standard","meta":{"footnotes":"","_share_on_mastodon":"0"},"categories":[1442],"tags":[279330,2478,17039,24562,279331,1585,4657,9797,640,73036,5274,367490,35706,11599,8784,144287,279335,203,2731,454,16748,322,3688,17874,19143,204,1537,90,89,19207,137949,367489,467,174013,279339,962,632,1521,4491,4335,1735,367491,367492,2298,27714,7386,3675],"class_list":["post-666875","post","type-post","status-publish","format-standard","has-post-thumbnail","category-film","tag-anger","tag-arriva","tag-assieme","tag-back","tag-back-anger","tag-band","tag-cantare","tag-canzoni","tag-cinema","tag-cinema-settembre","tag-concorso","tag-concorso-mostra","tag-conoscevano","tag-documentario","tag-don","tag-don-look","tag-don-look-back","tag-entertainment","tag-figli","tag-film","tag-folla","tag-fratelli","tag-fratello","tag-gallagher","tag-gioia","tag-intrattenimento","tag-it","tag-italia","tag-italy","tag-liam","tag-liam-noel","tag-liam-noel-gallagher","tag-look","tag-look-back","tag-look-back-anger","tag-mano","tag-mostra","tag-movies","tag-noel","tag-noel-gallagher","tag-oasis","tag-oasis-don","tag-oasis-don-look","tag-palco","tag-piange","tag-piccolo","tag-ritorno"],"share_on_mastodon":{"url":"","error":"Validation failed: Text character limit of 500 exceeded"},"_links":{"self":[{"href":"https:\/\/www.europesays.com\/it\/wp-json\/wp\/v2\/posts\/666875","targetHints":{"allow":["GET"]}}],"collection":[{"href":"https:\/\/www.europesays.com\/it\/wp-json\/wp\/v2\/posts"}],"about":[{"href":"https:\/\/www.europesays.com\/it\/wp-json\/wp\/v2\/types\/post"}],"author":[{"embeddable":true,"href":"https:\/\/www.europesays.com\/it\/wp-json\/wp\/v2\/users\/3"}],"replies":[{"embeddable":true,"href":"https:\/\/www.europesays.com\/it\/wp-json\/wp\/v2\/comments?post=666875"}],"version-history":[{"count":0,"href":"https:\/\/www.europesays.com\/it\/wp-json\/wp\/v2\/posts\/666875\/revisions"}],"wp:featuredmedia":[{"embeddable":true,"href":"https:\/\/www.europesays.com\/it\/wp-json\/wp\/v2\/media\/666876"}],"wp:attachment":[{"href":"https:\/\/www.europesays.com\/it\/wp-json\/wp\/v2\/media?parent=666875"}],"wp:term":[{"taxonomy":"category","embeddable":true,"href":"https:\/\/www.europesays.com\/it\/wp-json\/wp\/v2\/categories?post=666875"},{"taxonomy":"post_tag","embeddable":true,"href":"https:\/\/www.europesays.com\/it\/wp-json\/wp\/v2\/tags?post=666875"}],"curies":[{"name":"wp","href":"https:\/\/api.w.org\/{rel}","templated":true}]}}