{"id":666935,"date":"2026-09-05T21:19:19","date_gmt":"2026-09-05T21:19:19","guid":{"rendered":"https:\/\/www.europesays.com\/it\/666935\/"},"modified":"2026-09-05T21:19:19","modified_gmt":"2026-09-05T21:19:19","slug":"rai-1-cambia-tutto-da-lunedi-7-settembre-tornano-clerici-matano-balivo-e-unomattina","status":"publish","type":"post","link":"https:\/\/www.europesays.com\/it\/666935\/","title":{"rendered":"Rai 1, cambia tutto da luned\u00ec 7 settembre: tornano Clerici, Matano, Balivo e Unomattina"},"content":{"rendered":"<p>Il palinsesto estivo va in archivio e su <a href=\"https:\/\/www.ilmattino.it\/t\/rai-1\" rel=\"nofollow noopener\" target=\"_blank\"><strong>Rai 1<\/strong><\/a> torna quasi al completo la squadra del daytime. <strong>Luned\u00ec 7 settembre<\/strong> la rete ammiraglia inaugura la nuova stagione televisiva con una lunga staffetta che partir\u00e0 prima delle 6 del mattino e accompagner\u00e0 il pubblico fino al tardo pomeriggio. In poche ore torneranno alcuni dei volti pi\u00f9 riconoscibili della rete: da <a href=\"https:\/\/www.ilmattino.it\/t\/tiberio-timperi\" rel=\"nofollow noopener\" target=\"_blank\"><strong>Tiberio Timperi<\/strong><\/a> ad <a href=\"https:\/\/www.ilmattino.it\/t\/antonella-clerici\" rel=\"nofollow noopener\" target=\"_blank\"><strong>Antonella Clerici<\/strong><\/a>, passando per <a href=\"https:\/\/www.ilmattino.it\/t\/caterina-balivo\" rel=\"nofollow noopener\" target=\"_blank\"><strong>Caterina Balivo<\/strong><\/a> e <a href=\"https:\/\/www.ilmattino.it\/t\/alberto-matano\" rel=\"nofollow noopener\" target=\"_blank\"><strong>Alberto Matano<\/strong><\/a>.<\/p>\n<p>La giornata comincer\u00e0 con <strong>1mattina News<\/strong>, proseguir\u00e0 con un anniversario importante per <a href=\"https:\/\/www.ilmattino.it\/t\/unomattina\" rel=\"nofollow noopener\" target=\"_blank\"><strong>Unomattina<\/strong><\/a>, che entra nella stagione dei suoi 40 anni, e continuer\u00e0 con <a href=\"https:\/\/www.ilmattino.it\/t\/storie-italiane\" rel=\"nofollow noopener\" target=\"_blank\"><strong>Storie Italiane<\/strong><\/a> ed <a href=\"https:\/\/www.ilmattino.it\/t\/e-sempre-mezzogiorno\" rel=\"nofollow noopener\" target=\"_blank\"><strong>\u00c8 sempre mezzogiorno<\/strong><\/a>. Dopo il Tg1 toccher\u00e0 a <a href=\"https:\/\/www.ilmattino.it\/t\/la-volta-buona\" rel=\"nofollow noopener\" target=\"_blank\"><strong>La Volta Buona<\/strong><\/a>, <a href=\"https:\/\/www.ilmattino.it\/t\/il-paradiso-delle-signore\" rel=\"nofollow noopener\" target=\"_blank\"><strong>Il Paradiso delle Signore<\/strong><\/a> e <a href=\"https:\/\/www.ilmattino.it\/t\/vita-in-diretta\" rel=\"nofollow noopener\" target=\"_blank\"><strong>Vita in Diretta<\/strong><\/a>.<\/p>\n","protected":false},"excerpt":{"rendered":"Il palinsesto estivo va in archivio e su Rai 1 torna quasi al completo la squadra del daytime.&hellip;\n","protected":false},"author":3,"featured_media":666936,"comment_status":"","ping_status":"","sticky":false,"template":"","format":"standard","meta":{"footnotes":"","_share_on_mastodon":"0"},"categories":[1444],"tags":[10359,18205,39049,60591,97534,203,65316,204,1537,90,89,165010,2848,3501,64986,14404,253],"class_list":["post-666935","post","type-post","status-publish","format-standard","has-post-thumbnail","category-tv","tag-alberto-matano","tag-antonella-clerici","tag-caterina-balivo","tag-daniela-ferolla","tag-eleonora-daniele","tag-entertainment","tag-il-paradiso-delle-signore","tag-intrattenimento","tag-it","tag-italia","tag-italy","tag-massimiliano-ossini","tag-rai","tag-rai-1","tag-tg1","tag-tiberio-timperi","tag-tv"],"share_on_mastodon":{"url":"https:\/\/pubeurope.com\/@it\/117220525283409620","error":""},"_links":{"self":[{"href":"https:\/\/www.europesays.com\/it\/wp-json\/wp\/v2\/posts\/666935","targetHints":{"allow":["GET"]}}],"collection":[{"href":"https:\/\/www.europesays.com\/it\/wp-json\/wp\/v2\/posts"}],"about":[{"href":"https:\/\/www.europesays.com\/it\/wp-json\/wp\/v2\/types\/post"}],"author":[{"embeddable":true,"href":"https:\/\/www.europesays.com\/it\/wp-json\/wp\/v2\/users\/3"}],"replies":[{"embeddable":true,"href":"https:\/\/www.europesays.com\/it\/wp-json\/wp\/v2\/comments?post=666935"}],"version-history":[{"count":0,"href":"https:\/\/www.europesays.com\/it\/wp-json\/wp\/v2\/posts\/666935\/revisions"}],"wp:featuredmedia":[{"embeddable":true,"href":"https:\/\/www.europesays.com\/it\/wp-json\/wp\/v2\/media\/666936"}],"wp:attachment":[{"href":"https:\/\/www.europesays.com\/it\/wp-json\/wp\/v2\/media?parent=666935"}],"wp:term":[{"taxonomy":"category","embeddable":true,"href":"https:\/\/www.europesays.com\/it\/wp-json\/wp\/v2\/categories?post=666935"},{"taxonomy":"post_tag","embeddable":true,"href":"https:\/\/www.europesays.com\/it\/wp-json\/wp\/v2\/tags?post=666935"}],"curies":[{"name":"wp","href":"https:\/\/api.w.org\/{rel}","templated":true}]}}