{"id":666999,"date":"2026-09-05T22:10:16","date_gmt":"2026-09-05T22:10:16","guid":{"rendered":"https:\/\/www.europesays.com\/it\/666999\/"},"modified":"2026-09-05T22:10:16","modified_gmt":"2026-09-05T22:10:16","slug":"serie-b-i-risultati-di-oggi-vincono-catanzaro-empoli-e-ascoli","status":"publish","type":"post","link":"https:\/\/www.europesays.com\/it\/666999\/","title":{"rendered":"Serie B, i risultati di oggi: vincono Catanzaro, Empoli e Ascoli"},"content":{"rendered":"<p>                                In Serie B la formazione altoatesina e quella marchigiana si portano in testa alla classifica. L&#8217;Empoli vince 0-1 sul campo della Carrarese<\/p>\n<p class=\"paragraph\" spellcheck=\"true\">Il Catanzaro \u00e8 in piena crisi. Contro il Sudtirol \u00e8 arrivata la terza sconfitta di fila per la squadra di Gorgone: il club calabrese non era mai partito cos\u00ec male nella sua storia in Serie B. Al Druso succede tutto negli ultimi minuti: all\u201986\u2019 Burnete riceve in velocit\u00e0 e batte Pigliacelli, tre minuti pi\u00f9 tardi Mixtur la chiude sul 2-0. \u00c8 il terzo risultato utile di fila per gli uomini di Possanzini (due successi e un pari). I giallorossi invece sono ancora fermi a zero punti. Tanta tensione in Ascoli-Benevento, sfida tra neopromosse: prima dell\u2019intervallo Prisco lascia gli ospiti in dieci per una reazione spropositata dopo un fallo subito da Rizzo. La formazione di Floro Flores prova a reagire, ma all\u201984\u2019 \u00e8 un rigore del neo arrivato Brunori a consegnare il successo al gruppo di Tomei. L\u2019ex Sampdoria non segnava da sei mesi (22 marzo contro l\u2019Avellino). Maita e compagni restano a secco di vittorie in questo inizio di stagione: finora sono arrivati due ko e un pareggio.\u00a0<\/p>\n<p>        Bene l\u2019Empoli\u2014 \u00a0<\/p>\n<p class=\"paragraph\" spellcheck=\"true\">Il derby toscano tra Carrarese ed Empoli resta bloccato fino al 74\u2019, quando Popov &#8211; entrato dalla panchina &#8211; salta pi\u00f9 in alto di tutti su un cross di Magnino e porta avanti i suoi. L\u2019attaccante ucraino classe 2007 dopo i quattro gol nelle prime tre gare della scorsa stagione si era fermato. Ora ha regalato la vittoria alla squadra di Pagliuca, per gli uomini di Cioffi \u00e8 la seconda sconfitta casalinga su due. Tra domenica e luned\u00ec in campo tutte le altre gare: il Mantova sfida il Cesena in trasferta, il Modena ospita l\u2019Avellino. Chiude il terzo turno di campionato il posticipo di luned\u00ec tra Palermo e Sampdoria.<\/p>\n<p>    I risultati\u2014 \u00a0<\/p>\n<p class=\"paragraph is-inline\" spellcheck=\"true\">I risultati e i marcatori delle partite di oggi:<\/p>\n","protected":false},"excerpt":{"rendered":"In Serie B la formazione altoatesina e quella marchigiana si portano in testa alla classifica. L&#8217;Empoli vince 0-1&hellip;\n","protected":false},"author":3,"featured_media":667000,"comment_status":"","ping_status":"","sticky":false,"template":"","format":"standard","meta":{"footnotes":"","_share_on_mastodon":"0"},"categories":[1452],"tags":[50781,367546,13784,42801,83995,276473,721,921,11503,367547,11955,3220,109439,7714,5531,1820,1740,1974,1837,1976,1537,90,89,12046,1691,55312,3479,1739,245,244,27271,4960],"class_list":["post-666999","post","type-post","status-publish","format-standard","has-post-thumbnail","category-calcio","tag-ascoli","tag-ascoli-benevento","tag-avellino","tag-benevento","tag-brunori","tag-burnete","tag-calcio","tag-campo","tag-carrarese","tag-carrarese-empoli","tag-catanzaro","tag-chiude","tag-chiude-terzo","tag-crisi","tag-empoli","tag-fila","tag-football","tag-formazione","tag-gare","tag-gol","tag-it","tag-italia","tag-italy","tag-ko","tag-lunedi","tag-marcatori","tag-minuti","tag-soccer","tag-sport","tag-sports","tag-sudtirol","tag-terzo"],"share_on_mastodon":{"url":"https:\/\/pubeurope.com\/@it\/117220725760821670","error":""},"_links":{"self":[{"href":"https:\/\/www.europesays.com\/it\/wp-json\/wp\/v2\/posts\/666999","targetHints":{"allow":["GET"]}}],"collection":[{"href":"https:\/\/www.europesays.com\/it\/wp-json\/wp\/v2\/posts"}],"about":[{"href":"https:\/\/www.europesays.com\/it\/wp-json\/wp\/v2\/types\/post"}],"author":[{"embeddable":true,"href":"https:\/\/www.europesays.com\/it\/wp-json\/wp\/v2\/users\/3"}],"replies":[{"embeddable":true,"href":"https:\/\/www.europesays.com\/it\/wp-json\/wp\/v2\/comments?post=666999"}],"version-history":[{"count":0,"href":"https:\/\/www.europesays.com\/it\/wp-json\/wp\/v2\/posts\/666999\/revisions"}],"wp:featuredmedia":[{"embeddable":true,"href":"https:\/\/www.europesays.com\/it\/wp-json\/wp\/v2\/media\/667000"}],"wp:attachment":[{"href":"https:\/\/www.europesays.com\/it\/wp-json\/wp\/v2\/media?parent=666999"}],"wp:term":[{"taxonomy":"category","embeddable":true,"href":"https:\/\/www.europesays.com\/it\/wp-json\/wp\/v2\/categories?post=666999"},{"taxonomy":"post_tag","embeddable":true,"href":"https:\/\/www.europesays.com\/it\/wp-json\/wp\/v2\/tags?post=666999"}],"curies":[{"name":"wp","href":"https:\/\/api.w.org\/{rel}","templated":true}]}}