{"id":667019,"date":"2026-09-05T22:22:16","date_gmt":"2026-09-05T22:22:16","guid":{"rendered":"https:\/\/www.europesays.com\/it\/667019\/"},"modified":"2026-09-05T22:22:16","modified_gmt":"2026-09-05T22:22:16","slug":"covid-luomo-di-fauci-si-dichiara-colpevole-quando-manca-trasparenza-la-scienza-perde-fiducia","status":"publish","type":"post","link":"https:\/\/www.europesays.com\/it\/667019\/","title":{"rendered":"Covid, l\u2019uomo di Fauci si dichiara colpevole: quando manca trasparenza la scienza perde fiducia"},"content":{"rendered":"<p><strong>Il Covid torna a far discutere.<\/strong> Questa volta non in una terapia intensiva, ma in un <strong>tribunale americano<\/strong>.<\/p>\n<p><strong>David Morens<\/strong>, per sedici anni senior adviser nell\u2019Office of the Director del National Institute of Allergy and Infectious Diseases, l\u2019istituto guidato fino al 2022 da <strong>Anthony Fauci<\/strong>, si \u00e8 dichiarato <strong>colpevole di cospirazione per commettere reati e frodare gli Stati Uniti<\/strong>. Rischia fino a <strong>cinque anni di carcere<\/strong>. (Ministero della Giustizia)<\/p>\n<p><strong>Non \u00e8 una questione marginale.<\/strong><\/p>\n<p>Morens ha ammesso di aver concordato con altri l\u2019utilizzo del proprio account <strong>Gmail personale<\/strong> per mantenere fuori dai sistemi governativi comunicazioni che avrebbero potuto essere richieste attraverso il <strong>Freedom of Information Act<\/strong>. Si parlava di <strong>ricerca sui coronavirus<\/strong>, <strong>finanziamenti NIH<\/strong> e del tentativo di ripristinare un grant che comprendeva attivit\u00e0 svolte anche al <strong>Wuhan Institute of Virology<\/strong>. (Ministero della Giustizia)<\/p>\n<p>Attraverso quel canale vennero inoltre scambiate informazioni <strong>NIH non pubbliche<\/strong> e furono preparati materiali destinati a essere trasmessi, attraverso un canale informale, a un <strong>alto funzionario del NIAID<\/strong>. Dai documenti emerge anche una vicenda di <strong>gratificazioni illegali<\/strong> che comprendeva <strong>bottiglie di vino<\/strong> e <strong>promesse di cene<\/strong>. (Ministero della Giustizia)<\/p>\n<p>Ma attenzione: <strong>non \u00e8 la prova del \u201cvirus creato in laboratorio\u201d<\/strong><\/p>\n<p>\u00c8 qui che informazione e propaganda rischiano di separarsi.<\/p>\n<p>La confessione di Morens <strong>non dimostra<\/strong> che SARS-CoV-2 sia stato creato in laboratorio, n\u00e9 che una ricerca finanziata dagli Stati Uniti abbia provocato la pandemia.<\/p>\n<p>L\u2019indagine, sottolinea anche il <strong>New York Times<\/strong>, <strong>non ha prodotto finora prove dirette<\/strong> che scienziati o funzionari sanitari siano stati coinvolti in una ricerca che abbia originato o diffuso il virus. <strong>L\u2019origine di SARS-CoV-2 continua a essere controversa:<\/strong> alcune <strong>agenzie dell\u2019intelligence americana<\/strong> ritengono possibile un <strong>incidente di laboratorio<\/strong>, altre considerano pi\u00f9 probabile un\u2019<strong>origine naturale<\/strong>. Studi scientifici sull\u2019epidemiologia iniziale e sui campioni del mercato di Huanan hanno invece fornito elementi a favore dello <strong>spillover animale<\/strong>. (New York Times)<\/p>\n<p><strong>E Fauci?<\/strong><\/p>\n<p>Anche qui servono precisione e prudenza.<\/p>\n<p><strong>Fauci non \u00e8 accusato di alcun reato<\/strong> nel procedimento Morens. Nel 2024 disse al Congresso di non conoscere quelle attivit\u00e0 e defin\u00ec il comportamento dell\u2019ex collaboratore <strong>sbagliato e inappropriato<\/strong>. (New York Times)<\/p>\n<p>Ma il clima politico americano si \u00e8 fatto rovente. Il 29 luglio Fauci ha invocato ripetutamente il <strong>Quinto Emendamento<\/strong> davanti a una commissione del Senato e il 6 agosto la maggioranza repubblicana della commissione ha votato per dichiararlo in <strong>contempt of Congress<\/strong>. Invocare il Quinto Emendamento, per\u00f2, non significa ammettere una colpa. Fauci aveva inoltre ricevuto nel 2025 un <strong>perdono preventivo<\/strong> dal presidente <strong>Joe Biden<\/strong>, provvedimento che Biden precis\u00f2 non costituiva un riconoscimento di responsabilit\u00e0. (AP News)<\/p>\n<p><strong>La vera bomba \u00e8 la fiducia<\/strong><\/p>\n<p>Ed \u00e8 questa la lezione che interessa anche l\u2019<strong>Italia<\/strong>.<\/p>\n<p>Durante una pandemia chiediamo ai cittadini di fidarsi di <strong>vaccini, istituzioni, autorit\u00e0 regolatorie<\/strong> e decisioni prese spesso in condizioni di grande incertezza. Ma la <strong>fiducia non pu\u00f2 essere richiesta per decreto<\/strong>.<\/p>\n<p>Va guadagnata con <strong>trasparenza<\/strong>, <strong>dati accessibili<\/strong>, <strong>tracciabilit\u00e0 delle decisioni<\/strong>, <strong>dichiarazione dei conflitti d\u2019interesse<\/strong> e possibilit\u00e0 di <strong>controllo indipendente<\/strong>.<\/p>\n<p>La <strong>scienza deve poter sbagliare e cambiare idea<\/strong>: \u00e8 il suo metodo. Quello che non pu\u00f2 permettersi \u00e8 di dare l\u2019impressione di <strong>nascondere il confronto<\/strong>.<\/p>\n<p>Perch\u00e9 nel mondo delle fake news esiste un paradosso pericoloso: <strong>ogni documento sottratto alla trasparenza vale pi\u00f9 di cento campagne contro la disinformazione<\/strong>.<\/p>\n<p><strong>Difendere la scienza<\/strong>, quindi, non significa sottrarla al controllo. Significa renderla abbastanza forte da poterlo sopportare.<\/p>\n<p><img loading=\"lazy\" decoding=\"async\" src=\"https:\/\/www.europesays.com\/it\/wp-content\/uploads\/2026\/09\/ChatGPT_Image_5_set_2026,_18_57_25-1788627453676.webp\" alt=\"\" width=\"1086\" height=\"1448\" caption=\"false\"\/><\/p>\n<p><strong>Fonti:<\/strong><\/p>\n<ul>&#13;<\/p>\n<li>U.S. Department of Justice, <strong>Former Senior NIAID Official Pleads Guilty<\/strong>, 18 agosto 2026.<\/li>\n<p>&#13;<\/p>\n<li>New York Times, <strong>Benjamin Mueller<\/strong>, agosto e 5 settembre 2026.<\/li>\n<p>&#13;<\/p>\n<li>Associated Press, luglio-agosto 2026.<\/li>\n<p>&#13;<\/p>\n<li>U.S. House of Representatives, testimonianza di <strong>Anthony Fauci<\/strong>, 3 giugno 2024.<\/li>\n<p>&#13;\n<\/ul>\n","protected":false},"excerpt":{"rendered":"Il Covid torna a far discutere. Questa volta non in una terapia intensiva, ma in un tribunale americano.&hellip;\n","protected":false},"author":3,"featured_media":667020,"comment_status":"","ping_status":"","sticky":false,"template":"","format":"standard","meta":{"footnotes":"","_share_on_mastodon":"0"},"categories":[160],"tags":[335365,14,164,165,367559,367563,367562,71356,166,367560,16859,7,15,71159,11,167,12,168,185730,161,162,163,367561],"class_list":["post-667019","post","type-post","status-publish","format-standard","has-post-thumbnail","category-mondo","tag-anthony-fauci","tag-cronaca","tag-dal-mondo","tag-dalmondo","tag-david-morens","tag-department-of-justice","tag-freedom-of-information-act","tag-joe-biden","tag-mondo","tag-national-institute-of-allergy-and-infectious-diseases-niaid","tag-new-york-times","tag-news","tag-notizie","tag-sars-cov-2","tag-ultime-notizie","tag-ultime-notizie-di-mondo","tag-ultimenotizie","tag-ultimenotiziedimondo","tag-united-states","tag-world","tag-world-news","tag-worldnews","tag-wuhan-institute-of-virology"],"share_on_mastodon":{"url":"https:\/\/pubeurope.com\/@it\/117220772644266311","error":""},"_links":{"self":[{"href":"https:\/\/www.europesays.com\/it\/wp-json\/wp\/v2\/posts\/667019","targetHints":{"allow":["GET"]}}],"collection":[{"href":"https:\/\/www.europesays.com\/it\/wp-json\/wp\/v2\/posts"}],"about":[{"href":"https:\/\/www.europesays.com\/it\/wp-json\/wp\/v2\/types\/post"}],"author":[{"embeddable":true,"href":"https:\/\/www.europesays.com\/it\/wp-json\/wp\/v2\/users\/3"}],"replies":[{"embeddable":true,"href":"https:\/\/www.europesays.com\/it\/wp-json\/wp\/v2\/comments?post=667019"}],"version-history":[{"count":0,"href":"https:\/\/www.europesays.com\/it\/wp-json\/wp\/v2\/posts\/667019\/revisions"}],"wp:featuredmedia":[{"embeddable":true,"href":"https:\/\/www.europesays.com\/it\/wp-json\/wp\/v2\/media\/667020"}],"wp:attachment":[{"href":"https:\/\/www.europesays.com\/it\/wp-json\/wp\/v2\/media?parent=667019"}],"wp:term":[{"taxonomy":"category","embeddable":true,"href":"https:\/\/www.europesays.com\/it\/wp-json\/wp\/v2\/categories?post=667019"},{"taxonomy":"post_tag","embeddable":true,"href":"https:\/\/www.europesays.com\/it\/wp-json\/wp\/v2\/tags?post=667019"}],"curies":[{"name":"wp","href":"https:\/\/api.w.org\/{rel}","templated":true}]}}