{"id":667034,"date":"2026-09-05T22:38:16","date_gmt":"2026-09-05T22:38:16","guid":{"rendered":"https:\/\/www.europesays.com\/it\/667034\/"},"modified":"2026-09-05T22:38:16","modified_gmt":"2026-09-05T22:38:16","slug":"fabrizio-corona-minacciato-e-aggredito-500-euro-o-facciamo-del-male-a-te-e-alla-tua-famiglia-denunciati-due-ventenni-uno-e-figlio-di-un-giornalista-tv","status":"publish","type":"post","link":"https:\/\/www.europesays.com\/it\/667034\/","title":{"rendered":"Fabrizio Corona minacciato e aggredito: \u00ab500 euro o facciamo del male a te e alla tua famiglia\u00bb. Denunciati due ventenni: uno \u00e8 figlio di un giornalista tv"},"content":{"rendered":"<p>    di<br \/>\n    Redazione Milano<\/p>\n<p class=\"summary-art is-line-h-12\">Il conduttore di Falsissimo ha mostrato alla Polizia le chat intimidatorie e si \u00e8 presentato all&#8217;appuntamento per consegnare i soldi insieme a due volanti. I giovani hanno sfondato il parabrezza della sua Range Rover a colpi di catena<\/p>\n<p class=\"chapter-paragraph\"><b>Cinquecento euro in contanti.<\/b> Subito, senza attese. <b>\u00abAltrimenti faremo del male a te e a tuo figlio<\/b>\u00bb. A ricevere il messaggio \u00e8 l\u2019ex re dei paparazzi <b><a href=\"https:\/\/roma.corriere.it\/notizie\/cronaca\/26_settembre_03\/garante-della-privacy-sanzionato-fabrizio-corona-illecita-la-diffusione-delle-conversazioni-private-di-raoul-bova-9a77a303-997a-4c7a-8beb-4a1077c9dxlk.shtml\" rel=\"nofollow noopener\" target=\"_blank\">Fabrizio Corona<\/a><\/b>. \u00c8 la notte tra gioved\u00ec e venerd\u00ec 4 settembre quando Corona si presenta <b>in questura a Milano per mostrare e denunciare quelle chat <\/b>con <b>un amico del figlio, Carlos, avuto con Nina Moric.<\/b> Quel ragazzo e un altro giovane lo chiamano e poi gli scrivono per chiedere soldi. Alla fine gli danno appuntamento per la consegna dei contanti in<b> via No\u00e8, zona Citt\u00e0 Studi.\u00a0<\/b><\/p>\n<p class=\"chapter-paragraph\">Qui Corona per\u00f2 non va da solo. \u00c8<b> accompagnato da due volanti della polizia<\/b> dell\u2019ufficio prevenzione generale e soccorso pubblico, appartate e pronte a intervenire.\u00a0    &#13;<br \/>\n&#13;<br \/>\n&#13;<br \/>\n&#13;<br \/>\n&#13;<br \/>\n&#13;<br \/>\n&#13;<br \/>\n&#13;<br \/>\n&#13;<br \/>\n&#13;<br \/>\n&#13;<br \/>\n&#13;<br \/>\n&#13;<br \/>\n&#13;<br \/>\n&#13;<br \/>\n&#13;<br \/>\n&#13;<br \/>\n&#13;<br \/>\n&#13;<br \/>\n&#13;<br \/>\n&#13;<br \/>\n&#13;<br \/>\n&#13;<br \/>\n&#13;<br \/>\n&#13;<br \/>\n&#13;<br \/>\n&#13;<br \/>\n&#13;<br \/>\n&#13;<br \/>\n&#13;<br \/>\n&#13;<br \/>\n&#13;<br \/>\n&#13;<br \/>\n&#13;<br \/>\n&#13;<br \/>\n&#13;<br \/>\n&#13;<br \/>\n&#13;<br \/>\n&#13;<br \/>\n&#13;<br \/>\n&#13;<br \/>\n&#13;<br \/>\n&#13;<br \/>\n&#13;<br \/>\n&#13;<br \/>\n&#13;<br \/>\n&#13;<br \/>\n&#13;<br \/>\n&#13;<br \/>\n&#13;<br \/>\n&#13;<br \/>\n&#13;<br \/>\n&#13;\n<\/p>\n<p class=\"chapter-paragraph\">Tutto succede in pochi attimi. Alla Range Rover dell\u2019ex re dei paparazzi s<b>i avvicinano due giovani armati di catene che colpiscono il parabrezza rompendolo.<\/b> Uno riesce a fuggire dopo un breve inseguimento, l\u2019altro &#8211; <b>il 20enne A. B., figlio di un noto giornalista tv\u00a0<\/b>secondo quanto raccontato da Repubblica e Il Giorno &#8211; viene bloccato dagli agenti. In tasca aveva anche dello spray al peperoncino. I documenti confermano che<b> \u00e8 lui l\u2019autore dei messaggi e della chiamata <\/b>al\u00a0conduttore di Falsissimo.\u00a0<\/p>\n<p class=\"chapter-paragraph\">Sul telefono la polizia gli trova foto di armi. Cos\u00ec la perquisizione viene estesa anche nella casa in cui vive coi genitori, senza per\u00f2 nuove scoperte. <b>Il nome del complice, 24enne<\/b>, \u00e8 stato indicato dallo stesso Corona e poi confermato da A. B, che \u00e8 stato<b> denunciato a piede libero per tentata estorsione e danneggiamento aggravato<\/b>. Restano da chiarire le ragioni dell\u2019intimidazione e dell\u2019aggressione da parte dei due ragazzi, amici del figlio di Corona. Una gesto al momento ancora dai contorni poco chiari.\u00a0<\/p>\n<p class=\"is-mr-t-20 is-mr-b-20\"><b><br \/>\n                    <a href=\"https:\/\/milano.corriere.it\/?intcmp=Notizielocali_nd_010623_corriere_ss_milano\" target=\"_blank\" rel=\"nofollow noopener\">Vai a tutte le notizie di Milano<\/a><br \/>\n            <\/b><\/p>\n<p class=\"is-last-update\" datetime=\"2026-09-05T12:43:49+02:00\">5 settembre 2026 ( modifica il 5 settembre 2026 | 12:43)<\/p>\n<p class=\"is-copyright\">\n            \u00a9 RIPRODUZIONE RISERVATA\n        <\/p>\n","protected":false},"excerpt":{"rendered":"di Redazione Milano Il conduttore di Falsissimo ha mostrato alla Polizia le chat intimidatorie e si \u00e8 presentato&hellip;\n","protected":false},"author":3,"featured_media":667035,"comment_status":"","ping_status":"","sticky":false,"template":"","format":"standard","meta":{"footnotes":"","_share_on_mastodon":"0"},"categories":[1451],"tags":[33,1621,1620,1502,15948,367566,6005,11973,203,724,12732,375,12738,2716,4348,367567,1598,204,1537,90,89,28776,105813,531,124072,38163,2516],"class_list":["post-667034","post","type-post","status-publish","format-standard","has-post-thumbnail","category-celebrita","tag-appuntamento","tag-celebrita","tag-celebrities","tag-chat","tag-conduttore","tag-conduttore-falsissimo","tag-contanti","tag-corona","tag-entertainment","tag-euro","tag-fabrizio","tag-fabrizio-corona","tag-falsissimo","tag-figlio","tag-giornalista","tag-giornalista-tv","tag-giovani","tag-intrattenimento","tag-it","tag-italia","tag-italy","tag-paparazzi","tag-parabrezza","tag-polizia","tag-range","tag-range-rover","tag-re"],"share_on_mastodon":{"url":"https:\/\/pubeurope.com\/@it\/117220835728684577","error":""},"_links":{"self":[{"href":"https:\/\/www.europesays.com\/it\/wp-json\/wp\/v2\/posts\/667034","targetHints":{"allow":["GET"]}}],"collection":[{"href":"https:\/\/www.europesays.com\/it\/wp-json\/wp\/v2\/posts"}],"about":[{"href":"https:\/\/www.europesays.com\/it\/wp-json\/wp\/v2\/types\/post"}],"author":[{"embeddable":true,"href":"https:\/\/www.europesays.com\/it\/wp-json\/wp\/v2\/users\/3"}],"replies":[{"embeddable":true,"href":"https:\/\/www.europesays.com\/it\/wp-json\/wp\/v2\/comments?post=667034"}],"version-history":[{"count":0,"href":"https:\/\/www.europesays.com\/it\/wp-json\/wp\/v2\/posts\/667034\/revisions"}],"wp:featuredmedia":[{"embeddable":true,"href":"https:\/\/www.europesays.com\/it\/wp-json\/wp\/v2\/media\/667035"}],"wp:attachment":[{"href":"https:\/\/www.europesays.com\/it\/wp-json\/wp\/v2\/media?parent=667034"}],"wp:term":[{"taxonomy":"category","embeddable":true,"href":"https:\/\/www.europesays.com\/it\/wp-json\/wp\/v2\/categories?post=667034"},{"taxonomy":"post_tag","embeddable":true,"href":"https:\/\/www.europesays.com\/it\/wp-json\/wp\/v2\/tags?post=667034"}],"curies":[{"name":"wp","href":"https:\/\/api.w.org\/{rel}","templated":true}]}}