{"id":667050,"date":"2026-09-05T22:49:22","date_gmt":"2026-09-05T22:49:22","guid":{"rendered":"https:\/\/www.europesays.com\/it\/667050\/"},"modified":"2026-09-05T22:49:22","modified_gmt":"2026-09-05T22:49:22","slug":"in-centinaia-per-il-tatuaggio-del-pollo-fritto-gratis-di-kfc-doloroso-ma-ne-verra-la-pena","status":"publish","type":"post","link":"https:\/\/www.europesays.com\/it\/667050\/","title":{"rendered":"In centinaia\u00a0per il tatuaggio del pollo fritto gratis di Kfc:\u00a0\u201cDoloroso ma ne verr\u00e0 la pena\u201d"},"content":{"rendered":"<p>Modena, 5 settembre 2026 \u2013\u00a0Fila da record a <strong>Modena Nerd <\/strong>per la trovata promozionale di <strong>Kfc<\/strong> che negli ultimi giorni ha fatto molto discutere: un <strong><a rel=\"follow nofollow noopener\" href=\"https:\/\/www.ilrestodelcarlino.it\/modena\/cronaca\/tatuaggio-kfc-pollo-gratis-a-vita-7db4ff2b\" target=\"_blank\">tatuaggio a tema Kfc<\/a><\/strong> in cambio di <strong>pollo fritto<\/strong> gratis a vita.<\/p>\n<p>A mezz\u2019ora dall\u2019apertura erano gi\u00e0 state chiuse le lista d&#8217;attesa (con un limite di 100 posti) e, gi\u00e0 a mezzogiorno, in trenta avevano completato il tatuaggio. Il premio consiste in un coupon valido ogni dieci giorni nei ristoranti <strong>KFC di Modena, Reggio Emilia e Parma<\/strong>.<\/p>\n<p>Approfondisci:<\/p>\n<p><a href=\"https:\/\/www.ilrestodelcarlino.it\/bologna\/economia\/ducati-urso-chiama-domenicali-mpaxzwn9\" class=\"ArticleEmbed_article__embed__content__Jzqnz\" rel=\"nofollow noopener\" target=\"_blank\">Futuro della Ducati, il ministro Urso chiama Domenicali: \u201cSalvaguardare un mito del Made in Italy\u201d<img alt=\"Futuro della Ducati, il ministro Urso chiama Domenicali: \u201cSalvaguardare un mito del Made in Italy\u201d\" loading=\"lazy\" width=\"140\" height=\"78\" decoding=\"async\" data-nimg=\"1\" style=\"color:transparent\"  src=\"https:\/\/www.europesays.com\/it\/wp-content\/uploads\/2026\/09\/il-ministro-adolfo-urso-ha-sentito-l-amministratore-delegato-di-ducati-claudio-domenicali.webp\"\/><\/a><br \/>\nI manager di Kfc: \u201cListe d\u2019attesa esaurite in 30 minuti\u201d <\/p>\n<p>\u201cQuesta mattina \u2013 spiega <strong>Saverio Franzoni, operation manager Kfc <\/strong>&#8211; la lista d&#8217;attesa si \u00e8 esaurita nei primi <strong>30 minuti<\/strong>. Il funzionamento \u00e8 semplice: ci si prenota, ci si tatua e, dopo circa dieci giorni, sull\u2019app si attiva automaticamente un coupon ricorrente che regala un men\u00f9 ogni dieci giorni. Rispetto alla prima edizione, che era gi\u00e0 andata benissimo, quest&#8217;anno l&#8217;impatto mediatico \u00e8 stato straordinario\u201d.<\/p>\n<p> <img alt=\"Una delle prime persone a farsi tatuare il logo di Kfc al Modena Nerd\" loading=\"lazy\" width=\"1600\" height=\"900\" decoding=\"async\" data-nimg=\"1\" style=\"color:transparent;max-width:100%;height:auto\"   src=\"https:\/\/www.europesays.com\/it\/wp-content\/uploads\/2026\/09\/una-delle-prime-persone-a-farsi-tatuare-il-logo-di-kfc-al-modena-nerd.webp\"\/><\/p>\n<p>Una delle prime persone a farsi tatuare il logo di Kfc al Modena Nerd<\/p>\n<p>L&#8217;iniziativa ha riscosso un enorme successo, ma non sono mancati, nei giorni scorsi, dubbi e polemiche sui social riguardo alla regolarit\u00e0 dell&#8217;operazione. I responsabili della catena sono intervenuti per rassicurare il pubblico, confermando che l&#8217;evento si \u00e8 svolto nel pieno rispetto delle regole e con tutti i permessi necessari.<\/p>\n<p>Approfondisci:<\/p>\n<p><a href=\"https:\/\/www.ilrestodelcarlino.it\/modena\/cronaca\/tatuaggio-pollo-fritto-gratis-a-vita-proteste-nc85ia07\" class=\"ArticleEmbed_article__embed__content__Jzqnz\" rel=\"nofollow noopener\" target=\"_blank\">Pollo fritto gratis a vita se ti tatui il logo di Kfc, la protesta: \u201cBloccate l\u2019iniziativa\u201d. Il Comune: \u201cTutto regolare\u201d<img alt=\"Pollo fritto gratis a vita se ti tatui il logo di Kfc, la protesta: \u201cBloccate l\u2019iniziativa\u201d. Il Comune: \u201cTutto regolare\u201d\" loading=\"lazy\" width=\"140\" height=\"78\" decoding=\"async\" data-nimg=\"1\" style=\"color:transparent\"  src=\"https:\/\/www.europesays.com\/it\/wp-content\/uploads\/2026\/09\/alcuni-tatuaggi-realizzati-dedicati-al-marchio-kfc-cosi-facendo-si-mangia-gratis.webp\"\/><\/a> <\/p>\n<p>&#8220;L\u2019evento sta avendo successo e siamo in linea al 100% con le normative \u2013 spiega <strong>Matteo Tempesta, organizzatore dell\u2019evento per Kfc <\/strong>\u2013. \u00c8 positivo che se ne sia parlato, ma non abbiamo avuto nessun tipo di problema: la manifestazione sta proseguendo ed \u00e8 in crescita rispetto all\u2019anno scorso, quindi stiamo continuando a realizzare tutte le attivit\u00e0 che avevamo previsto&#8221;.<\/p>\n<p> <img alt=\"In centinaia per il tatuaggio del pollo fritto gratis di Kfc: \u201cDoloroso ma ne verr\u00e0 la pena\u201d\" loading=\"lazy\" width=\"762\" height=\"429\" decoding=\"async\" data-nimg=\"1\" style=\"color:transparent\"  src=\"https:\/\/www.europesays.com\/it\/wp-content\/uploads\/2026\/09\/xb482sq.jpeg\"\/><br \/>\nGli organizzatori: \u201cTutto in regola\u201d <\/p>\n<p>Gli organizzatori sottolineano che anche lo scorso anno si era svolto tutto secondo le regole: \u201cAnche l\u2019anno scorso eravamo in regola: tutte le autorizzazioni erano state presentate direttamente dalla Fiera. Quest\u2019anno, con il nuovo regolamento, abbiamo dovuto presentarle noi e cos\u00ec abbiamo fatto. Stamattina abbiamo completato le liste d\u2019attesa nell\u2019arco dei primi minuti dall\u2019apertura della Fiera: abbiamo <strong>100 persone<\/strong> in lista e speriamo di riuscire a farle tutte oggi. Domani apriremo nuovamente le prenotazioni per altri 100 posti\u201d.<\/p>\n<p> <img alt=\"Una delle prime persone a farsi tatuare il logo di Kfc al Modena Nerd\" loading=\"lazy\" width=\"1600\" height=\"900\" decoding=\"async\" data-nimg=\"1\" style=\"color:transparent;max-width:100%;height:auto\"   src=\"https:\/\/www.europesays.com\/it\/wp-content\/uploads\/2026\/09\/1788648562_297_una-delle-prime-persone-a-farsi-tatuare-il-logo-di-kfc-al-modena-nerd.webp\"\/><\/p>\n<p>Una delle prime persone a farsi tatuare il logo di Kfc al Modena Nerd<\/p>\n<p>I primi a tatuarsi: \u201cNe varr\u00e0 la pena\u201d <\/p>\n<p>Tra i primi a tatuarsi il logo del noto fast food c\u2019\u00e8 <strong>Flavio Dario Bondioli<\/strong>: \u201cSono un grande appassionato di tatuaggi \u2013\u00a0dice \u2013. Sicuramente che sfrutter\u00f2 l\u2019opportunit\u00e0 e ne approfitter\u00f2 volentieri per mangiarmi un po&#8217; di pollo fritto gratis, anche se magari non ogni <strong>dieci giorni<\/strong>. \u00c8 un po\u2019 doloroso, come ogni tatuaggio, ma sicuramente ne varr\u00e0 la pena\u201d.<\/p>\n<p>Approfondisci:<\/p>\n<p><a href=\"https:\/\/www.ilrestodelcarlino.it\/rimini\/cronaca\/hotel-carmen-chiude-prima-r73iuh5d\" class=\"ArticleEmbed_article__embed__content__Jzqnz\" rel=\"nofollow noopener\" target=\"_blank\">Estate gi\u00e0 finita per l\u2019hotel Carmen: \u201cPresenze crollate dopo il Meeting. Restare aperti significa rimetterci\u201d<img alt=\"Estate gi\u00e0 finita per l\u2019hotel Carmen: \u201cPresenze crollate dopo il Meeting. Restare aperti significa rimetterci\u201d\" loading=\"lazy\" width=\"140\" height=\"78\" decoding=\"async\" data-nimg=\"1\" style=\"color:transparent\"  src=\"https:\/\/www.europesays.com\/it\/wp-content\/uploads\/2026\/09\/matteo-castiglioni-titolare-dellhotel-carmen-insieme-alla-compagna-simona-fiume.webp\"\/><\/a><br \/>\nLe critiche di Federconsumatori <\/p>\n<p>\u201c<strong>Federconsumatori Modena<\/strong> chiede al Comune di Modena e all\u2019Azienda USL di non consentire questo iniquo scambio tra pollo fritto e tatuaggi pubblicitari. E a Modena Nerd, per la sua parte, chiediamo di cancellare la presenza di Kfc dai propri stand, difendendo il buon nome che una fiera cos\u00ec apprezzata si \u00e8 guadagnata negli anni \u2013 a\u00a0<a rel=\"follow nofollow noopener\" href=\"https:\/\/www.ilrestodelcarlino.it\/modena\/cronaca\/tatuaggio-pollo-fritto-gratis-a-vita-proteste-nc85ia07\" target=\"_blank\"><strong>Federconsumatori<\/strong> <\/a>non \u00e8 piaciuta per niente la proposta della catena di fast food Kfc al Modena Nerd \u2013. Nella scorsa edizione &#8211; sottolinea l&#8217;associazione dei consumatori &#8211; lo stand avrebbe &#8216;marchiato&#8217; una cinquantina di persone, a quanto risulterebbe, fatto gravissimo, anche in assenza di autorizzazione e dei necessari protocolli igienico-sanitari definiti da una rigida normativa&#8221;.<\/p>\n","protected":false},"excerpt":{"rendered":"Modena, 5 settembre 2026 \u2013\u00a0Fila da record a Modena Nerd per la trovata promozionale di Kfc che negli&hellip;\n","protected":false},"author":3,"featured_media":667051,"comment_status":"","ping_status":"","sticky":false,"template":"","format":"standard","meta":{"footnotes":"","_share_on_mastodon":"0"},"categories":[172],"tags":[178,177,3844,11974,131824,14020,1537,90,89,7041,15800,2663,8547],"class_list":["post-667050","post","type-post","status-publish","format-standard","has-post-thumbnail","category-affari","tag-affari","tag-business","tag-centinaia","tag-doloroso","tag-fritto","tag-gratis","tag-it","tag-italia","tag-italy","tag-pena","tag-pollo","tag-tatuaggio","tag-verra"],"share_on_mastodon":{"url":"https:\/\/pubeurope.com\/@it\/117220879078238796","error":""},"_links":{"self":[{"href":"https:\/\/www.europesays.com\/it\/wp-json\/wp\/v2\/posts\/667050","targetHints":{"allow":["GET"]}}],"collection":[{"href":"https:\/\/www.europesays.com\/it\/wp-json\/wp\/v2\/posts"}],"about":[{"href":"https:\/\/www.europesays.com\/it\/wp-json\/wp\/v2\/types\/post"}],"author":[{"embeddable":true,"href":"https:\/\/www.europesays.com\/it\/wp-json\/wp\/v2\/users\/3"}],"replies":[{"embeddable":true,"href":"https:\/\/www.europesays.com\/it\/wp-json\/wp\/v2\/comments?post=667050"}],"version-history":[{"count":0,"href":"https:\/\/www.europesays.com\/it\/wp-json\/wp\/v2\/posts\/667050\/revisions"}],"wp:featuredmedia":[{"embeddable":true,"href":"https:\/\/www.europesays.com\/it\/wp-json\/wp\/v2\/media\/667051"}],"wp:attachment":[{"href":"https:\/\/www.europesays.com\/it\/wp-json\/wp\/v2\/media?parent=667050"}],"wp:term":[{"taxonomy":"category","embeddable":true,"href":"https:\/\/www.europesays.com\/it\/wp-json\/wp\/v2\/categories?post=667050"},{"taxonomy":"post_tag","embeddable":true,"href":"https:\/\/www.europesays.com\/it\/wp-json\/wp\/v2\/tags?post=667050"}],"curies":[{"name":"wp","href":"https:\/\/api.w.org\/{rel}","templated":true}]}}