{"id":667063,"date":"2026-09-05T23:01:17","date_gmt":"2026-09-05T23:01:17","guid":{"rendered":"https:\/\/www.europesays.com\/it\/667063\/"},"modified":"2026-09-05T23:01:17","modified_gmt":"2026-09-05T23:01:17","slug":"ciclismo-ecco-tutti-gli-azzurri-per-il-mondiale-in-canada-ganna-crono-debutta-finn","status":"publish","type":"post","link":"https:\/\/www.europesays.com\/it\/667063\/","title":{"rendered":"Ciclismo, ecco tutti gli azzurri per il Mondiale in Canada: Ganna crono, debutta Finn"},"content":{"rendered":"<p>                                Presentate a Matera le Nazionali per la rassegna iridata di Montreal in Canada dal 20 al 27 settembre. Il ct Amadio ha annunciato una lista di 10 corridori: ci sono anche Bettiol, Trentin e Piganzoli<\/p>\n<p>            <a class=\"image is-50x50\" href=\"https:\/\/www.gazzetta.it\/redazione\/sergio-arcobelli\/\" rel=\"nofollow noopener\" target=\"_blank\"><br \/>\n                <img decoding=\"async\" class=\"is-rounded\" src=\"https:\/\/www.europesays.com\/it\/wp-content\/uploads\/2026\/04\/sergio-arcobelli-avatar.png\" alt=\"Sergio Arcobelli\"\/><br \/>\n            <\/a><\/p>\n<p>Giornalista<\/p>\n<p>                    5 settembre &#8211; 23:09  &#8211; MILANO<\/p>\n<p class=\"paragraph\" spellcheck=\"true\">L\u2019Italia \u00e8 pronta a giocarsi le proprie carte. Da Matera, citt\u00e0 dei Sassi e patrimonio mondiale Unesco, prende ufficialmente forma la spedizione azzurra in vista dei Campionati del Mondo di ciclismo su strada di Montreal, in Canada, da domenica 20 a domenica 27 settembre. La squadra italiana \u00e8 stata presentata oggi nella suggestiva cornice di Casa Cava, uno dei simboli del recupero e della rinascita della citt\u00e0, dove i tecnici federali hanno svelato gli atleti scelti per l\u2019appuntamento iridato. Sar\u00e0 un Mondiale particolarmente aperto sul fronte della concorrenza, anche per la pesante assenza di Tadej Pogacar. Il numero uno, vincitore delle ultime due edizioni, \u00e8 stato infatti costretto al ritiro dalla Vuelta dopo una caduta che lo ha costretto a chiudere la sua stagione, lasciando cos\u00ec spazio a nuovi scenari e a una corsa che potrebbe regalare sorprese. \u00abBisogna crederci fino alla linea d\u2019arrivo, perch\u00e9 pu\u00f2 succedere di tutto, rispettando naturalmente gli avversari\u00bb, ha commentato il ct Roberto Amadio. A guardare con fiducia all\u2019appuntamento canadese \u00e8 anche il presidente della Federciclismo Cordiano Dagnoni: \u00abAbbiamo raccolto successi che mancavano da tempo, come gli straordinari risultati della velocit\u00e0 su pista e, per quanto riguarda la strada, la doppietta di Lorenzo Mark Finn, vincitore prima del Giro Next Gen e poi del Tour de l\u2019Avenir. Arriviamo al Mondiale di Montreal con fiducia, consapevoli del valore dei nostri atleti in tutte le categorie\u00bb.\u00a0<\/p>\n<p>        spazio azzurri\u2014 \u00a0<\/p>\n<p class=\"paragraph\" spellcheck=\"true\">Oggi sono stati annunciati 47 azzurri: in un secondo tempo saranno definiti i titolari.   In occasione del Mondiale canadese torna inoltre Spazio Azzurri, la casa del ciclismo italiano all&#8217;estero. Ubicato nello stesso hotel che ospiter\u00e0 la spedizione federale, rappresenter\u00e0 un punto di incontro per stampa, ospiti e rappresentanti del mondo sportivo e istituzionale. Il progetto \u00e8 stato reso possibile grazie al Ministero dell&#8217;Agricoltura, della Sovranit\u00e0 alimentare e delle Foreste, al Ministero degli Affari Esteri e della Cooperazione Internazionale, a ICE-Agenzia, alla Regione Abruzzo, alla provincia di Trento e ai partner della Federazione.<\/p>\n<p>    i convocati\u2014 \u00a0<\/p>\n<p class=\"paragraph is-inline\" spellcheck=\"true\">Ecco tutti gli azzurri e le gare in ordine di svolgimento<\/p>\n<p class=\"paragraph\" spellcheck=\"true\"><b>Cronometro Donne \u00e9lite (domenica 20: 2 al via)<\/b> Elisa Longo Borghini e Vittoria Guazzini.<\/p>\n<p class=\"paragraph\" spellcheck=\"true\"><b>Cronometro Uomini \u00e9lite (domenica 20: 3 al via)<\/b> Filippo Ganna, Matteo Sobrero e Mattia Cattaneo.<\/p>\n<p class=\"paragraph\" spellcheck=\"true\"><b>Cronometro Uomini Under 23 (luned\u00ec 21: 2 al via)<\/b> Nicolas Milesi e Alessandro Cattani.<\/p>\n<p class=\"paragraph\" spellcheck=\"true\"><b>Cronometro Uomini Juniores (marted\u00ec 22: 2 al via)<\/b> Patrick Pezzo Rosola, Andrea Tarallo, Enrico Balliana.<\/p>\n<p class=\"paragraph\" spellcheck=\"true\"><b>Cronometro Donne Juniores (marted\u00ec 22: 2 al via)<\/b> Maria Acuti, Matilde Rossignoli, Azzurra Ballan.<\/p>\n<p class=\"paragraph\" spellcheck=\"true\"><b>Team Relay (marted\u00ec 22: staffetta mista, 6 al via)<\/b><\/p>\n<p class=\"paragraph\" spellcheck=\"true\">Filippo Ganna, Matteo Sobrero, Mattia Cattaneo, Elisa Longo Borghini, Vittoria Guazzini e Monica Trinca Colonel.<\/p>\n<p class=\"paragraph\" spellcheck=\"true\"><b>In linea Donne Under 23 (gioved\u00ec 24: si corre in 3)<\/b> Giada Silo, Gaia Segato ed Eleonora Ciabocco.<\/p>\n<p class=\"paragraph\" spellcheck=\"true\"><b>In linea Uomini Juniores (gioved\u00ec 24: si corre in 5)<\/b><\/p>\n<p class=\"paragraph\" spellcheck=\"true\">Patrick Pezzo Rosola, Brandon Fedrizzi, Guido Viero, Alessandro Battistoni, Luca Gugnino, Nicola Padovan, Enrico Balliana, Andrea Pierotto e Marco Zoco.<\/p>\n<p class=\"paragraph\" spellcheck=\"true\"><b>In linea Donne juniores (venerd\u00ec 24: si corre in 3)\u00a0<\/b><\/p>\n<p class=\"paragraph\" spellcheck=\"true\">Giorgia Pellizzotti, Azzurra Ballan, Maria Acuti, Matilde Rossignoli.<\/p>\n<p class=\"paragraph\" spellcheck=\"true\"><b>In linea Uomini Under 23 (venerd\u00ec 25: al via in 6)<\/b> Matteo Scalco, Federico Lorello, Mattia Negrente, Alessandro Cattani, Mattia Proietti Gagliardoni, Enea Sambinello, Simone Zanini, Davide Frigo, Roberto Capello e Nicolas Milesi.<\/p>\n<p class=\"paragraph\" spellcheck=\"true\"><b>In linea Donne \u00e9lite (sabato 26: si corre in 7)<\/b><\/p>\n<p class=\"paragraph\" spellcheck=\"true\">Elisa Longo Borghini, Silvia Persico, Erica Magnaldi, Eleonora Gasparrini, Monica Trinca Colonel, Sara Casasola e Francesca Barale<\/p>\n<p class=\"paragraph\" spellcheck=\"true\"><b>In linea Uomini \u00e9lite (domenica 27: si corre in 8)<\/b><\/p>\n<p class=\"paragraph\" spellcheck=\"true\">Alberto Bettiol, Giulio Ciccone, Mattia Cattaneo, Lorenzo Finn, Christian Scaroni, Giulio Pellizzari, Davide Piganzoli, Matteo Trentin, Matteo Sobrero e Diego Ulissi..<\/p>\n<p class=\"is-copyright\">\u00a9 RIPRODUZIONE RISERVATA<\/p>\n","protected":false},"excerpt":{"rendered":"Presentate a Matera le Nazionali per la rassegna iridata di Montreal in Canada dal 20 al 27 settembre.&hellip;\n","protected":false},"author":3,"featured_media":667064,"comment_status":"","ping_status":"","sticky":false,"template":"","format":"standard","meta":{"footnotes":"","_share_on_mastodon":"0"},"categories":[1456],"tags":[25771,367587,367588,2535,290453,137625,2700,33,1859,3187,253841,4700,219023,252547,73816,13626,367589,367590,4014,20221,62967,11257,25402,1824,3450,3435,367582,1825,1112,2429,13630,200476,8932,17531,367586,16273,40773,1537,90,89,7720,4781,367583,367584,72814,33907,1427,114,24053,5637,68822,1353,7589,367585,8041,245,244,4315,4412],"class_list":["post-667063","post","type-post","status-publish","format-standard","has-post-thumbnail","category-ciclismo","tag-acuti","tag-acuti-matilde","tag-acuti-matilde-rossignoli","tag-alessandro","tag-alessandro-cattani","tag-amadio","tag-andrea","tag-appuntamento","tag-atleti","tag-azzurra","tag-azzurra-ballan","tag-azzurri","tag-ballan","tag-balliana","tag-bettiol","tag-borghini","tag-borghini-vittoria","tag-borghini-vittoria-guazzini","tag-canada","tag-canadese","tag-cattaneo","tag-cattani","tag-ciccone","tag-ciclismo","tag-corre","tag-cronometro","tag-cronometro-uomini","tag-cycling","tag-domenica","tag-donne","tag-elisa","tag-elisa-longo","tag-elisa-longo-borghini","tag-elite","tag-elite-domenica","tag-finn","tag-ganna","tag-it","tag-italia","tag-italy","tag-juniores","tag-linea","tag-linea-donne","tag-linea-uomini","tag-longo","tag-longo-borghini","tag-martedi","tag-matteo","tag-matteo-sobrero","tag-mattia","tag-mattia-cattaneo","tag-mondiale","tag-montreal","tag-sobrero","tag-spazio","tag-sport","tag-sports","tag-under","tag-uomini"],"share_on_mastodon":{"url":"","error":"Validation failed: Text character limit of 500 exceeded"},"_links":{"self":[{"href":"https:\/\/www.europesays.com\/it\/wp-json\/wp\/v2\/posts\/667063","targetHints":{"allow":["GET"]}}],"collection":[{"href":"https:\/\/www.europesays.com\/it\/wp-json\/wp\/v2\/posts"}],"about":[{"href":"https:\/\/www.europesays.com\/it\/wp-json\/wp\/v2\/types\/post"}],"author":[{"embeddable":true,"href":"https:\/\/www.europesays.com\/it\/wp-json\/wp\/v2\/users\/3"}],"replies":[{"embeddable":true,"href":"https:\/\/www.europesays.com\/it\/wp-json\/wp\/v2\/comments?post=667063"}],"version-history":[{"count":0,"href":"https:\/\/www.europesays.com\/it\/wp-json\/wp\/v2\/posts\/667063\/revisions"}],"wp:featuredmedia":[{"embeddable":true,"href":"https:\/\/www.europesays.com\/it\/wp-json\/wp\/v2\/media\/667064"}],"wp:attachment":[{"href":"https:\/\/www.europesays.com\/it\/wp-json\/wp\/v2\/media?parent=667063"}],"wp:term":[{"taxonomy":"category","embeddable":true,"href":"https:\/\/www.europesays.com\/it\/wp-json\/wp\/v2\/categories?post=667063"},{"taxonomy":"post_tag","embeddable":true,"href":"https:\/\/www.europesays.com\/it\/wp-json\/wp\/v2\/tags?post=667063"}],"curies":[{"name":"wp","href":"https:\/\/api.w.org\/{rel}","templated":true}]}}