{"id":667067,"date":"2026-09-05T23:05:15","date_gmt":"2026-09-05T23:05:15","guid":{"rendered":"https:\/\/www.europesays.com\/it\/667067\/"},"modified":"2026-09-05T23:05:15","modified_gmt":"2026-09-05T23:05:15","slug":"lautaro-i-gol-col-napoli-e-lesultanza-sulla-balaustra-cosi-si-e-ripreso-san-siro","status":"publish","type":"post","link":"https:\/\/www.europesays.com\/it\/667067\/","title":{"rendered":"Lautaro, i gol col Napoli e l&#8217;esultanza sulla balaustra: cos\u00ec si \u00e8 ripreso San Siro"},"content":{"rendered":"<p>                                La prestazione contro il Napoli \u00e8 la svolta per il Toro: voleva una rivincita dopo la finale contro la Spagna vissuta da spettatore ed eccola qui. &#8220;E anche Marcus&#8230;&#8221;<\/p>\n<p>            <a class=\"image is-50x50\" href=\"https:\/\/www.gazzetta.it\/redazione\/filippo-conticello\/\" rel=\"nofollow noopener\" target=\"_blank\"><br \/>\n                <img decoding=\"async\" class=\"is-rounded\" src=\"https:\/\/www.europesays.com\/it\/wp-content\/uploads\/2025\/10\/filippo_conticello_avatar.png\" alt=\"Filippo Conticello\"\/><br \/>\n            <\/a><\/p>\n<p>Giornalista<\/p>\n<p>                    6 settembre (modifica alle 00:12)  &#8211; MILANO<\/p>\n<p class=\"paragraph\" spellcheck=\"true\">Penzolante sulla balaustra, con la vena al collo e gli occhi fuori dalle orbite, Lautaro Martinez \u00e8 rinsavito dallo stato di trance e, a quel punto, avr\u00e0 pensato che non \u00e8 poi cos\u00ec male sapere aspettare in questa vita. Ieri a San Siro ha vinto con la pazienza dei forti, quella dell\u2019argentino che per settimane non si dava pace per la delusione insensata della finale Mondiale vissuta da spettatore: aspettava una rivincita personale per dimenticare una volta per tutte. Nelle due prime partite di campionato l\u2019ha inseguita, mentre arrancava per una condizione ancora in ritardo, e ieri poteva essere intrappolato nel solito tab\u00f9 dello scontro diretto: si \u00e8 pure fatto vincere dai nervi, al punto da prendere un giallo per proteste, ma l\u2019attesa sua e della squadra \u00e8 stata ripagata dal successivo diluvio di emozioni dopo il 2-0 del Napoli. Ha graffiato lui stesso con la rapacit\u00e0 della casa nel primo e nel terzo gol liberatorio: in entrambi i casi, tocchi furbi a porta vuota, cos\u00ec ha messo tra parentesi il pareggio del gemello francese. La testata di Marcus Thuram \u00e8, infatti, servita a ricomporre la ThuLa in tutto e per tutto.<\/p>\n<p>        finalmente thula\u2014 \u00a0<\/p>\n<p class=\"paragraph\" spellcheck=\"true\">Finora Pio ha avuto la sua triplice occasione nell\u2019attacco interista, ma in vista della battaglia campale del Bernabeu \u00e8 tornata la batteria dei titolari: la prima fila dell\u2019attacco apparterr\u00e0 sempre a loro, Lautaro e Thuram. Intanto, la foto dell\u2019abbraccio mistico del numero 10 indemoniato con il suo pubblico, appeso lass\u00f9 senza paura, passa da cellulare a cellulare, si moltiplica attraverso i post sui social. Lo stesso Martinez non poteva non commentarla, pensando anche al compare felice quanto lui: \u201cMi ha seguito anche Thuram sulla balaustra: mi dice sempre che sono matto ad andare a esultare l\u00e0, sostiene di non arrivarci, invece vedi che ce la fa?\u201d, ha scherzato l\u2019argentino. Accanto a lui, Marcus lo ha riempito di carezze: \u201cLui \u00e8 il nostro capitano, il nostro leader, ha giocato tanto al Mondiale e ora si \u00e8 messo a disposizione della squadra: ci ha dato la vittoria, riuscirci cos\u00ec \u00e8 troppo bello\u201d.<\/p>\n<p><a class=\"is-partner-link\" href=\"https:\/\/ad.doubleclick.net\/ddm\/trackclk\/N1792338.340088CAIRORCSMEDIAS.P.\/B28038690.452531709;dc_trk_aid=646241311;dc_trk_cid=173665161;dc_lat=;dc_rdid=;tag_for_child_directed_treatment=;tfua=;gdpr=%24%7BGDPR%7D;gdpr_consent=%24%7BGDPR_CONSENT_755%7D;ltd=;dc_tdv=1\" rel=\"nofollow noopener\" target=\"_blank\">Guarda tutte le partite di Serie A Enilive in esclusiva nei locali Sky! Trova il locale pi\u00f9 vicino a te.<\/a><\/p>\n<p>        missione bernabeu\u2014 \u00a0<\/p>\n<p class=\"paragraph\" spellcheck=\"true\">Con la doppietta Lautaro ha, comunque, fatto saltare il tappo della stagione, perfino in anticipo rispetto a quanto si aspettavano alla Pinetina: al netto della buona volont\u00e0, i dati fisici raccolti finora dicevano che serviva ancora tempo per ritrovarsi fino in fondo. Ma la fame e la voglia vanno oltre, come dimostra questo pomeriggio di pura follia interista, e come ha confermato lo stesso capitano a fine gara: \u201cL&#8217;importante \u00e8 che stiamo ritrovando la forma: tornare dal Mondiale e fare poca preparazione non \u00e8 il massimo, solo i minuti ti aiutano a ritrovare la forma\u201d. Inizia cos\u00ec la rincorsa verso Spillo Altobelli, che ha ancora 32 gol di vantaggio (209 a 177) nella nomenclatura interista di ogni epoca, ma restringendo il campo alla sola Serie A \u00e8 arrivato a 134, superando Stefano Nyers di un passetto: adesso \u00e8 in solitario al 3\u00b0 posto della classifica dei migliori marcatori nerazzurri in campionato, dietro solo a due mammasantissima come Pep\u00ecn Meazza (197) e Benito \u201cVeleno\u201d Lorenzi (138). Pi\u00f9 che i numeri, per\u00f2, conta il vento che soffia alle spalle e che, in una partita o in una stagione, pu\u00f2 cambiare in un attimo, come l\u2019Inter insegna da sempre: &#8220;Questo \u00e8 quello che ci mancava l&#8217;anno scorso in queste partite\u2026 \u2013 ha concluso Martinez -. Ogni anno stiamo cercando di alzare il livello e di migliorare ancora\u201d. Spingersi oltre a casa del grande Real, nel cuore della Spagna che continua da anni a corteggiarlo, \u00e8 il prossimo obiettivo argentino: nella citt\u00e0 di Madrid, contro i cugini dell\u2019Atletico, ha subito un\u2019altra delusione urticante in carriera, sbagliando un rigore negli ottavi della Champions 2023-24, mentre ha segnato alla squadra di Florentino ai tempi di Conte, stagione 2020-21. Allora il Covid mordeva le vite di tutti, si gioc\u00f2 nel centro sportivo di Valdebebas e senza tifosi: ripetersi nel tempio, rinnovato e riempito di bianco, sarebbe un\u2019altra, folle storia.<\/p>\n<p class=\"is-copyright\">\u00a9 RIPRODUZIONE RISERVATA<\/p>\n","protected":false},"excerpt":{"rendered":"La prestazione contro il Napoli \u00e8 la svolta per il Toro: voleva una rivincita dopo la finale contro&hellip;\n","protected":false},"author":3,"featured_media":667068,"comment_status":"","ping_status":"","sticky":false,"template":"","format":"standard","meta":{"footnotes":"","_share_on_mastodon":"0"},"categories":[1452],"tags":[14226,367592,367593,5781,200897,367594,83980,2537,11611,765,177458,69517,721,1856,8230,12206,6075,1426,598,1740,2498,1976,6041,1537,90,89,5826,55705,35788,9476,1353,248,4283,13281,494,238620,15695,532,9612,9613,1739,6059,15687,245,244,1857,577,74234,33591,17625,367591],"class_list":["post-667067","post","type-post","status-publish","format-standard","has-post-thumbnail","category-calcio","tag-abbraccio","tag-abbraccio-mistico","tag-abbraccio-mistico-numero","tag-accanto","tag-accanto-marcus","tag-accanto-marcus-riempito","tag-aiutano","tag-altra","tag-argentino","tag-attacco","tag-balaustra","tag-bernabeu","tag-calcio","tag-campionato","tag-capitano","tag-cellulare","tag-delusione","tag-finale","tag-finora","tag-football","tag-forma","tag-gol","tag-interista","tag-it","tag-italia","tag-italy","tag-lautaro","tag-marcus","tag-martinez","tag-messo","tag-mondiale","tag-napoli","tag-partite","tag-poteva","tag-punto","tag-riempito","tag-rivincita","tag-san","tag-san-siro","tag-siro","tag-soccer","tag-spagna","tag-spettatore","tag-sport","tag-sports","tag-squadra","tag-stagione","tag-thula","tag-thuram","tag-vissuta","tag-vissuta-spettatore"],"share_on_mastodon":{"url":"","error":"Validation failed: Text character limit of 500 exceeded"},"_links":{"self":[{"href":"https:\/\/www.europesays.com\/it\/wp-json\/wp\/v2\/posts\/667067","targetHints":{"allow":["GET"]}}],"collection":[{"href":"https:\/\/www.europesays.com\/it\/wp-json\/wp\/v2\/posts"}],"about":[{"href":"https:\/\/www.europesays.com\/it\/wp-json\/wp\/v2\/types\/post"}],"author":[{"embeddable":true,"href":"https:\/\/www.europesays.com\/it\/wp-json\/wp\/v2\/users\/3"}],"replies":[{"embeddable":true,"href":"https:\/\/www.europesays.com\/it\/wp-json\/wp\/v2\/comments?post=667067"}],"version-history":[{"count":0,"href":"https:\/\/www.europesays.com\/it\/wp-json\/wp\/v2\/posts\/667067\/revisions"}],"wp:featuredmedia":[{"embeddable":true,"href":"https:\/\/www.europesays.com\/it\/wp-json\/wp\/v2\/media\/667068"}],"wp:attachment":[{"href":"https:\/\/www.europesays.com\/it\/wp-json\/wp\/v2\/media?parent=667067"}],"wp:term":[{"taxonomy":"category","embeddable":true,"href":"https:\/\/www.europesays.com\/it\/wp-json\/wp\/v2\/categories?post=667067"},{"taxonomy":"post_tag","embeddable":true,"href":"https:\/\/www.europesays.com\/it\/wp-json\/wp\/v2\/tags?post=667067"}],"curies":[{"name":"wp","href":"https:\/\/api.w.org\/{rel}","templated":true}]}}