{"id":667102,"date":"2026-09-05T23:37:23","date_gmt":"2026-09-05T23:37:23","guid":{"rendered":"https:\/\/www.europesays.com\/it\/667102\/"},"modified":"2026-09-05T23:37:23","modified_gmt":"2026-09-05T23:37:23","slug":"amore-e-morte-in-namibia-trama-cast-e-quando-va-in-onda","status":"publish","type":"post","link":"https:\/\/www.europesays.com\/it\/667102\/","title":{"rendered":"Amore e morte in Namibia: trama, cast e quando va in onda"},"content":{"rendered":"<p>                                Una berlinese parte alla volta dell&#8217;Africa, disposta a tutto pur di ritrovare il figlio scomparso<\/p>\n<p>                    5 settembre &#8211; 12:54  &#8211; MILANO<\/p>\n<p class=\"paragraph\" spellcheck=\"true\">Va in onda stasera, sabato 5 settembre, su Rai 2\u00a0<b>Amore e morte in Namibia<\/b>, il thriller tedesco diretto da Florian Baxmeyer. La storia ruota attorno a Hannah, una contabile tedesca abituata a una vita molto tranquilla, costretta per\u00f2 a partire per la Namibia dopo aver saputo che il figlio Dominik \u00e8 sparito senza lasciare tracce e in misteriose circostanze. Appuntamento <b>alle 21.20 su Rai 2.<\/b><\/p>\n<p class=\"paragraph\" spellcheck=\"true\"><b>Leggi anche: <a href=\"https:\/\/www.gazzetta.it\/spettacolo-tv-gossip\/storie\/01-09-2026\/serie-tv-settembre-2026-ecco-le-10-da-non-perdere-cosa-vedere\/serie-settembre.shtml\" target=\"_blank\" rel=\"nofollow noopener\">Le 10 serie tv da vedere a settembre 2026, da The Gentlemen 2 a MobLand 2 e Brothers<\/a><\/b><\/p>\n<p>        Amore e morte in Namibia, trama\u2014 \u00a0<\/p>\n<p class=\"paragraph\" spellcheck=\"true\">Arrivata in Namibia, <b>Hannah<\/b> scopre che la scomparsa di <b>Dominik<\/b> sembra collegarsi a un ampio <b>complotto connesso all\u2019estrazione dell\u2019uranio<\/b>. La protagonista si ritrova cos\u00ec catapultata in un vortice di minacce e sospetti, in un territorio a lei sconosciuto, dove nessuno sembra dire la verit\u00e0 n\u00e9 essere davvero disposto ad aiutarla. Accanto a lei per\u00f2 c\u2019\u00e8 <b>Vincent<\/b>, guida locale dal carattere spigoloso ma affidabile, che diventa l\u2019unico punto d\u2019appoggio in una caccia alla verit\u00e0 sempre pi\u00f9 rischiosa. E nonostante una situazione al limite, <b>Hannah riesce a trovare anche l&#8217;amore.<\/b><\/p>\n<p>        cast\u2014 \u00a0<\/p>\n<p class=\"paragraph\" spellcheck=\"true\">Nel cast di Amore e morte in Namibia <b>Julia Koschitz<\/b> interpreta Hannah Jansen, e <b>Michael Klammer<\/b> \u00e8 Vincent, la guida turistica che accompagna la protagonista nella ricerca del figlio. <b>Gustav Schmidt<\/b> veste i panni di Dominik Jansen; <b>Robert Maaser<\/b> interpreta Kyrill e <b>Thomas Arnold<\/b> \u00e8 Thomas.<\/p>\n<p class=\"paragraph\" spellcheck=\"true\">Il film\u00a0\u00e8 stato proiettato al Festival del cinema tedesco di Ludwigshafen nell\u2019agosto 2026 ed \u00e8 andato in onda, sulla tv tedesca, il 20 agosto 2026.<\/p>\n<p class=\"is-above-copyright is-mr-r-10\" spellcheck=\"true\">La Gazzetta dello Sport<\/p>\n<p class=\"is-copyright\">\u00a9 RIPRODUZIONE RISERVATA<\/p>\n","protected":false},"excerpt":{"rendered":"Una berlinese parte alla volta dell&#8217;Africa, disposta a tutto pur di ritrovare il figlio scomparso 5 settembre &#8211;&hellip;\n","protected":false},"author":3,"featured_media":667103,"comment_status":"","ping_status":"","sticky":false,"template":"","format":"standard","meta":{"footnotes":"","_share_on_mastodon":"0"},"categories":[1444],"tags":[2699,87,112708,367607,2389,156770,203,2716,3453,96967,8311,204,1537,90,89,367609,964,367608,4280,9167,655,2848,367610,253],"class_list":["post-667102","post","type-post","status-publish","format-standard","has-post-thumbnail","category-tv","tag-agosto","tag-amore","tag-amore-morte","tag-amore-morte-namibia","tag-cast","tag-dominik","tag-entertainment","tag-figlio","tag-guida","tag-hannah","tag-interpreta","tag-intrattenimento","tag-it","tag-italia","tag-italy","tag-jansen","tag-morte","tag-morte-namibia","tag-namibia","tag-onda","tag-protagonista","tag-rai","tag-rai-amore","tag-tv"],"share_on_mastodon":{"url":"https:\/\/pubeurope.com\/@it\/117221067485055444","error":""},"_links":{"self":[{"href":"https:\/\/www.europesays.com\/it\/wp-json\/wp\/v2\/posts\/667102","targetHints":{"allow":["GET"]}}],"collection":[{"href":"https:\/\/www.europesays.com\/it\/wp-json\/wp\/v2\/posts"}],"about":[{"href":"https:\/\/www.europesays.com\/it\/wp-json\/wp\/v2\/types\/post"}],"author":[{"embeddable":true,"href":"https:\/\/www.europesays.com\/it\/wp-json\/wp\/v2\/users\/3"}],"replies":[{"embeddable":true,"href":"https:\/\/www.europesays.com\/it\/wp-json\/wp\/v2\/comments?post=667102"}],"version-history":[{"count":0,"href":"https:\/\/www.europesays.com\/it\/wp-json\/wp\/v2\/posts\/667102\/revisions"}],"wp:featuredmedia":[{"embeddable":true,"href":"https:\/\/www.europesays.com\/it\/wp-json\/wp\/v2\/media\/667103"}],"wp:attachment":[{"href":"https:\/\/www.europesays.com\/it\/wp-json\/wp\/v2\/media?parent=667102"}],"wp:term":[{"taxonomy":"category","embeddable":true,"href":"https:\/\/www.europesays.com\/it\/wp-json\/wp\/v2\/categories?post=667102"},{"taxonomy":"post_tag","embeddable":true,"href":"https:\/\/www.europesays.com\/it\/wp-json\/wp\/v2\/tags?post=667102"}],"curies":[{"name":"wp","href":"https:\/\/api.w.org\/{rel}","templated":true}]}}