{"id":667174,"date":"2026-09-06T00:39:13","date_gmt":"2026-09-06T00:39:13","guid":{"rendered":"https:\/\/www.europesays.com\/it\/667174\/"},"modified":"2026-09-06T00:39:13","modified_gmt":"2026-09-06T00:39:13","slug":"la-conquista-della-germania-partita-da-est-gli-estremisti-di-destra-dellafd-ora-sono-un-partito-di-massa","status":"publish","type":"post","link":"https:\/\/www.europesays.com\/it\/667174\/","title":{"rendered":"La conquista della Germania partita da Est. Gli estremisti di destra dell\u2019AfD ora sono un partito di massa"},"content":{"rendered":"<p>    di<br \/>\n    Mara Gergolet<\/p>\n<p class=\"summary-art is-line-h-12\">Siegmund, il leader  pi\u00f9 sorridente, \u00e8 anche  tra i pi\u00f9 radicali. Lo scontro sulla messa al bando<\/p>\n<p class=\"chapter-paragraph\">DALLA NOSTRA INVIATA<br \/>MAGDEBURGO <b>\u00abCi prepariamo a questo da molti anni. Abbiamo bisogno di gute Leute\u00bb, brava gente.<\/b> Quando <a href=\"https:\/\/www.corriere.it\/esteri\/26_settembre_03\/ulrich-siegmund-candidato-afd-germania-e49b9acc-577c-4b6d-8eb9-d52a5c1a7xlk.shtml\" target=\"_blank\" rel=\"nofollow noopener\">Ulrich Siegmund<\/a> \u00e8 andato in tv, nel salotto politico pi\u00f9 influente della Germania, quello condotto dal bolzanino Markus Lanz, ha detto la verit\u00e0. <b>L\u2019AfD ci lavora da anni, al suo progetto per conquistare la Sassonia-Anhalt: una Familienfest in un paesino, una Demokratiefest in quello vicino, le scampagnate con i motorini Simson che ricordano i bei tempi della Ddr nei weekend.<\/b> E corsi su corsi per i quadri.<\/p>\n<p class=\"chapter-paragraph\">\u00abChe il nostro sia un movimento di massa non viene da s\u00e9\u00bb, sostiene Siegmund, \u00abUlli\u00bb per i  fan. Cos\u00ec, <b>mentre gli altri partiti diventavano invisibili e si ritiravano, l\u2019AfD si mobilitava<\/b>: studiando, copiando \u2014 dai Maga ai post-haideriani di Herbert Kickl in Austria a Orb\u00e1n \u2014 per prendersi le terre dell\u2019Est che, in realt\u00e0, a nessun altro partito premeva veramente avere e capire. O cos\u00ec la pensano i cittadini.    &#13;<br \/>\n&#13;<br \/>\n&#13;<br \/>\n&#13;<br \/>\n&#13;<br \/>\n&#13;<br \/>\n&#13;<br \/>\n&#13;<br \/>\n&#13;<br \/>\n&#13;<br \/>\n&#13;<br \/>\n&#13;<br \/>\n&#13;<br \/>\n&#13;<br \/>\n&#13;<br \/>\n&#13;<br \/>\n&#13;<br \/>\n&#13;<br \/>\n&#13;<br \/>\n&#13;<br \/>\n&#13;<br \/>\n&#13;<br \/>\n&#13;<br \/>\n&#13;<br \/>\n&#13;<br \/>\n&#13;<br \/>\n&#13;<br \/>\n&#13;<br \/>\n&#13;<br \/>\n&#13;<br \/>\n&#13;<br \/>\n&#13;<br \/>\n&#13;<br \/>\n&#13;<br \/>\n&#13;<br \/>\n&#13;<br \/>\n&#13;<br \/>\n&#13;<br \/>\n&#13;<br \/>\n&#13;<br \/>\n&#13;<br \/>\n&#13;<br \/>\n&#13;<br \/>\n&#13;<br \/>\n&#13;<br \/>\n&#13;<br \/>\n&#13;<br \/>\n&#13;<br \/>\n&#13;<br \/>\n&#13;<br \/>\n&#13;<br \/>\n&#13;<br \/>\n&#13;\n<\/p>\n<p>    Deportati e segregati<\/p>\n<p class=\"chapter-paragraph\"><b>L\u2019AfD della Sassonia-Anhalt \u00e8, con quella della Turingia, la pi\u00f9 radicale della Germania<\/b>. <a href=\"https:\/\/www.corriere.it\/sette\/25_febbraio_23\/alice-weidel-afd-germania-chi-e-dee2fb49-09a8-4fd0-905c-8540083e2xlk.shtml\" target=\"_blank\" rel=\"nofollow noopener\">Se Alice Weidel potrebbe anche, in futuro, non scartare l\u2019ipotesi di una riconversione \u00abmeloniana\u00bb<\/a>, qui non ci pensano nemmeno. Il partito regionale \u00e8 classificato \u00absicuramente estremista\u00bb dal Verfassungsschutz, i servizi interni.<\/p>\n<p class=\"chapter-paragraph\">Cosa pensa l\u2019AfD, cosa vuole e come governer\u00e0 se vince quest\u2019oggi   lo si legge nel <a href=\"https:\/\/www.corriere.it\/esteri\/26_settembre_02\/programma-afd-germania-162a7865-036c-45c2-b05f-83a024b64xlk.shtml\" target=\"_blank\" rel=\"nofollow noopener\">manifesto di Magdeburgo<\/a>, votato ad aprile. L\u2019ha scritto una delle menti politiche pi\u00f9 radicali dell\u2019AfD, il Rasputin di \u00abUlli\u00bb, il filo-putiniano Hans-Thomas Tillschneider. Il Times di Londra, con l\u2019efficacia dei titolisti inglesi, l\u2019ha definito \u00abdeportazione &amp; segregazione\u00bb. <b>C\u2019\u00e8 la remigrazione, ovviamente. Ma anche il ritorno a un\u2019educazione prussiana (\u00abPi\u00f9 Bismarck meno Hitler\u00bb, ripete spesso Siegmund), l\u2019addio alla scuola dell\u2019obbligo. Classi a parte per i disabili e i figli dei rifugiati, tanto saranno \u00abdeportati\u00bb<\/b>. E poi \u00abpensare tedesco\u00bb (deutsch denken), privilegiare un\u2019arte che fortifichi \u00ablo spirito nazionale\u00bb. Pieni rapporti con la Russia: questo non c\u2019entra con chi deve governare in Sassonia-Anhalt, ma l\u2019hanno scritto lo stesso.<\/p>\n<p>    I precedenti<\/p>\n<p class=\"chapter-paragraph\"><b>Non \u00e8 la prima volta che la Germania prova a resuscitare lo spirito d\u2019estrema destra, a smontare la cultura antinazista<\/b>. Nel 1953, l\u2019SPR (Sozialistische Reichspartei) fu messa fuorilegge: erano i posthitleriani.  Negli anni \u201980 e \u201990 ci provarono i Republikaner, ma di loro si sono perse le tracce, come dei neonazi  della Ndp.<\/p>\n<p class=\"chapter-paragraph\"><b>L\u2019AfD \u2014 Alternative f\u00fcr Deutschland \u2014 nasce solo nel 2013, nel pieno della crisi dell\u2019euro. Viene fondata dai professori anti-euro<\/b>, capitanati da Bernd Lucke, che volevano spingere l\u2019Italia a tornare alla lira. Fin dall\u2019inizio ci si chiese se fossero il cavallo di Troia dell\u2019ultradestra. <b>Con l\u2019arrivo dei migranti siriani \u2014 vero spartiacque di questi anni \u2014 l\u2019ala nazionalista-radicale tir\u00f2 gi\u00f9 la maschera e cacci\u00f2 i professori<\/b>. Fu poi Alice Weidel, pi\u00f9 pragmatica, nel 2019, a prendere in mano   l\u2019AfD e a portarla  dal 9 al 21% delle ultime elezioni. Oggi nei sondaggi  \u00e8 il primo partito tedesco, davanti alla Cdu.<\/p>\n<p>    Est-Ovest<\/p>\n<p class=\"chapter-paragraph\"><b>L\u2019Alternative ha nell\u2019Est le sue roccaforti.  E senza l\u2019Est non esisterebbe nella forma attuale. Fu qui \u2014 nella Prussia pi\u00f9 conservatrice \u2014 che dopo la riunificazione arrivarono i pifferai dell\u2019estrema destra, Bj\u00f6rn H\u00f6cke, Alexander Gauland<\/b>. Crearono reti, relazioni. Nel deserto post-Ddr, non esistevano sindacati, chiese, associazioni, non c\u2019era la societ\u00e0 civile  \u2014 fu l\u2019idea \u2014 che avrebbe strozzato un progetto radicale  sul nascere, come sarebbe invece avvenuto nell\u2019Ovest. E una volta messe le radici e creata una base \u2014 ecco  il teorema \u2014 si sarebbe potuto conquistare la Germania dalla periferia. Cos\u00ec \u00e8 stato. <b>In tanti L\u00e4nder dell\u2019Ovest l\u2019AfD ha un quinto dei consensi: perfino nella ricca Baviera<\/b>.<\/p>\n<p>    Proibirli o no?<\/p>\n<p class=\"chapter-paragraph\">Dieci giorni fa, due pesi massimi, il ministro della Difesa Boris Pistorius (Spd) e il governatore verde del Baden-W\u00fcrttemberg, Cem \u00d6zdemir, si sono espressi per bandire i partiti \u00absicuramente estremisti\u00bb, a livello regionale. Sarebbe la fine dell\u2019AfD di Siegmund. <b>La Costituzione tedesca prevede il bando dei partiti che vogliono abolire la democrazia. Ma si pu\u00f2 mettere fuorilegge     una formazione  votata da un quarto dei tedeschi?<\/b> La Germania su questo si sta spaccando a met\u00e0. Lo storico del nazismo Norbert Frei dice che la richiesta della messa al bando \u00abavrebbe dovuto essere presentata da tempo\u00bb. Il sociologo Matthias Quent obietta che il \u00abtab\u00f9 morale\u00bb attorno all\u2019AfD sta perdendo efficacia.<\/p>\n<p class=\"chapter-paragraph\">C\u2019\u00e8 poi l\u2019altra grande domanda:<b> riuscir\u00e0 la Cdu a rispettare il cordone sanitario, a resistere alle sirene dell\u2019AfD<\/b>, a quanti nel partito, nell\u2019industria, nei media vedono l\u2019alleanza come inevitabile, perfino naturale?<\/p>\n<p>    Alice, Bj\u00f6rn, Ulli<\/p>\n<p class=\"chapter-paragraph\">L\u2019AfD non \u00e8 un monolite. Weidel, la leader lesbica, sposata con due figlie \u2014 quel che l\u2019AfD sassone definisce nel manifesto \u00abdepravazione\u00bb \u2014 \u00e8 pragmatica. <b>H\u00f6cke ha ripetuto per primo in pubblico lo slogan nazista Alles f\u00fcr Deutschland (\u00abTutto per la Germania\u00bb): un\u2019anima nera, ma non scalda i cuori. Siegmund \u00e8 \u00abpositivo\u00bb, fa sorridere perfino  Weidel<\/b>. L\u2019ultimo paradosso dell\u2019AfD \u00e8 che il leader di maggior successo, il pi\u00f9 gentile, \u00e8 (dopo H\u00f6cke) anche il pi\u00f9 radicale.<\/p>\n<p class=\"is-last-update\" datetime=\"2026-09-05T23:22:17+02:00\">5 settembre 2026<\/p>\n<p class=\"is-copyright\">\n            \u00a9 RIPRODUZIONE RISERVATA\n        <\/p>\n","protected":false},"excerpt":{"rendered":"di Mara Gergolet Siegmund, il leader pi\u00f9 sorridente, \u00e8 anche tra i pi\u00f9 radicali. Lo scontro sulla messa&hellip;\n","protected":false},"author":3,"featured_media":667175,"comment_status":"","ping_status":"","sticky":false,"template":"","format":"standard","meta":{"footnotes":"","_share_on_mastodon":"0"},"categories":[160],"tags":[14665,367633,367634,2983,243718,367635,47267,367636,367637,367638,367639,367640,367641,367642,367643,367631,37492,148996,2901,110366,1841,60345,35957,22549,26860,3020,14,164,165,208425,169914,3177,124596,2600,7625,18152,18153,8109,724,96287,124597,124598,3044,208426,381,365865,38961,8990,13181,82861,166,7,15,4563,30572,29,37178,978,367632,22295,2851,55003,42798,8150,349628,349629,988,10333,349627,10335,8233,365860,11,167,12,168,2529,148997,161,162,163],"class_list":["post-667174","post","type-post","status-publish","format-standard","has-post-thumbnail","category-mondo","tag-abolire","tag-abolire-democrazia","tag-abolire-democrazia-mettere","tag-addio","tag-addio-scuola","tag-addio-scuola-obbligo","tag-afd","tag-afd-alternative","tag-afd-alternative-fur","tag-afd-lavora","tag-afd-lavora-progetto","tag-afd-leader","tag-afd-leader-successo","tag-afd-mobilitava","tag-afd-mobilitava-studiando","tag-afd-partito","tag-alice","tag-alice-weidel","tag-alternative","tag-anhalt","tag-bando","tag-bjorn","tag-cdu","tag-chiese","tag-conquistare","tag-corsi","tag-cronaca","tag-dal-mondo","tag-dalmondo","tag-ddr","tag-deportati","tag-destra","tag-deutschland","tag-efficacia","tag-est","tag-estrema","tag-estrema-destra","tag-estremisti","tag-euro","tag-fuorilegge","tag-fur","tag-fur-deutschland","tag-germania","tag-hocke","tag-leader","tag-magdeburgo","tag-manifesto","tag-massa","tag-messa","tag-messa-bando","tag-mondo","tag-news","tag-notizie","tag-ovest","tag-partiti","tag-partito","tag-pensano","tag-post","tag-pragmatica","tag-professori","tag-progetto","tag-radicale","tag-radicali","tag-regionale","tag-sassonia","tag-sassonia-anhalt","tag-scritto","tag-sicuramente","tag-siegmund","tag-spirito","tag-tedesco","tag-ulli","tag-ultime-notizie","tag-ultime-notizie-di-mondo","tag-ultimenotizie","tag-ultimenotiziedimondo","tag-viene","tag-weidel","tag-world","tag-world-news","tag-worldnews"],"share_on_mastodon":{"url":"","error":"Validation failed: Text character limit of 500 exceeded"},"_links":{"self":[{"href":"https:\/\/www.europesays.com\/it\/wp-json\/wp\/v2\/posts\/667174","targetHints":{"allow":["GET"]}}],"collection":[{"href":"https:\/\/www.europesays.com\/it\/wp-json\/wp\/v2\/posts"}],"about":[{"href":"https:\/\/www.europesays.com\/it\/wp-json\/wp\/v2\/types\/post"}],"author":[{"embeddable":true,"href":"https:\/\/www.europesays.com\/it\/wp-json\/wp\/v2\/users\/3"}],"replies":[{"embeddable":true,"href":"https:\/\/www.europesays.com\/it\/wp-json\/wp\/v2\/comments?post=667174"}],"version-history":[{"count":0,"href":"https:\/\/www.europesays.com\/it\/wp-json\/wp\/v2\/posts\/667174\/revisions"}],"wp:featuredmedia":[{"embeddable":true,"href":"https:\/\/www.europesays.com\/it\/wp-json\/wp\/v2\/media\/667175"}],"wp:attachment":[{"href":"https:\/\/www.europesays.com\/it\/wp-json\/wp\/v2\/media?parent=667174"}],"wp:term":[{"taxonomy":"category","embeddable":true,"href":"https:\/\/www.europesays.com\/it\/wp-json\/wp\/v2\/categories?post=667174"},{"taxonomy":"post_tag","embeddable":true,"href":"https:\/\/www.europesays.com\/it\/wp-json\/wp\/v2\/tags?post=667174"}],"curies":[{"name":"wp","href":"https:\/\/api.w.org\/{rel}","templated":true}]}}