{"id":667186,"date":"2026-09-06T00:55:17","date_gmt":"2026-09-06T00:55:17","guid":{"rendered":"https:\/\/www.europesays.com\/it\/667186\/"},"modified":"2026-09-06T00:55:17","modified_gmt":"2026-09-06T00:55:17","slug":"kimi-antonelli-e-suami-di-tavi-nuova-coppia-a-monza","status":"publish","type":"post","link":"https:\/\/www.europesays.com\/it\/667186\/","title":{"rendered":"Kimi Antonelli e Suami Di Tavi: nuova coppia a Monza?"},"content":{"rendered":"<p data-journey-content=\"true\" data-node-id=\"3\" class=\"css-1ood0zq emevuu60\">Quando hai 20 anni, sei un fenomeno in quello che fai e il pubblico si \u00e8 gi\u00e0 affezionato a te e alla tua vita, \u00e8 inevitabile che ogni uscita, ogni indizio e ogni possibile frequentazione diventino materiale per i siti di gossip e per i social. Gli occhi sono tutti puntati su di te.<\/p>\n<p data-journey-content=\"true\" data-node-id=\"7\" class=\"css-1ood0zq emevuu60\">Se a questo si aggiunge la pressione di un evento come il <strong data-node-id=\"7.1\">Gran Premio d\u2019Italia di Formula 1<\/strong>, il gioco \u00e8 fatto: <strong data-node-id=\"7.3\"><a href=\"https:\/\/www.cosmopolitan.com\/it\/star\/gossip-news\/a70772008\/andrea-kimi-antonelli-chi-e-vita-privata\/\" target=\"_blank\" data-vars-ga-outbound-link=\"https:\/\/www.cosmopolitan.com\/it\/star\/gossip-news\/a70772008\/andrea-kimi-antonelli-chi-e-vita-privata\/\" data-vars-ga-ux-element=\"Hyperlink\" data-vars-ga-call-to-action=\"Kimi Antonelli\" data-node-id=\"7.3.0\" class=\"body-link css-ohbdae emevuu60\" rel=\"nofollow noopener\">Kimi Antonelli<\/a> \u00e8 la nostra nuova ossessione collettiva<\/strong> e quello di Monza \u00e8 uno dei weekend pi\u00f9 importanti della sua stagione. Il giovane pilota Mercedes \u00e8 atteso in pista domenica 6 settembre, dove i fan italiani seguiranno ogni suo movimento, ma anche fuori dal circuito: il GP potrebbe essere l\u2019occasione per vederlo accanto a <strong data-node-id=\"7.5\">Suami Di Tavi<\/strong>, la ragazza indicata come la sua possibile nuova frequentazione.<\/p>\n<p data-journey-content=\"true\" data-node-id=\"11\" class=\"css-1ood0zq emevuu60\">Dopo gli avvistamenti estivi in Costa Smeralda e le fotografie scattate a Portofino, la domanda \u00e8 una sola: <strong data-node-id=\"11.1\">Suami accompagner\u00e0 Kimi nel suo weekend di casa?<\/strong> Al momento non ci sono conferme ufficiali, ma l\u2019attenzione intorno ai due continua a crescere.<\/p>\n<p><img decoding=\"async\" data-dynamic-svg=\"true\" src=\"https:\/\/www.cosmopolitan.com\/_assets\/design-tokens\/fre\/static\/icons\/arrow-right.7440adc.svg?primary=%2523D4D4D4\" loading=\"lazy\" data-testid=\"dynamic-svg-base\" height=\"auto\" width=\"auto\" aria-label=\"Prev carousel button\" alt=\"Chevron Left Icon\" data-theme-key=\"icon-button-icon\" transform=\"scaleX(-1)\" class=\"css-14vtfey erhb41k0\"\/><img decoding=\"async\" data-dynamic-svg=\"true\" src=\"https:\/\/www.cosmopolitan.com\/_assets\/design-tokens\/fre\/static\/icons\/arrow-right.7440adc.svg?primary=%2523ffffff\" loading=\"lazy\" data-testid=\"dynamic-svg-base\" height=\"auto\" width=\"auto\" aria-label=\"Next carousel button\" alt=\"Chevron Right Icon\" data-theme-key=\"icon-button-icon\" class=\"css-18znc9e erhb41k0\"\/>Chi \u00e8 Suami Di Tavi<\/p>\n<p data-journey-content=\"true\" data-node-id=\"24\" class=\"body-text css-1ood0zq emevuu60\">Suami Di Tavi \u00e8 una giovane milanese di 20 anni. Secondo quanto riportato da diverse testate, studia all\u2019Universit\u00e0 Cattolica del Sacro Cuore di Milano.<\/p>\n<p data-journey-content=\"true\" data-node-id=\"28\" class=\"body-text css-1ood0zq emevuu60\">Prima delle fotografie insieme a Kimi Antonelli, il suo nome non era conosciuto dal grande pubblico. Dal suo profilo Instagram emergerebbe una passione per i viaggi, il mare e le vacanze, raccontati attraverso immagini personali e scatti insieme alle amiche.<\/p>\n<p data-journey-content=\"true\" data-node-id=\"32\" class=\"body-text css-1ood0zq emevuu60\">Suami sembra avere mantenuto finora un profilo molto riservato. Non risultano interviste o dichiarazioni pubbliche e, soprattutto, nessuno dei due ha confermato ufficialmente di essere una coppia. Per ora, dunque, \u00e8 pi\u00f9 corretto parlare di una possibile frequentazione.<\/p>\n<p>Dalla Costa Smeralda a Portofino: gli indizi sul flirt<\/p>\n<p data-journey-content=\"true\" data-node-id=\"39\" class=\"css-1ood0zq emevuu60\">Il primo avvistamento risale all\u2019inizio di agosto, <strong data-node-id=\"39.1\">durante una vacanza in Costa Smeralda<\/strong>. Kimi Antonelli era stato fotografato accanto a una ragazza inizialmente non identificata.<\/p>\n<p data-journey-content=\"true\" data-node-id=\"43\" class=\"css-1ood0zq emevuu60\">A collegare quella giovane a Suami Di Tavi sarebbe stato il giornalista Gabriele Parpiglia, anche attraverso il confronto tra alcuni dettagli delle immagini pubblicate sui social e quelli presenti nelle fotografie della vacanza. <\/p>\n<p data-journey-content=\"true\" data-node-id=\"47\" class=\"css-1ood0zq emevuu60\"><strong data-node-id=\"47.0\">Il secondo avvistamento \u00e8 arrivato a Portofino.<\/strong> Le immagini pubblicate dal settimanale Chi mostrano Kimi e Suami insieme all\u2019Hotel Splendido, durante un pranzo. Una nuova occasione trascorsa nello stesso luogo che ha riacceso le indiscrezioni sul loro rapporto. <\/p>\n<p>Il GP di Monza e il possibile debutto nel paddock<\/p>\n<p data-journey-content=\"true\" data-node-id=\"52\" class=\"css-1ood0zq emevuu60\">Il gossip arriva proprio nei giorni del <strong data-node-id=\"52.1\">Gran Premio d\u2019Italia<\/strong>, in programma dal 4 al 6 settembre all\u2019Autodromo Nazionale di Monza. Per Kimi Antonelli si tratta di un appuntamento speciale: rappresenta anche il luogo in cui la sua storia con la Formula 1 ha cominciato a diventare concreta. Nel 2024, infatti, aveva partecipato alla sua prima sessione di prove libere in F1 proprio sul circuito brianzolo, prima di approdare stabilmente nel campionato l\u2019anno successivo.  <\/p>\n<p>La storia con Eliska Babickova<\/p>\n<p data-journey-content=\"true\" data-node-id=\"57\" class=\"css-1ood0zq emevuu60\">Prima di essere accostato a Suami Di Tavi, Kimi Antonelli era legato a <a href=\"https:\/\/www.cosmopolitan.com\/it\/star\/coppie-famose\/a64204291\/kimi-antonelli-fidanzata-eliska-babickova\/\" target=\"_blank\" data-vars-ga-outbound-link=\"https:\/\/www.cosmopolitan.com\/it\/star\/coppie-famose\/a64204291\/kimi-antonelli-fidanzata-eliska-babickova\/\" data-vars-ga-ux-element=\"Hyperlink\" data-vars-ga-call-to-action=\"Eliska Babickova,\" data-node-id=\"57.1\" class=\"body-link css-ohbdae emevuu60\" rel=\"nofollow noopener\"><strong data-node-id=\"57.1.0\">Eliska Babickova<\/strong>,<\/a> giovane pilota ceca con cui aveva una relazione dal 2023.<\/p>\n<p data-journey-content=\"true\" data-node-id=\"61\" class=\"css-1ood0zq emevuu60\">La loro storia si \u00e8 conclusa all\u2019inizio del 2026. Era stata Babickova a raccontare di aver preso lei la decisione, spiegando che i due non si sentivano pi\u00f9 allineati rispetto alle loro vite e alle aspettative per il futuro: \u201cSono stata io a mettere <strong data-node-id=\"61.1\">fine<\/strong> alla <strong data-node-id=\"61.3\">relazione<\/strong>, perch\u00e9 <strong data-node-id=\"61.5\">sentivo<\/strong> che non eravamo pi\u00f9 <strong data-node-id=\"61.7\">allineati<\/strong> nelle nostre <strong data-node-id=\"61.9\">vite<\/strong> <strong data-node-id=\"61.11\">personali<\/strong> e in ci\u00f2 che volevamo per il nostro futuro<strong data-node-id=\"61.13\">\u00bb. <\/strong>La giovane aveva inoltre escluso la presenza di tradimenti o di retroscena particolari: \u00abNon c\u2019\u00e8 stato nessun dramma, non c\u2019\u00e8 stato nessun tradimento\u00bb.<\/p>\n<p>Chi \u00e8 Kimi Antonelli<\/p>\n<p data-journey-content=\"true\" data-node-id=\"67\" class=\"css-1ood0zq emevuu60\">Andrea Kimi Antonelli \u00e8 nato a Bologna il <strong data-node-id=\"67.1\">25 agosto 2006<\/strong>. Dopo i successi nelle categorie giovanili, \u00e8 entrato nel programma junior Mercedes e ha conquistato il suo posto in Formula 1 nel 2025, quando ha preso il volante lasciato libero da Lewis Hamilton.<\/p>\n<p data-journey-content=\"true\" data-node-id=\"71\" class=\"css-1ood0zq emevuu60\">Il suo debutto ha acceso immediatamente l\u2019interesse del pubblico: Kimi \u00e8 giovane, italiano, corre per Mercedes e porta in pista una storia di talento e grandi aspettative. \u00c8 anche per questo che la sua vita privata suscita tanta curiosit\u00e0. <\/p>\n","protected":false},"excerpt":{"rendered":"Quando hai 20 anni, sei un fenomeno in quello che fai e il pubblico si \u00e8 gi\u00e0 affezionato&hellip;\n","protected":false},"author":3,"featured_media":667187,"comment_status":"","ping_status":"","sticky":false,"template":"","format":"standard","meta":{"footnotes":"","_share_on_mastodon":"0"},"categories":[1451],"tags":[1621,1620,211206,618,367645,620,203,204,259632,1537,90,89,619,367644,310758,199821],"class_list":["post-667186","post","type-post","status-publish","format-standard","has-post-thumbnail","category-celebrita","tag-celebrita","tag-celebrities","tag-collection-celeb-internazionali","tag-content-type-news","tag-contentid-432d365e-48e5-4e27-9ffd-f55cebfd3889","tag-displaytype-standard-article","tag-entertainment","tag-intrattenimento","tag-issyndicated-false","tag-it","tag-italia","tag-italy","tag-locale-it","tag-shorttitle-kimi-antonelli-e-suami-di-tavi-al-gp-di-monza","tag-sponsored-false","tag-subsection-gossip-news"],"share_on_mastodon":{"url":"https:\/\/pubeurope.com\/@it\/117221375086519695","error":""},"_links":{"self":[{"href":"https:\/\/www.europesays.com\/it\/wp-json\/wp\/v2\/posts\/667186","targetHints":{"allow":["GET"]}}],"collection":[{"href":"https:\/\/www.europesays.com\/it\/wp-json\/wp\/v2\/posts"}],"about":[{"href":"https:\/\/www.europesays.com\/it\/wp-json\/wp\/v2\/types\/post"}],"author":[{"embeddable":true,"href":"https:\/\/www.europesays.com\/it\/wp-json\/wp\/v2\/users\/3"}],"replies":[{"embeddable":true,"href":"https:\/\/www.europesays.com\/it\/wp-json\/wp\/v2\/comments?post=667186"}],"version-history":[{"count":0,"href":"https:\/\/www.europesays.com\/it\/wp-json\/wp\/v2\/posts\/667186\/revisions"}],"wp:featuredmedia":[{"embeddable":true,"href":"https:\/\/www.europesays.com\/it\/wp-json\/wp\/v2\/media\/667187"}],"wp:attachment":[{"href":"https:\/\/www.europesays.com\/it\/wp-json\/wp\/v2\/media?parent=667186"}],"wp:term":[{"taxonomy":"category","embeddable":true,"href":"https:\/\/www.europesays.com\/it\/wp-json\/wp\/v2\/categories?post=667186"},{"taxonomy":"post_tag","embeddable":true,"href":"https:\/\/www.europesays.com\/it\/wp-json\/wp\/v2\/tags?post=667186"}],"curies":[{"name":"wp","href":"https:\/\/api.w.org\/{rel}","templated":true}]}}