{"id":667211,"date":"2026-09-06T01:22:24","date_gmt":"2026-09-06T01:22:24","guid":{"rendered":"https:\/\/www.europesays.com\/it\/667211\/"},"modified":"2026-09-06T01:22:24","modified_gmt":"2026-09-06T01:22:24","slug":"robert-pattinson-a-venezia-2026-con-primetime-di-lance-oppenheim","status":"publish","type":"post","link":"https:\/\/www.europesays.com\/it\/667211\/","title":{"rendered":"Robert Pattinson a Venezia 2026 con Primetime di Lance Oppenheim"},"content":{"rendered":"<p data-journey-content=\"true\" data-node-id=\"3\" class=\"css-1ood0zq emevuu60\">C\u2019\u00e8 chi lo aspetta sul red carpet da una settimana, fan accampati giorno e notte. Ma chi aspettano? La superstar o l\u2019attore? Perch\u00e9 <strong data-node-id=\"3.1\"><a href=\"https:\/\/www.elle.com\/it\/showbiz\/celebrities\/a830824\/robert-pattinson\/\" target=\"_blank\" data-vars-ga-outbound-link=\"https:\/\/www.elle.com\/it\/showbiz\/celebrities\/a830824\/robert-pattinson\/\" data-vars-ga-ux-element=\"Hyperlink\" data-vars-ga-call-to-action=\"Robert Pattinson\" data-node-id=\"3.1.0\" class=\"body-link css-ohbdae emevuu60\" rel=\"nofollow noopener\">Robert Pattinson<\/a><\/strong> \u00e8 esploso a livello planetario con Twilight nel 2008, \u00e8 diventato mito generazionale e icona pop ma dopo ha fatto una scelta coraggiosa. Grazie alla solidit\u00e0 finanziaria raggiunta con la saga ha imboccato percorsi laterali, accettato piccoli film, \u201cpiccoli\u201d ruoli, anche scomodi, molti freak e psicopatici, stando ben attento a non lasciarsi incasellare. Si \u00e8 mosso tra le linee e ha fatto gol, ha dimostrato di avere talento e si \u00e8 guadagnato il rispetto degli autori. David Cronenberg, Robert Eggers, Christopher Nolan, Claire Denis, Brady Corbet, Denis Villeneuve, Lynne Ramsay&#8230; <\/p>\n<p data-journey-content=\"true\" data-node-id=\"7\" class=\"css-1ood0zq emevuu60\"><a href=\"https:\/\/www.elle.com\/it\/showbiz\/celebrities\/a73316763\/suki-waterhouse-figlia-papa-robert-pattinson-soprannome\/\" target=\"_blank\" data-vars-ga-outbound-link=\"https:\/\/www.elle.com\/it\/showbiz\/celebrities\/a73316763\/suki-waterhouse-figlia-papa-robert-pattinson-soprannome\/\" data-vars-ga-ux-element=\"Hyperlink\" data-vars-ga-call-to-action=\"Nel frattempo, \u00e8 diventato pap\u00e0 di una bimba\" data-node-id=\"7.0\" class=\"body-link css-ohbdae emevuu60\" rel=\"nofollow noopener\">Nel frattempo, \u00e8 diventato pap\u00e0 di una bimba<\/a>, avuta da <strong data-node-id=\"7.2\">Suki Waterhouse, sua compagna da anni <\/strong>che &#8211; si dice &#8211; abbia segretamente sposato. E forse la paternit\u00e0 ha influito sulla scelta di produrre e interpretare il film che l\u2019attore britannico porta a Venezia, <strong data-node-id=\"7.4\">Primetime di Lance Oppenheim<\/strong>, sul celebre giornalista <a href=\"https:\/\/www.elle.com\/it\/showbiz\/cinema\/a73588974\/primetime-film-to-catch-a-predator-robert-pattinson-venezia-2026-storia-vera\/\" target=\"_blank\" data-vars-ga-outbound-link=\"https:\/\/www.elle.com\/it\/showbiz\/cinema\/a73588974\/primetime-film-to-catch-a-predator-robert-pattinson-venezia-2026-storia-vera\/\" data-vars-ga-ux-element=\"Hyperlink\" data-vars-ga-call-to-action=\"Chris Hansen che nel suo programma To Catch a Predator \" data-node-id=\"7.6\" class=\"body-link css-ohbdae emevuu60\" rel=\"nofollow noopener\">Chris Hansen che nel suo programma To Catch a Predator <\/a>smascherava i pedofili in collaborazione con le forze dell\u2019ordine, portandoli in trasmissione con l\u2019inganno e facendoli arrestare. <\/p>\n<p data-journey-content=\"true\" data-node-id=\"12\" class=\"css-1ood0zq emevuu60\">Per essere sul red carpet di Venezia si assenter\u00e0 qualche giorno dal set di The Batman Part II, che sta girando tra Londra e la Scozia. Di recente ha confessato che \u00abgirare scene di combattimento a quest\u2019et\u00e0 si sta rivelando decisamente pi\u00f9 difficile\u00bb. Bello mio, sono 40 anche per te.<\/p>\n<p><img draggable=\"true\" alt=\"man in a gray blazer and checkered shirt on an elle daily venezia magazine cover.\" title=\"man in a gray blazer and checkered shirt on an elle daily venezia magazine cover.\" loading=\"lazy\" width=\"2050\" height=\"2969\" decoding=\"async\" data-nimg=\"1\" style=\"color:transparent;width:100%;height:auto;\"   src=\"https:\/\/www.europesays.com\/it\/wp-content\/uploads\/2026\/09\/09870d63-67ea-43ab-8008-6f3cc794581c.jpg\" class=\"css-0 e1ddfba50\"\/><a target=\"_blank\" rel=\"noopener nofollow\" data-theme-key=\"base-link\" href=\"https:\/\/pinterest.com\/pin\/create\/button\/?url=https:\/\/www.elle.com\/it\/showbiz\/celebrities\/a73620048\/robert-pattinson-carriera-film-venezia-2026-primetime\/&amp;description=elleitalia&amp;media=https:\/\/hips.hearstapps.com\/hmg-prod\/images\/09870d63-67ea-43ab-8008-6f3cc794581c.jpg?resize=1600:*\" class=\"pinterest css-on9hn5 e1socmtw0\"><img decoding=\"async\" data-dynamic-svg=\"true\" src=\"https:\/\/www.elle.com\/_assets\/design-tokens\/fre\/static\/icons\/social\/pinterest.e8cf655.svg?primary=%2523ffffff\" loading=\"lazy\" data-testid=\"dynamic-svg-base\" height=\"auto\" width=\"auto\" alt=\"pinterest\" class=\"css-4lml0h e1mlxuuw1\"\/><\/a><\/p>\n<p>Swan Gallet\/Getty Images<\/p>\n<p data-journey-content=\"true\" data-node-id=\"19\" class=\"css-1ood0zq emevuu60\"><a href=\"https:\/\/hmg-prod.s3.amazonaws.com\/files\/elle-daily-04-web-6a9b5778a488e.pdf\" target=\"_blank\" rel=\"nofollow noopener\" data-vars-ga-outbound-link=\"https:\/\/hmg-prod.s3.amazonaws.com\/files\/elle-daily-04-web-6a9b5778a488e.pdf\" data-vars-ga-call-to-action=\"SCARICA E LEGGI GRATIS ELLE DAILY VENEZIA DEL 5 SETTEMBRE 2026\" data-vars-ga-ux-element=\"Hyperlink\" data-node-id=\"19.0\" data-mrf-link=\"https:\/\/hmg-prod.s3.amazonaws.com\/files\/elle-daily-04-web-6a9b5778a488e.pdf\" class=\"body-btn-link css-15tisfs emevuu60\">SCARICA E LEGGI GRATIS ELLE DAILY VENEZIA DEL 5 SETTEMBRE 2026<\/a><\/p>\n<p><img decoding=\"async\" data-dynamic-svg=\"true\" src=\"https:\/\/www.elle.com\/_assets\/design-tokens\/fre\/static\/icons\/arrow-right.7440adc.svg?primary=%2523D4D4D4\" loading=\"lazy\" data-testid=\"dynamic-svg-base\" height=\"auto\" width=\"auto\" aria-label=\"Prev carousel button\" alt=\"Chevron Left Icon\" data-theme-key=\"icon-button-icon\" transform=\"scaleX(-1)\" class=\"css-14vtfey erhb41k0\"\/><img decoding=\"async\" data-dynamic-svg=\"true\" src=\"https:\/\/www.elle.com\/_assets\/design-tokens\/fre\/static\/icons\/arrow-right.7440adc.svg?primary=%25230f0f15\" loading=\"lazy\" data-testid=\"dynamic-svg-base\" height=\"auto\" width=\"auto\" aria-label=\"Next carousel button\" alt=\"Chevron Right Icon\" data-theme-key=\"icon-button-icon\" class=\"css-18znc9e erhb41k0\"\/><\/p>\n","protected":false},"excerpt":{"rendered":"C\u2019\u00e8 chi lo aspetta sul red carpet da una settimana, fan accampati giorno e notte. Ma chi aspettano?&hellip;\n","protected":false},"author":3,"featured_media":667212,"comment_status":"","ping_status":"","sticky":false,"template":"","format":"standard","meta":{"footnotes":"","_share_on_mastodon":"0"},"categories":[1451],"tags":[1621,1620,330172,5741,367666,620,203,204,259632,1537,90,89,619,367665,310758,194017],"class_list":["post-667211","post","type-post","status-publish","format-standard","has-post-thumbnail","category-celebrita","tag-celebrita","tag-celebrities","tag-collection-mostra-del-cinema-di-venezia-tutti-gli-articoli-sui-film-e-i-protagonisti","tag-content-type-default","tag-contentid-faff68c6-5695-4440-b486-dca264f40f74","tag-displaytype-standard-article","tag-entertainment","tag-intrattenimento","tag-issyndicated-false","tag-it","tag-italia","tag-italy","tag-locale-it","tag-shorttitle-sono-stato-bravo","tag-sponsored-false","tag-subsection-celebrities"],"share_on_mastodon":{"url":"https:\/\/pubeurope.com\/@it\/117221481794811880","error":""},"_links":{"self":[{"href":"https:\/\/www.europesays.com\/it\/wp-json\/wp\/v2\/posts\/667211","targetHints":{"allow":["GET"]}}],"collection":[{"href":"https:\/\/www.europesays.com\/it\/wp-json\/wp\/v2\/posts"}],"about":[{"href":"https:\/\/www.europesays.com\/it\/wp-json\/wp\/v2\/types\/post"}],"author":[{"embeddable":true,"href":"https:\/\/www.europesays.com\/it\/wp-json\/wp\/v2\/users\/3"}],"replies":[{"embeddable":true,"href":"https:\/\/www.europesays.com\/it\/wp-json\/wp\/v2\/comments?post=667211"}],"version-history":[{"count":0,"href":"https:\/\/www.europesays.com\/it\/wp-json\/wp\/v2\/posts\/667211\/revisions"}],"wp:featuredmedia":[{"embeddable":true,"href":"https:\/\/www.europesays.com\/it\/wp-json\/wp\/v2\/media\/667212"}],"wp:attachment":[{"href":"https:\/\/www.europesays.com\/it\/wp-json\/wp\/v2\/media?parent=667211"}],"wp:term":[{"taxonomy":"category","embeddable":true,"href":"https:\/\/www.europesays.com\/it\/wp-json\/wp\/v2\/categories?post=667211"},{"taxonomy":"post_tag","embeddable":true,"href":"https:\/\/www.europesays.com\/it\/wp-json\/wp\/v2\/tags?post=667211"}],"curies":[{"name":"wp","href":"https:\/\/api.w.org\/{rel}","templated":true}]}}