{"id":667241,"date":"2026-09-06T01:52:18","date_gmt":"2026-09-06T01:52:18","guid":{"rendered":"https:\/\/www.europesays.com\/it\/667241\/"},"modified":"2026-09-06T01:52:18","modified_gmt":"2026-09-06T01:52:18","slug":"palinsesto-rai-1-la-campanella-suona-il-7-settembre-chi-torna-da-unomattina-ed-e-sempre-mezzogiorno-a-la-volta-buona-e-vita-in-diretta-orari-e-novita","status":"publish","type":"post","link":"https:\/\/www.europesays.com\/it\/667241\/","title":{"rendered":"Palinsesto Rai 1, la campanella suona il 7 settembre: chi torna, da Unomattina ed \u00c8 sempre mezzogiorno a La Volta Buona e Vita in Diretta. Orari e novit\u00e0"},"content":{"rendered":"<p>                Vita in Diretta <\/p>\n<p>Alle 16,55 parte la nuova stagione di <a href=\"https:\/\/www.ilmessaggero.it\/t\/vita-in-diretta\" rel=\"nofollow noopener\" target=\"_blank\">Vita in Diretta<\/a>, con la conduzione di <a href=\"https:\/\/www.ilmessaggero.it\/t\/alberto-matano\" rel=\"nofollow noopener\" target=\"_blank\">Alberto Matano<\/a>. Dopo la pausa estiva, il programma torna ad accompagnare il pubblico del pomeriggio della rete ammiraglia con un nuovo ciclo di appuntamenti quotidiani, in onda dal luned\u00ec al venerd\u00ec. Alberto Matano sar\u00e0 ancora una volta al centro di un racconto quotidiano fatto di informazione, attualit\u00e0, cronaca e storie, con uno sguardo costantemente rivolto a ci\u00f2 che accade nel Paese e nel mondo. Dai principali fatti della giornata agli avvenimenti che conquistano l\u2019attenzione dell\u2019opinione pubblica, \u201cVita in Diretta\u201d seguir\u00e0 l\u2019attualit\u00e0 attraverso collegamenti in diretta, inviati sul territorio, ospiti, testimonianze e approfondimenti, mantenendo forte il legame con il pubblico e con le realt\u00e0 del Paese. Il programma conferma la sua formula editoriale, capace di intrecciare il rigore dell\u2019informazione con il racconto delle persone e delle loro storie. Un equilibrio che negli anni ha reso \u201cVita in Diretta\u201d uno degli appuntamenti pi\u00f9 riconoscibili della programmazione televisiva italiana. \u00abRipartiamo con l\u2019entusiasmo di sempre e con la voglia di essere ancora una volta accanto al pubblico, raccontando quello che accade nel nostro Paese e nel mondo\u00bb, commenta Alberto Matano. \u00abSar\u00e0 una nuova stagione ricca di storie, approfondimenti e grandi temi di attualit\u00e0, con l\u2019obiettivo di informare e, soprattutto, di dare voce alle persone\u00bb. La nuova stagione di \u201cVita in Diretta\u201d si svilupper\u00e0 lungo tutto l\u2019arco della stagione televisiva 2026\/2027, confermando il programma come uno dei punti di riferimento del pomeriggio di Rai 1. <\/p>\n","protected":false},"excerpt":{"rendered":"Vita in Diretta Alle 16,55 parte la nuova stagione di Vita in Diretta, con la conduzione di Alberto&hellip;\n","protected":false},"author":3,"featured_media":667242,"comment_status":"","ping_status":"","sticky":false,"template":"","format":"standard","meta":{"footnotes":"","_share_on_mastodon":"0"},"categories":[1444],"tags":[118252,367672,10359,18205,39049,203,65316,204,1537,90,89,53628,53629,367673,37003,367674,148024,2848,3501,131033,253,165432],"class_list":["post-667241","post","type-post","status-publish","format-standard","has-post-thumbnail","category-tv","tag-sempre-mezzogiorno","tag-7-settembre","tag-alberto-matano","tag-antonella-clerici","tag-caterina-balivo","tag-entertainment","tag-il-paradiso-delle-signore","tag-intrattenimento","tag-it","tag-italia","tag-italy","tag-palinsesti","tag-palinsesti-rai","tag-palinsesti-rai-1","tag-palinsesto","tag-palinsesto-rai-1","tag-palinsesto-tv","tag-rai","tag-rai-1","tag-storie-italiane","tag-tv","tag-unomattina"],"share_on_mastodon":{"url":"https:\/\/pubeurope.com\/@it\/117221598589558762","error":""},"_links":{"self":[{"href":"https:\/\/www.europesays.com\/it\/wp-json\/wp\/v2\/posts\/667241","targetHints":{"allow":["GET"]}}],"collection":[{"href":"https:\/\/www.europesays.com\/it\/wp-json\/wp\/v2\/posts"}],"about":[{"href":"https:\/\/www.europesays.com\/it\/wp-json\/wp\/v2\/types\/post"}],"author":[{"embeddable":true,"href":"https:\/\/www.europesays.com\/it\/wp-json\/wp\/v2\/users\/3"}],"replies":[{"embeddable":true,"href":"https:\/\/www.europesays.com\/it\/wp-json\/wp\/v2\/comments?post=667241"}],"version-history":[{"count":0,"href":"https:\/\/www.europesays.com\/it\/wp-json\/wp\/v2\/posts\/667241\/revisions"}],"wp:featuredmedia":[{"embeddable":true,"href":"https:\/\/www.europesays.com\/it\/wp-json\/wp\/v2\/media\/667242"}],"wp:attachment":[{"href":"https:\/\/www.europesays.com\/it\/wp-json\/wp\/v2\/media?parent=667241"}],"wp:term":[{"taxonomy":"category","embeddable":true,"href":"https:\/\/www.europesays.com\/it\/wp-json\/wp\/v2\/categories?post=667241"},{"taxonomy":"post_tag","embeddable":true,"href":"https:\/\/www.europesays.com\/it\/wp-json\/wp\/v2\/tags?post=667241"}],"curies":[{"name":"wp","href":"https:\/\/api.w.org\/{rel}","templated":true}]}}