{"id":667302,"date":"2026-09-06T02:52:12","date_gmt":"2026-09-06T02:52:12","guid":{"rendered":"https:\/\/www.europesays.com\/it\/667302\/"},"modified":"2026-09-06T02:52:12","modified_gmt":"2026-09-06T02:52:12","slug":"il-forno-parla-con-la-lavatrice-e-con-il-condizionatore-sara-lintelligenza-artificiale-a-realizzare-la-vera-smart-home","status":"publish","type":"post","link":"https:\/\/www.europesays.com\/it\/667302\/","title":{"rendered":"Il forno parla con la lavatrice e con il condizionatore: sar\u00e0 l&#8217;intelligenza artificiale a realizzare la vera \u00absmart home\u00bb?"},"content":{"rendered":"<p class=\"summary-art is-normal-b-light\">Hisense lancia all&#8217;Ifa di Berlino 2026 la sua piattaforma V AIOS per andare oltre i televisori, che restano comunque al centro delle strategie: debutta il colosso da 116 pollici con la versione migliorata della tecnologia Rgb MiniLed<\/p>\n<p class=\"chapter-paragraph\">Pu\u00f2 l&#8217;AI riuscire a rendere la casa davvero smart, realizzando le promesse che la domotica ripete a vuoto da oltre dieci anni? Pu\u00f2 l&#8217;intelligenza artificiale far parlare il forno con la lavatrice e con il condizionatore (a patto che abbiano qualcosa da dirsi), come gli stand delle fiere di elettronica ci mostrano ormai da diversi lustri?<br \/>A questa domanda provano a rispondere i colossi dell\u2019elettronica di consumo a <b>Ifa 2026<\/b>, la maxi-fiera della tecnologia appena aperta a Berlino. Una delle proposte pi\u00f9 ambiziose e complesse su questo fronte \u00e8 arrivata da <b>Hisense<\/b>. Il colosso cinese, gi\u00e0 sul podio per vendite mondiali di televisori, tenta il salto di qualit\u00e0: trasformare gli elettrodomestici da semplici esecutori passivi di comandi a nodi coordinati di una rete domestica. La conferenza stampa a Berlino e lo stand hanno mostrato al lavoro algoritmi predittivi e sensori chiamati ad anticipare le routine quotidiane, riducendo l&#8217;attrito tra uomo e macchina e, si spera, alleggerire il peso delle incombenze domestiche.<\/p>\n<p>    Dalla teoria alla cucina: cosa cambia davvero<\/p>\n<p class=\"chapter-paragraph\">La scommessa software del gruppo si chiama <b>V AIOS<\/b> (pronunciato\u00a0\u00abvi-ei-ai-o-es\u00bb che suona molto simile a \u00abiOS\u00bb di Apple), un sistema operativo per l&#8217;ambiente domestico che raccoglie l&#8217;eredit\u00e0 della piattaforma Vidaa, da anni al centro dei televisori Hisense, e del protocollo ConnectLife.\u00a0<br \/>L&#8217;obiettivo dichiarato \u00e8 ribaltare l&#8217;interazione tradizionale. \u00abIl consumatore oggi \u00e8 alla ricerca del beneficio concreto che l&#8217;intelligenza artificiale pu\u00f2 garantire\u00bb, ci dice <b>Tatiana Pampalone<\/b>, responsabile del marketing di Hisense Italia. \u00abIl passaggio fondamentale sta nel non dover pi\u00f9 chiedere o impostare manualmente ogni parametro &#8211; aggiunge -. \u00c8 l&#8217;elettrodomestico che suggerisce la soluzione migliore in base alle abitudini, creando un ecosistema integrato dove dal forno si pu\u00f2 persino spegnere la lavatrice\u00bb.<br \/>Al netto delle suggestioni futuristiche, il banco di prova resta l&#8217;utilit\u00e0 quotidiana. <b>Gli esempi portati a Berlino<\/b> mostrano la direzione: un frigorifero con schermo da 21 pollici integra una AI Camera con riconoscimento visivo degli alimenti, compila la dispensa digitale e suggerisce ricette trasferendo i parametri di cottura direttamente al forno. Quest&#8217;ultimo (il modello BI614P9B) sfrutta a sua volta una videocamera interna per stimare il peso del cibo e sorvegliare la doratura, mentre sul piano a induzione (nome in codice: HI98546BSC&#8230; s\u00ec, nel mondo della casa connessa i nomi restano inutilmente complicati) un agente software consiglia le potenze corrette.    &#13;<br \/>\n&#13;<br \/>\n&#13;<br \/>\n&#13;<br \/>\n&#13;<br \/>\n&#13;<br \/>\n&#13;<br \/>\n&#13;<br \/>\n&#13;<br \/>\n&#13;<br \/>\n&#13;<br \/>\n&#13;<br \/>\n&#13;<br \/>\n&#13;<br \/>\n&#13;<br \/>\n&#13;<br \/>\n&#13;<br \/>\n&#13;<br \/>\n&#13;<br \/>\n&#13;<br \/>\n&#13;<br \/>\n&#13;<br \/>\n&#13;<br \/>\n&#13;<br \/>\n&#13;<br \/>\n&#13;<br \/>\n&#13;<br \/>\n&#13;<br \/>\n&#13;<br \/>\n&#13;<br \/>\n&#13;<br \/>\n&#13;<br \/>\n&#13;<br \/>\n&#13;<br \/>\n&#13;<br \/>\n&#13;<br \/>\n&#13;<br \/>\n&#13;<br \/>\n&#13;<br \/>\n&#13;<br \/>\n&#13;<br \/>\n&#13;<br \/>\n&#13;<br \/>\n&#13;<br \/>\n&#13;<br \/>\n&#13;<br \/>\n&#13;<br \/>\n&#13;<br \/>\n&#13;<br \/>\n&#13;<br \/>\n&#13;<br \/>\n&#13;<br \/>\n&#13;\n<\/p>\n<p class=\"chapter-paragraph\">Per chi guarda <b>all&#8217;efficienza energetica pi\u00f9 che all&#8217;automazione di frontiera<\/b>, la AI Laundry Station compatta lavatrice da 12 kg e asciugatrice da 10 kg in una colonna alta 1,68 metri. La piattaforma proprietaria 7i impiega quattordici sensori per dosare acqua ed energia, con tagli dichiarati fino al 55% sui consumi elettrici di lavaggio.\u00a0<br \/>Un aspetto rilevante riguarda <b>la gestione dei dati:<\/b> Hisense dichiara di affidare parte dei calcoli alla Edge AI (l&#8217;elaborazione locale a bordo macchina), un passaggio obbligato per preservare la privacy domestica ed evitare che ogni singolo scatto della videocamera interna del forno finisca sui server cloud.<\/p>\n<p>    Il televisore resta al centro<\/p>\n<p class=\"chapter-paragraph\">Nonostante l&#8217;invasione di campo nei grandi elettrodomestici, il cuore dell&#8217;intrattenimento e il punto di riferimento visivo della casa rimane il televisore. E per Hisense\u00a0il segmento video continua a fare da traino commerciale e d&#8217;immagine, sostenuto da investimenti massicci nelle sponsorizzazioni sportive (rinnovata la partnership con la Uefa per Euro 2028). I conti del resto danno ragione a questa strategia: il gruppo, spiega Tatiana Pampalone, ha archiviato la prima met\u00e0 del 2026 in Italia con una crescita del fatturato complessivo del 12%, con il comparto Tv a circa +6% e una spinta ancora pi\u00f9 marcata negli elettrodomestici da incasso. Numeri che arrivano in una fase difficile per l&#8217;elettronica di consumo in Italia, anche e non solo per la conclamata <a href=\"https:\/\/www.corriere.it\/tecnologia\/26_settembre_02\/la-memoria-adesso-vale-piu-dell-oro-la-folle-corsa-dei-prezzi-della-ram-di-pc-e-telefoni-spinti-dall-intelligenza-artificiale-c04f73b9-b3c8-4f1b-a569-f0dec815exlk.shtml\" title=\"Un chilo di memoria vale quanto 620 grammi d&#039;oro puro: la folle corsa dei prezzi della Ram di pc e telefoni, spinti dall&#039;intelligenza artificiale\" rel=\"nofollow noopener\" target=\"_blank\">crisi delle memorie<\/a>.<\/p>\n<p>    Centosedici pollici di retroilluminazione Rgb MiniLed<\/p>\n<p class=\"chapter-paragraph\">La prova di forza tecnologica a Berlino si chiama <b>116UXS<\/b>, un colosso da <b>116 pollici <\/b>che porta al debutto europeo la tecnologia <b>Chromagic 2.0<\/b>. La base di partenza \u00e8 la retroilluminazione <b>Rgb MiniLed<\/b>: a differenza dei pannelli tradizionali, dove minuscoli diodi a luce bianca o blu illuminano filtri colorati, qui la matrice impiega sorgenti distinte rosse, verdi e blu, a cui Hisense aggiunge un quarto emettitore ciano dedicato.<br \/>Della <b>tecnologia Rgb MiniLed<\/b> <a href=\"https:\/\/www.corriere.it\/tecnologia\/cards\/tutti-i-televisori-del-ces-2026-micro-rgb-intelligenza-artificiale-e-dolby-vision-2-cosi-cambia-il-piccolo-schermo\/hisense-nbsp.shtml\" rel=\"nofollow noopener\" target=\"_blank\">abbiamo gi\u00e0 parlato in passato:<\/a> l\u2019idea, sintetizzando molto, \u00e8 ampliare la gamma cromatica intervenendo direttamente sulla retroilluminazione. Colori migliori, pi\u00f9 fedeli, pi\u00f9 belli da vedere, pur rimanendo su pannelli retroilluminati da minuscole fonti di luce (da cui il MiniLed del nome). Molto retroilluminati, verrebbe da dire, visto che Hisense dichiara una luminosit\u00e0 di picco di 10.000 nit. A gestire il pannello c\u2019\u00e8 il processore Hi-View AI Engine Rgb, abbinato all\u2019Obsidian Panel. Da capire i prezzi (che non saranno popolari, vista la taglia e le caratteristiche del televisore) e i tempi di distribuzione per l\u2019Italia. La gamma Rgb MiniLed sar\u00e0 comunque completata da altri modelli pi\u00f9 alla portata di case e portafogli normali, come UR9S e UR8S.<\/p>\n<p>    Laser Tv e il resto<\/p>\n<p class=\"chapter-paragraph\">Il quadro dell&#8217;intrattenimento domestico di Hisense si completa con i <b>Laser Tv<\/b>, categoria su cui il gruppo cinese insiste da anni come alternativa compatta agli schermi oversize: a Berlino debuttano i proiettori a tiro ultracorto XR10, PX4 Pro e L9Q Pro, affiancati dalla serie flessibile C3.<br \/>Sul fronte acustico la novit\u00e0 di punta \u00e8 la <b>soundbar UX1<\/b>, configurata con un impianto a 11.2.6 canali compatibile con i formati Dolby Atmos e Dts, progettata per sincronizzarsi con gli altoparlanti integrati del televisore tramite il protocollo Hi-Concerto. Curiosa anche l&#8217;incursione nei dispositivi indossabili con gli <b>HiClips<\/b>, auricolari senza fili di tipo open-ear da 5,5 grammi per elemento, il cui arrivo in Italia non \u00e8 per\u00f2 al momento confermato.<\/p>\n<p>Per non perdere le ultime novit\u00e0 su tecnologia e innovazione<br \/>iscriviti alla <a href=\"https:\/\/www.corriere.it\/newsletter\/?id=53\" style=\"text-decoration: underline;\" rel=\"nofollow noopener\" target=\"_blank\">newsletter di Login<\/a><\/p>\n<p class=\"is-last-update\" datetime=\"2026-09-05T14:12:15+02:00\">3 settembre 2026 ( modifica il 5 settembre 2026 | 14:12)<\/p>\n<p class=\"is-copyright\">\n            \u00a9 RIPRODUZIONE RISERVATA\n        <\/p>\n","protected":false},"excerpt":{"rendered":"Hisense lancia all&#8217;Ifa di Berlino 2026 la sua piattaforma V AIOS per andare oltre i televisori, che restano&hellip;\n","protected":false},"author":3,"featured_media":667303,"comment_status":"","ping_status":"","sticky":false,"template":"","format":"standard","meta":{"footnotes":"","_share_on_mastodon":"0"},"categories":[173],"tags":[1237,367699,666,2333,6475,14807,104,2205,384,43534,367700,77952,10121,9002,1278,7052,7884,20688,16872,21735,6777,67267,27123,1346,31737,8081,43709,367701,64514,82182,667,668,10563,204,1537,90,89,50170,63397,367702,13495,367703,18494,4044,367697,11798,1693,367704,47874,2511,11630,7473,63223,1465,33914,4696,1434,900,11318,367705,176315,367706,367707,176313,367698,195,198,199,197,200,201,194,196,128043,185521,253],"class_list":["post-667302","post","type-post","status-publish","format-standard","has-post-thumbnail","category-scienza-e-tecnologia","tag-aggiunge","tag-aios","tag-artificiale","tag-base","tag-berlino","tag-blu","tag-centro","tag-chiama","tag-cinese","tag-colosso","tag-colosso-pollici","tag-compatta","tag-condizionatore","tag-consumo","tag-davvero","tag-dichiara","tag-direttamente","tag-domestica","tag-domestico","tag-elettrodomestici","tag-elettronica","tag-elettronica-consumo","tag-forno","tag-fronte","tag-gamma","tag-hi","tag-hisense","tag-hisense-dichiara","tag-ifa","tag-impiega","tag-intelligenza","tag-intelligenza-artificiale","tag-interna","tag-intrattenimento","tag-it","tag-italia","tag-italy","tag-kg","tag-laser","tag-laser-tv","tag-lavatrice","tag-lavatrice-condizionatore","tag-luce","tag-macchina","tag-miniled","tag-mostrano","tag-nome","tag-pampalone","tag-pannelli","tag-passaggio","tag-peso","tag-piattaforma","tag-pollici","tag-pro","tag-protocollo","tag-prova","tag-resta","tag-restano","tag-resto","tag-retroilluminati","tag-retroilluminazione","tag-retroilluminazione-rgb","tag-retroilluminazione-rgb-miniled","tag-rgb","tag-rgb-miniled","tag-science","tag-science-and-technology","tag-scienceandtechnology","tag-scienza","tag-scienza-e-tecnologia","tag-scienzaetecnologia","tag-technology","tag-tecnologia","tag-televisore","tag-televisori","tag-tv"],"share_on_mastodon":{"url":"","error":"Validation failed: Text character limit of 500 exceeded"},"_links":{"self":[{"href":"https:\/\/www.europesays.com\/it\/wp-json\/wp\/v2\/posts\/667302","targetHints":{"allow":["GET"]}}],"collection":[{"href":"https:\/\/www.europesays.com\/it\/wp-json\/wp\/v2\/posts"}],"about":[{"href":"https:\/\/www.europesays.com\/it\/wp-json\/wp\/v2\/types\/post"}],"author":[{"embeddable":true,"href":"https:\/\/www.europesays.com\/it\/wp-json\/wp\/v2\/users\/3"}],"replies":[{"embeddable":true,"href":"https:\/\/www.europesays.com\/it\/wp-json\/wp\/v2\/comments?post=667302"}],"version-history":[{"count":0,"href":"https:\/\/www.europesays.com\/it\/wp-json\/wp\/v2\/posts\/667302\/revisions"}],"wp:featuredmedia":[{"embeddable":true,"href":"https:\/\/www.europesays.com\/it\/wp-json\/wp\/v2\/media\/667303"}],"wp:attachment":[{"href":"https:\/\/www.europesays.com\/it\/wp-json\/wp\/v2\/media?parent=667302"}],"wp:term":[{"taxonomy":"category","embeddable":true,"href":"https:\/\/www.europesays.com\/it\/wp-json\/wp\/v2\/categories?post=667302"},{"taxonomy":"post_tag","embeddable":true,"href":"https:\/\/www.europesays.com\/it\/wp-json\/wp\/v2\/tags?post=667302"}],"curies":[{"name":"wp","href":"https:\/\/api.w.org\/{rel}","templated":true}]}}