{"id":667392,"date":"2026-09-06T04:26:21","date_gmt":"2026-09-06T04:26:21","guid":{"rendered":"https:\/\/www.europesays.com\/it\/667392\/"},"modified":"2026-09-06T04:26:21","modified_gmt":"2026-09-06T04:26:21","slug":"giro-del-veneto-elite-under-23-al-via-il-10-settembre-la-nuova-edizione-in-tre-tappe-nelle-province-di-padova-vicenza-e-verona","status":"publish","type":"post","link":"https:\/\/www.europesays.com\/it\/667392\/","title":{"rendered":"Giro del Veneto Elite-Under 23: al via il 10 settembre la nuova edizione in tre tappe nelle province di Padova, Vicenza e Verona"},"content":{"rendered":"<p>Partir\u00e0 da <a href=\"https:\/\/www.ilgazzettino.it\/t\/piazzola-sul-brenta\" rel=\"nofollow noopener\" target=\"_blank\">Piazzola sul Brenta<\/a>, con una cronometro sulla distanza di mille metri, la 34\u00b0 edizione del <a href=\"https:\/\/www.ilgazzettino.it\/t\/giro-del-veneto\" rel=\"nofollow noopener\" target=\"_blank\">Giro del Veneto<\/a> a tappe per Elite-Under 23. La manifestazione, inserita nel calendario nazionale, \u00e8 curata dalla Organizzazione Eventi Sportivi di Adriano Zambon che ieri l&#8217;ha presentata nella sala consiliare piazzolese assieme agli assessori Igor Callegari e Achille Zambon e al comandante della Polizia locale del Distretto Medio Brenta, Filippo Bovo.<\/p>\n<p>    &#13;<\/p>\n<p>APPROFONDIMENTI<\/p>\n<p>&#13;<\/p>\n<p>                            &#13;<br \/>\n                                            &#13;<br \/>\n                            <a href=\"https:\/\/www.ilgazzettino.it\/nordest\/padova\/mattia_daniele_vanessa_bacchin_ciclismo_campioni-9695715.html\" rel=\"nofollow noopener\" target=\"_blank\">&#13;<br \/>\n                                                                <img decoding=\"async\" src=\"https:\/\/www.europesays.com\/it\/wp-content\/uploads\/2026\/09\/9695715_07115032_mattia_daniele_vanessa_bacchin_ciclismo_campioni.jpg\"\/>&#13;<br \/>\n                            <\/a>&#13;<br \/>\n                        &#13;<br \/>\n                                        &#13;<\/p>\n<p>                            &#13;<br \/>\n                                            &#13;<br \/>\n                            <a href=\"https:\/\/www.ilgazzettino.it\/nordest\/belluno\/giro_del_lago_4mila_iscritti_33mila_euro_associazioni_alpago-9710512.html\" rel=\"nofollow noopener\" target=\"_blank\">&#13;<br \/>\n                                                                <img decoding=\"async\" src=\"https:\/\/www.europesays.com\/it\/wp-content\/uploads\/2026\/09\/9710512_17122149_giro_del_lago_4mila_iscritti_33mila_euro_associazioni_alpago.jpg\"\/>&#13;<br \/>\n                            <\/a>&#13;<br \/>\n                        &#13;<br \/>\n                                        &#13;<\/p>\n<p>        &#13;<\/p>\n<p>L&#8217;edizione <\/p>\n<p>L&#8217;edizione 2026 \u00e8 articolata in tre tappe per un totale di 287 chilometri, con un dislivello complessivo di circa 2.000 metri. Il via \u00e8 previsto per gioved\u00ec prossimo (10 settembre) con un cronoprologo di 1.000 metri nel cuore di Piazzola sul Brenta. Una prova velocissima quella che vedr\u00e0 gli atleti sfidarsi lungo via Camerini, con un finale particolarmente scenografico proprio all&#8217;entrata di Villa Contarini. Questo primo atto sar\u00e0 dedicato alla memoria di un grande dirigente del ciclismo veneto come Carlo Endrizzi che seppe portare in alto i colori del Veloce Club Piazzola. Lo start alle 16.<br \/>Cos\u00ecn l&#8217;assessore ai Lavori pubblici ed ex ciclista Igor Callegari: \u00abDopo la partenza del Giro d&#8217;Italia, accogliamo un altro grande evento ciclistico. Siamo felici ed orgogliosi di ospitare il primo atto del Giro del Veneto dedicato alla memoria di Carlo Endrizzi che ha fatto molto per il <a href=\"https:\/\/www.ilgazzettino.it\/t\/ciclismo\" rel=\"nofollow noopener\" target=\"_blank\">ciclismo<\/a> nel nostro territorio e poi perch\u00e8 nel nostro Comune aumentano anno dopo anno le presenze legate al cicloturismo\u00bb.<br \/>A portare i saluti di Valter Milani, primo cittadino di Piazzola, \u00e8 stato poi l&#8217;assessore allo Sport, Achille Zambon: \u00abGrazie alla sinergia con l&#8217;Organizzazione Eventi Sportivi allestiremo questo chilometro velocissimo che promette novanta minuti di grande spettacolo: gli atleti partiranno ogni secondi e si sfideranno sul filo del cronometro\u00bb.<\/p>\n<p>Le altre tappe <\/p>\n<p>Venerd\u00ec 11 la carovana sar\u00e0 in terra vicentina con la Recoaro Terme-Quinto Vicentino di 146 chilometri e sabato 12 ecco la Sossano (<a href=\"https:\/\/www.ilgazzettino.it\/t\/vicenza\" rel=\"nofollow noopener\" target=\"_blank\">Vicenza<\/a>)-Bosco Chiesanuova (<a href=\"https:\/\/www.ilgazzettino.it\/t\/verona\" rel=\"nofollow noopener\" target=\"_blank\">Verona<\/a>) di 140 chilometri.<br \/>\u00abSono venticinque le squadre attese al via con 160 iscritti &#8211; ha illustrato Adriano Zambon &#8211; Quattro le compagini straniere: la nazionale Ucraina, la britannica Zappi Racing Team, gli svizzeri del Vc Mendrisio e i belgi della Dl Chemicals che lo scorso anno si aggiudicarono il successo finale con il promettente Ferre Geeraerts. Poi Sc Padovani Polo Cherry Bank, Solme Olmo Arvedi, Uc Trevigiani Energiapura Marchiol e Biesse Carrera Premac\u00bb.<\/p>\n<p>Occasione <\/p>\n<p>Il Giro del Veneto \u00e8 una concreta occasione di lancio per quegli atleti che mirano ad un posto nella nazionale Under 23 che sar\u00e0 protagonista a fine mese ai campionati del mondo su strada in Canada. \u00abSette le maglie in palio &#8211; ha spiegato il segretario Antonio Pegoraro &#8211; realizzate da Volata. La pi\u00f9 ambita la maglia rosso Venezia griffata da Clone-Stampaggio Materie Plastiche del leader della classifica generale\u00bb.<br \/>Messaggi di saluto sono giunti dai sindaci di Recoaro Terme, Quinto Vicentino, Sossano e Bosco Chiesanuova. \u00abAbbiamo messo in cantiere un&#8217;edizione del Giro del Veneto equilibrata, avvincente e aperta ad ogni soluzione &#8211; ha evidenziato l&#8217;organizzatore Zambon &#8211; Ringrazio i volontari, gli sponsor e le istituzioni che sono al nostro fianco e che rendono possibile tutto questo ed invito il pubblico sulle strade ad applaudire i corridori\u00bb.<\/p>\n","protected":false},"excerpt":{"rendered":"Partir\u00e0 da Piazzola sul Brenta, con una cronometro sulla distanza di mille metri, la 34\u00b0 edizione del Giro&hellip;\n","protected":false},"author":3,"featured_media":667393,"comment_status":"","ping_status":"","sticky":false,"template":"","format":"standard","meta":{"footnotes":"","_share_on_mastodon":"0"},"categories":[1456],"tags":[1824,1825,22059,1537,90,89,93700,245,244,6302,21243],"class_list":["post-667392","post","type-post","status-publish","format-standard","has-post-thumbnail","category-ciclismo","tag-ciclismo","tag-cycling","tag-giro-del-veneto","tag-it","tag-italia","tag-italy","tag-piazzola-sul-brenta","tag-sport","tag-sports","tag-verona","tag-vicenza"],"share_on_mastodon":{"url":"https:\/\/pubeurope.com\/@it\/117222205110261137","error":""},"_links":{"self":[{"href":"https:\/\/www.europesays.com\/it\/wp-json\/wp\/v2\/posts\/667392","targetHints":{"allow":["GET"]}}],"collection":[{"href":"https:\/\/www.europesays.com\/it\/wp-json\/wp\/v2\/posts"}],"about":[{"href":"https:\/\/www.europesays.com\/it\/wp-json\/wp\/v2\/types\/post"}],"author":[{"embeddable":true,"href":"https:\/\/www.europesays.com\/it\/wp-json\/wp\/v2\/users\/3"}],"replies":[{"embeddable":true,"href":"https:\/\/www.europesays.com\/it\/wp-json\/wp\/v2\/comments?post=667392"}],"version-history":[{"count":0,"href":"https:\/\/www.europesays.com\/it\/wp-json\/wp\/v2\/posts\/667392\/revisions"}],"wp:featuredmedia":[{"embeddable":true,"href":"https:\/\/www.europesays.com\/it\/wp-json\/wp\/v2\/media\/667393"}],"wp:attachment":[{"href":"https:\/\/www.europesays.com\/it\/wp-json\/wp\/v2\/media?parent=667392"}],"wp:term":[{"taxonomy":"category","embeddable":true,"href":"https:\/\/www.europesays.com\/it\/wp-json\/wp\/v2\/categories?post=667392"},{"taxonomy":"post_tag","embeddable":true,"href":"https:\/\/www.europesays.com\/it\/wp-json\/wp\/v2\/tags?post=667392"}],"curies":[{"name":"wp","href":"https:\/\/api.w.org\/{rel}","templated":true}]}}